{"id":543254,"date":"2024-07-06T00:57:36","date_gmt":"2024-07-06T04:57:36","guid":{"rendered":"https:\/\/diariodominicano.com\/?p=543254"},"modified":"2024-07-06T00:57:40","modified_gmt":"2024-07-06T04:57:40","slug":"invitan-a-honrar-heroes-y-martires","status":"publish","type":"post","link":"https:\/\/diariodominicano.com\/?p=543254","title":{"rendered":"Invitan  a honrar  h\u00e9roes y m\u00e1rtires"},"content":{"rendered":"\n<p><em>Tributo a Francisco del Rosario S\u00e1nchez, h\u00e9roe nacional, Padre de la Patria<\/em><\/p>\n\n\n\n<p>La Fuerza Boschista de respaldo al Partido de la Liberaci\u00f3n Dominicana (PLD), se sum\u00f3 a la iniciativa del Instituto Duartiano, conmemorando, con diversos actos la fecha del fallecimiento del Padre de la Patria, Francisco del Rosario S\u00e1nchez.<\/p>\n\n\n\n<p>\u00abEl 4 de julio la Rep\u00fablica Dominicana conmemora el 173 de aniversario del vil fusilamiento del gran pr\u00f3cer Francisco del Rosario S\u00e1nchez, quien iz\u00f3 por primera vez la bandera Nacional y a quien Juan Pablo Duarte encomend\u00f3, la puesta en marcha de la proclamaci\u00f3n de la independencia nacional aquella noche hist\u00f3rica del 27 de febrero de 1844\u00bb, record\u00f3 el profesor Luis de Le\u00f3n, coordinador de la Fuerza Boschista<\/p>\n\n\n\n<p>Explic\u00f3 que es necesario llamar la atenci\u00f3n de la Rep\u00fablica Dominicana, en estos momentos que est\u00e1 en una situaci\u00f3n de tribulaci\u00f3n, amenazada por la Comunidad Internacional, Estados Unidos, Francia y Canad\u00e1 respecto al hecho de la soluci\u00f3n del problema haitiano donde est\u00e1n, en estos momentos, las tropas de Kenia en ese pa\u00eds.<\/p>\n\n\n\n<p>&nbsp;\u00abFrancisco de Rosario fue el primero que se inmol\u00f3 despu\u00e9s de la anexi\u00f3n a Espa\u00f1a que se hab\u00eda&nbsp;&nbsp; producido en este mismo a\u00f1o 1861. Penetr\u00f3 al pa\u00eds desde el exilio por Hait\u00ed y dijo la frase hist\u00f3rica \u00abentro por Hait\u00ed porque no puedo hacerlo por otra parte, pero si alguien quiere mancillar mi nombre d\u00edgale que soy la bandera dominicana\u00bb, narr\u00f3 De Le\u00f3n narrando ese episodio de la historia.<\/p>\n\n\n\n<p>Revel\u00f3 que la conmemoraci\u00f3n de la fecha del fusilamiento de Francisco del Rosario S\u00e1nchez no puede pasar inadvertida para los dominicanos.<\/p>\n\n\n\n<p>\u00abHay que ver al pa\u00eds y a la naci\u00f3n dominicana, \u00bfC\u00f3mo puede pasar inadvertido la conmemoraci\u00f3n del fusilamiento de Rosario S\u00e1nchez por parte del traidor Pedro Santana ?, C\u00f3mo puede en momentos en que la Rep\u00fablica Dominicana est\u00e1 ante el mundo y que hemos observado que el canciller de la Rep\u00fablica y el gobierno en el marco en el marco la ONU del Consejo de Seguridad plante\u00f3 que la Rep\u00fablica Dominicana va a cooperar en t\u00e9rminos m\u00e9dicos con las Tropas, con la situaci\u00f3n de la crisis de Hait\u00ed. Eso huele a peligro porque una cooperaci\u00f3n de la Rep\u00fablica Dominicana con esta ocupaci\u00f3n que hay en Hait\u00ed se constituye un acto de provocaci\u00f3n para que se traslade desde Hait\u00ed la crisis de confrontaci\u00f3n, la guerra de las pandillas y de las tropas kenianas \u00ab, asegur\u00f3.<\/p>\n\n\n\n<p><strong>SECRETAR\u00cdA DE COMUNICACIONES<\/strong><\/p>\n\n\n\n<p><strong>05 DE JULIO, 2024.-<\/strong><\/p>\n","protected":false},"excerpt":{"rendered":"<p>Tributo a Francisco del Rosario S\u00e1nchez, h\u00e9roe nacional, Padre de la Patria La Fuerza Boschista de respaldo al Partido de la Liberaci\u00f3n Dominicana (PLD), se sum\u00f3 a la iniciativa del Instituto Duartiano, conmemorando, con diversos actos la fecha del fallecimiento del Padre de la Patria, Francisco del Rosario S\u00e1nchez. \u00abEl 4 de julio la Rep\u00fablica [&hellip;]<\/p>\n","protected":false},"author":28,"featured_media":543255,"comment_status":"closed","ping_status":"closed","sticky":false,"template":"","format":"standard","meta":{"footnotes":""},"categories":[36,26,22],"tags":[],"class_list":["post-543254","post","type-post","status-publish","format-standard","has-post-thumbnail","hentry","category-hombresmujeresycosas","category-efemerides","category-politica"],"_links":{"self":[{"href":"https:\/\/diariodominicano.com\/index.php?rest_route=\/wp\/v2\/posts\/543254","targetHints":{"allow":["GET"]}}],"collection":[{"href":"https:\/\/diariodominicano.com\/index.php?rest_route=\/wp\/v2\/posts"}],"about":[{"href":"https:\/\/diariodominicano.com\/index.php?rest_route=\/wp\/v2\/types\/post"}],"author":[{"embeddable":true,"href":"https:\/\/diariodominicano.com\/index.php?rest_route=\/wp\/v2\/users\/28"}],"replies":[{"embeddable":true,"href":"https:\/\/diariodominicano.com\/index.php?rest_route=%2Fwp%2Fv2%2Fcomments&post=543254"}],"version-history":[{"count":1,"href":"https:\/\/diariodominicano.com\/index.php?rest_route=\/wp\/v2\/posts\/543254\/revisions"}],"predecessor-version":[{"id":543256,"href":"https:\/\/diariodominicano.com\/index.php?rest_route=\/wp\/v2\/posts\/543254\/revisions\/543256"}],"wp:featuredmedia":[{"embeddable":true,"href":"https:\/\/diariodominicano.com\/index.php?rest_route=\/wp\/v2\/media\/543255"}],"wp:attachment":[{"href":"https:\/\/diariodominicano.com\/index.php?rest_route=%2Fwp%2Fv2%2Fmedia&parent=543254"}],"wp:term":[{"taxonomy":"category","embeddable":true,"href":"https:\/\/diariodominicano.com\/index.php?rest_route=%2Fwp%2Fv2%2Fcategories&post=543254"},{"taxonomy":"post_tag","embeddable":true,"href":"https:\/\/diariodominicano.com\/index.php?rest_route=%2Fwp%2Fv2%2Ftags&post=543254"}],"curies":[{"name":"wp","href":"https:\/\/api.w.org\/{rel}","templated":true}]}}