{"id":543251,"date":"2024-07-06T00:48:52","date_gmt":"2024-07-06T04:48:52","guid":{"rendered":"https:\/\/diariodominicano.com\/?p=543251"},"modified":"2024-07-06T00:48:55","modified_gmt":"2024-07-06T04:48:55","slug":"comunicadores-y-comunitarios-visitan-mina-cormidom-en-maimon","status":"publish","type":"post","link":"https:\/\/diariodominicano.com\/?p=543251","title":{"rendered":"Comunicadores y comunitarios visitan mina \u00abCormidom\u00bb en Maim\u00f3n"},"content":{"rendered":"\n<p>MAIMON, RD: Comunicadores y comunitarios de Bayaguana, acudieron a las instalaciones de la empresa que realiza trabajos de investigaci\u00f3n en el referido municipio, espec\u00edficamente en la zona de la Loma Managu\u00e1 con el objetivo de conocer la verdad.<\/p>\n\n\n\n<p>Esta visita surge a ra\u00edz de la intenci\u00f3n de la empresa, Cormidom, &nbsp;de dar a conocer el proceso que realiza actualmente, adem\u00e1s de que las personas puedan constatar la repercusi\u00f3n que causan estas investigaciones.<\/p>\n\n\n\n<p>La empresa aprovech\u00f3 para &nbsp;aclarar los puntos en referencia a los permisos pertinentes que posee &nbsp;para investigar el \u00e1rea antes definida, adem\u00e1s de una amplia concientizaci\u00f3n con respecto a los procesos ejecutados y\/a ejecutar dentro del municipio. &nbsp;<\/p>\n\n\n\n<p>Aclar\u00f3 y mostr\u00f3 pruebas suficientes de que sus operaciones de investigaci\u00f3n son ejecutadas bajo los m\u00e1s estrictos cuidados, adem\u00e1s de poseer un programa de recuperaci\u00f3n.<\/p>\n\n\n\n<p>\u00abLos visitantes manifestaron satisfacci\u00f3n con las informaciones recibidas, resaltando que es necesario no dejarse llevar de lo que se dice, sino trasladarse a la mina y con sus propios ojos ver la verdad, mencionaron la necesidad de brindarle a Bayaguana la oportunidad de abrirse al desarrollo y ser participes de este\u00bb.<\/p>\n\n\n\n<p>Ohelmis Sanchez<\/p>\n\n\n\n<p><a href=\"mailto:ohelmiselfarodelsurde@gmail.com\" target=\"_blank\" rel=\"noreferrer noopener\">ohelmiselfarodelsurde@gmail.com<\/a><\/p>\n","protected":false},"excerpt":{"rendered":"<p>MAIMON, RD: Comunicadores y comunitarios de Bayaguana, acudieron a las instalaciones de la empresa que realiza trabajos de investigaci\u00f3n en el referido municipio, espec\u00edficamente en la zona de la Loma Managu\u00e1 con el objetivo de conocer la verdad. Esta visita surge a ra\u00edz de la intenci\u00f3n de la empresa, Cormidom, &nbsp;de dar a conocer el [&hellip;]<\/p>\n","protected":false},"author":28,"featured_media":543252,"comment_status":"closed","ping_status":"closed","sticky":false,"template":"","format":"standard","meta":{"footnotes":""},"categories":[36,25],"tags":[],"class_list":["post-543251","post","type-post","status-publish","format-standard","has-post-thumbnail","hentry","category-hombresmujeresycosas","category-gente"],"_links":{"self":[{"href":"https:\/\/diariodominicano.com\/index.php?rest_route=\/wp\/v2\/posts\/543251","targetHints":{"allow":["GET"]}}],"collection":[{"href":"https:\/\/diariodominicano.com\/index.php?rest_route=\/wp\/v2\/posts"}],"about":[{"href":"https:\/\/diariodominicano.com\/index.php?rest_route=\/wp\/v2\/types\/post"}],"author":[{"embeddable":true,"href":"https:\/\/diariodominicano.com\/index.php?rest_route=\/wp\/v2\/users\/28"}],"replies":[{"embeddable":true,"href":"https:\/\/diariodominicano.com\/index.php?rest_route=%2Fwp%2Fv2%2Fcomments&post=543251"}],"version-history":[{"count":1,"href":"https:\/\/diariodominicano.com\/index.php?rest_route=\/wp\/v2\/posts\/543251\/revisions"}],"predecessor-version":[{"id":543253,"href":"https:\/\/diariodominicano.com\/index.php?rest_route=\/wp\/v2\/posts\/543251\/revisions\/543253"}],"wp:featuredmedia":[{"embeddable":true,"href":"https:\/\/diariodominicano.com\/index.php?rest_route=\/wp\/v2\/media\/543252"}],"wp:attachment":[{"href":"https:\/\/diariodominicano.com\/index.php?rest_route=%2Fwp%2Fv2%2Fmedia&parent=543251"}],"wp:term":[{"taxonomy":"category","embeddable":true,"href":"https:\/\/diariodominicano.com\/index.php?rest_route=%2Fwp%2Fv2%2Fcategories&post=543251"},{"taxonomy":"post_tag","embeddable":true,"href":"https:\/\/diariodominicano.com\/index.php?rest_route=%2Fwp%2Fv2%2Ftags&post=543251"}],"curies":[{"name":"wp","href":"https:\/\/api.w.org\/{rel}","templated":true}]}}