{"id":543247,"date":"2024-07-06T00:32:38","date_gmt":"2024-07-06T04:32:38","guid":{"rendered":"https:\/\/diariodominicano.com\/?p=543247"},"modified":"2024-07-06T00:32:43","modified_gmt":"2024-07-06T04:32:43","slug":"ee-uu-saluda-al-pueblo-argelino-en-el-dia-nacional-de-argelia","status":"publish","type":"post","link":"https:\/\/diariodominicano.com\/?p=543247","title":{"rendered":"EE. UU. saluda al pueblo argelino en el D\u00eda Nacional de Argelia"},"content":{"rendered":"\n<p>Antony J. Blinken, Secretario de Estado<\/p>\n\n\n\n<p><a href=\"https:\/\/lnks.gd\/l\/eyJhbGciOiJIUzI1NiJ9.eyJidWxsZXRpbl9saW5rX2lkIjoxMDEsInVyaSI6ImJwMjpjbGljayIsInVybCI6Imh0dHBzOi8vd3d3LnN0YXRlLmdvdiIsImJ1bGxldGluX2lkIjoiMjAyNDA3MDUuOTcyMDYzMzEifQ.6rXSiVmSsFJSmJVoy31POGTT5SMZePL3rXG37GUvOCQ\/s\/1375542893\/br\/245294635823-l\" target=\"_blank\" rel=\"noreferrer noopener\">Hogar<\/a>\u00a0<a href=\"https:\/\/lnks.gd\/l\/eyJhbGciOiJIUzI1NiJ9.eyJidWxsZXRpbl9saW5rX2lkIjoxMDIsInVyaSI6ImJwMjpjbGljayIsInVybCI6Imh0dHBzOi8vd3d3LnN0YXRlLmdvdi9idXJlYXVzLW9mZmljZXMvdW5kZXItc2VjcmV0YXJ5LWZvci1wdWJsaWMtZGlwbG9tYWN5LWFuZC1wdWJsaWMtYWZmYWlycy9idXJlYXUtb2YtZ2xvYmFsLXB1YmxpYy1hZmZhaXJzL29mZmljZS1vZi10aGUtc3Bva2VzcGVyc29uLyIsImJ1bGxldGluX2lkIjoiMjAyNDA3MDUuOTcyMDYzMzEifQ.5zDNAZmTrasetGIiJIHCXHth0cdE5AEftudn_l08jWI\/s\/1375542893\/br\/245294635823-l\" target=\"_blank\" rel=\"noreferrer noopener\">Oficina del Portavoz<\/a>\u00a0<a href=\"http:\/\/press-releases\/\" target=\"_blank\" rel=\"noreferrer noopener\">Comunicados de prensa<\/a><\/p>\n\n\n\n<p>5 de julio de 2024<\/p>\n\n\n\n<p>En nombre de los Estados Unidos de Am\u00e9rica, felicito al Gobierno de Argelia y al pueblo argelino en su celebraci\u00f3n del D\u00eda de la Independencia el 5 de julio.<\/p>\n\n\n\n<p>El hecho de que Estados Unidos y Argelia celebren nuestras fiestas nacionales con solo un d\u00eda de diferencia es un s\u00edmbolo de los estrechos v\u00ednculos entre nuestras dos naciones. Nuestro compromiso compartido con la libertad y la independencia sustenta nuestra relaci\u00f3n bilateral hist\u00f3rica y en expansi\u00f3n. La Administraci\u00f3n Biden espera seguir trabajando con Argelia para aumentar el comercio, fomentar los intercambios educativos y los v\u00ednculos entre pueblos y promover nuestros objetivos mutuos de paz y estabilidad regionales. Conf\u00edo en que nuestra cooperaci\u00f3n continuar\u00e1 este a\u00f1o y en los a\u00f1os venideros.<\/p>\n\n\n\n<p>Mis mejores deseos para todos los argelinos en este D\u00eda de la Independencia.<\/p>\n\n\n\n<p>U.S. Department of State<\/p>\n\n\n\n<p><a target=\"_blank\" href=\"mailto:usstatebpa@public.govdelivery.com\" rel=\"noreferrer noopener\">usstatebpa@public.govdelivery<\/a><\/p>\n\n\n\n<p>05\/07\/2024 11:13 a.m.EDT<\/p>\n","protected":false},"excerpt":{"rendered":"<p>Antony J. Blinken, Secretario de Estado Hogar\u00a0Oficina del Portavoz\u00a0Comunicados de prensa 5 de julio de 2024 En nombre de los Estados Unidos de Am\u00e9rica, felicito al Gobierno de Argelia y al pueblo argelino en su celebraci\u00f3n del D\u00eda de la Independencia el 5 de julio. El hecho de que Estados Unidos y Argelia celebren nuestras [&hellip;]<\/p>\n","protected":false},"author":28,"featured_media":482266,"comment_status":"closed","ping_status":"closed","sticky":false,"template":"","format":"standard","meta":{"footnotes":""},"categories":[26,23],"tags":[],"class_list":["post-543247","post","type-post","status-publish","format-standard","has-post-thumbnail","hentry","category-efemerides","category-internacional"],"_links":{"self":[{"href":"https:\/\/diariodominicano.com\/index.php?rest_route=\/wp\/v2\/posts\/543247","targetHints":{"allow":["GET"]}}],"collection":[{"href":"https:\/\/diariodominicano.com\/index.php?rest_route=\/wp\/v2\/posts"}],"about":[{"href":"https:\/\/diariodominicano.com\/index.php?rest_route=\/wp\/v2\/types\/post"}],"author":[{"embeddable":true,"href":"https:\/\/diariodominicano.com\/index.php?rest_route=\/wp\/v2\/users\/28"}],"replies":[{"embeddable":true,"href":"https:\/\/diariodominicano.com\/index.php?rest_route=%2Fwp%2Fv2%2Fcomments&post=543247"}],"version-history":[{"count":1,"href":"https:\/\/diariodominicano.com\/index.php?rest_route=\/wp\/v2\/posts\/543247\/revisions"}],"predecessor-version":[{"id":543248,"href":"https:\/\/diariodominicano.com\/index.php?rest_route=\/wp\/v2\/posts\/543247\/revisions\/543248"}],"wp:featuredmedia":[{"embeddable":true,"href":"https:\/\/diariodominicano.com\/index.php?rest_route=\/wp\/v2\/media\/482266"}],"wp:attachment":[{"href":"https:\/\/diariodominicano.com\/index.php?rest_route=%2Fwp%2Fv2%2Fmedia&parent=543247"}],"wp:term":[{"taxonomy":"category","embeddable":true,"href":"https:\/\/diariodominicano.com\/index.php?rest_route=%2Fwp%2Fv2%2Fcategories&post=543247"},{"taxonomy":"post_tag","embeddable":true,"href":"https:\/\/diariodominicano.com\/index.php?rest_route=%2Fwp%2Fv2%2Ftags&post=543247"}],"curies":[{"name":"wp","href":"https:\/\/api.w.org\/{rel}","templated":true}]}}