{"id":543222,"date":"2024-07-05T23:05:46","date_gmt":"2024-07-06T03:05:46","guid":{"rendered":"https:\/\/diariodominicano.com\/?p=543222"},"modified":"2024-07-05T23:05:50","modified_gmt":"2024-07-06T03:05:50","slug":"celebran-en-colombia-declaracion-de-independencia-de-venezuela-foto","status":"publish","type":"post","link":"https:\/\/diariodominicano.com\/?p=543222","title":{"rendered":"Celebran en Colombia Declaraci\u00f3n de Independencia de Venezuela (+Foto)"},"content":{"rendered":"\n<figure class=\"wp-block-image\"><img decoding=\"async\" src=\"https:\/\/www.prensa-latina.cu\/wp-content\/uploads\/2024\/07\/colombia-celebra-independencia-venezuela-1.jpg\" alt=\"celebran-en-colombia-declaracion-de-independencia-de-venezuela\" class=\"wp-image-1042420\"\/><\/figure>\n\n\n\n<p>Bogot\u00e1, 5 jul (Prensa Latina) El Aniversario 213 de la Declaraci\u00f3n de Independencia de Venezuela fue celebrado en la capital colombiana, en la residencia del embajador de la Rep\u00fablica Bolivariana, en un acto al que acudieron miembros del personal diplom\u00e1tico acreditado aqu\u00ed.<\/p>\n\n\n\n<ul class=\"wp-block-list\">\n<li><a href=\"https:\/\/www.prensa-latina.cu\/2024\/07\/05\/\"><time>julio 5, 2024 | 17:26<\/time><\/a><\/li>\n<\/ul>\n\n\n\n<ul class=\"wp-block-list\">\n<li><a href=\"https:\/\/www.prensa-latina.cu\/2024\/07\/05\/celebran-en-colombia-declaracion-de-independencia-de-venezuela\/#\"><\/a><\/li>\n\n\n\n<li><a href=\"https:\/\/www.prensa-latina.cu\/2024\/07\/05\/celebran-en-colombia-declaracion-de-independencia-de-venezuela\/#\"><\/a><\/li>\n\n\n\n<li><a href=\"https:\/\/www.prensa-latina.cu\/2024\/07\/05\/celebran-en-colombia-declaracion-de-independencia-de-venezuela\/#\"><\/a><\/li>\n\n\n\n<li><a href=\"https:\/\/www.prensa-latina.cu\/2024\/07\/05\/celebran-en-colombia-declaracion-de-independencia-de-venezuela\/#\"><\/a><\/li>\n<\/ul>\n\n\n\n<p>La actividad tuvo por inicio un homenaje a El Libertador, Sim\u00f3n Bol\u00edvar, con la colocaci\u00f3n de una ofrenda floral por parte del vicecanciller de Venezuela Jorge Rojas, la senadora de Colombia Gloria Fl\u00f3rez y el encargado de negocios designado por Caracas, Jos\u00e9 F\u00e9lix \u00c1lvarez.<\/p>\n\n\n\n<p>Posteriormente, la congresista Fl\u00f3rez asegur\u00f3 a los presentes que su pa\u00eds considera la efem\u00e9rides como una celebraci\u00f3n propia porque se trata de una fecha patria de un pa\u00eds hermano.<\/p>\n\n\n\n<p>Afirm\u00f3 que el acto es tambi\u00e9n es un homenaje a los pueblos originarios, v\u00edctimas de atropellos, pero que con su resistencia lograron abrir los caminos de la independencia.<\/p>\n\n\n\n<figure class=\"wp-block-image\"><img decoding=\"async\" src=\"https:\/\/www.prensa-latina.cu\/wp-content\/uploads\/2024\/07\/independencia-vzla.jpg\" alt=\"\" class=\"wp-image-1042485\"\/><\/figure>\n\n\n\n<p>\u201cHoy nos reunimos alrededor de estos 213 a\u00f1os de firma de la independencia de Venezuela, trayendo en la memoria a todos los hombres y mujeres que construyeron este sue\u00f1o y ofrendando tambi\u00e9n nuestro compromiso para hacer de nuestra Am\u00e9rica esa posibilidad de siempre\u201d, expres\u00f3.<\/p>\n\n\n\n<p>Aprovech\u00f3 asimismo para agradecer a pa\u00edses como Venezuela, Cuba, Noruega, M\u00e9xico Chile y tambi\u00e9n a Naciones Unidas y a la Uni\u00f3n Europea por sumarse a los esfuerzos de paz que lleva adelante su pa\u00eds.<\/p>\n\n\n\n<p>Por su parte, el encargado de negocios de Venezuela en Colombia, Jos\u00e9 F\u00e9lix \u00c1lvarez, calific\u00f3 la celebraci\u00f3n como un momento significativo porque marcha una fecha hist\u00f3rica en la que los venezolanos ratificaron su deseo ser libres, soberanos e independientes.<\/p>\n\n\n\n<p>Asegur\u00f3 que, 213 a\u00f1os despu\u00e9s, Venezuela sigue enarbolando las banderas de la paz, de la independencia, de la soberan\u00eda, y de la autodeterminaci\u00f3n de los pueblos.<\/p>\n\n\n\n<p>\u201cLos venezolanos siempre estaremos luchando y combatiendo por nuestra libertad y por nuestra independencia. En nombre del pueblo de Venezuela les ofrecemos nuestros brazos de hermandad, nuestro abrazo de solidaridad y seguimos extendiendo las manos para seguir fortaleciendo la amistad con Colombia y con el resto del mundo\u201d, afirm\u00f3.<\/p>\n\n\n\n<p>rgh\/ifs<\/p>\n","protected":false},"excerpt":{"rendered":"<p>Bogot\u00e1, 5 jul (Prensa Latina) El Aniversario 213 de la Declaraci\u00f3n de Independencia de Venezuela fue celebrado en la capital colombiana, en la residencia del embajador de la Rep\u00fablica Bolivariana, en un acto al que acudieron miembros del personal diplom\u00e1tico acreditado aqu\u00ed. La actividad tuvo por inicio un homenaje a El Libertador, Sim\u00f3n Bol\u00edvar, con [&hellip;]<\/p>\n","protected":false},"author":28,"featured_media":543223,"comment_status":"closed","ping_status":"closed","sticky":false,"template":"","format":"standard","meta":{"footnotes":""},"categories":[26,23],"tags":[],"class_list":["post-543222","post","type-post","status-publish","format-standard","has-post-thumbnail","hentry","category-efemerides","category-internacional"],"_links":{"self":[{"href":"https:\/\/diariodominicano.com\/index.php?rest_route=\/wp\/v2\/posts\/543222","targetHints":{"allow":["GET"]}}],"collection":[{"href":"https:\/\/diariodominicano.com\/index.php?rest_route=\/wp\/v2\/posts"}],"about":[{"href":"https:\/\/diariodominicano.com\/index.php?rest_route=\/wp\/v2\/types\/post"}],"author":[{"embeddable":true,"href":"https:\/\/diariodominicano.com\/index.php?rest_route=\/wp\/v2\/users\/28"}],"replies":[{"embeddable":true,"href":"https:\/\/diariodominicano.com\/index.php?rest_route=%2Fwp%2Fv2%2Fcomments&post=543222"}],"version-history":[{"count":1,"href":"https:\/\/diariodominicano.com\/index.php?rest_route=\/wp\/v2\/posts\/543222\/revisions"}],"predecessor-version":[{"id":543224,"href":"https:\/\/diariodominicano.com\/index.php?rest_route=\/wp\/v2\/posts\/543222\/revisions\/543224"}],"wp:featuredmedia":[{"embeddable":true,"href":"https:\/\/diariodominicano.com\/index.php?rest_route=\/wp\/v2\/media\/543223"}],"wp:attachment":[{"href":"https:\/\/diariodominicano.com\/index.php?rest_route=%2Fwp%2Fv2%2Fmedia&parent=543222"}],"wp:term":[{"taxonomy":"category","embeddable":true,"href":"https:\/\/diariodominicano.com\/index.php?rest_route=%2Fwp%2Fv2%2Fcategories&post=543222"},{"taxonomy":"post_tag","embeddable":true,"href":"https:\/\/diariodominicano.com\/index.php?rest_route=%2Fwp%2Fv2%2Ftags&post=543222"}],"curies":[{"name":"wp","href":"https:\/\/api.w.org\/{rel}","templated":true}]}}