{"id":543219,"date":"2024-07-05T23:00:18","date_gmt":"2024-07-06T03:00:18","guid":{"rendered":"https:\/\/diariodominicano.com\/?p=543219"},"modified":"2024-07-05T23:00:27","modified_gmt":"2024-07-06T03:00:27","slug":"venezuela-reafirma-doctrina-civico-militar-de-revolucion-bolivariana-foto","status":"publish","type":"post","link":"https:\/\/diariodominicano.com\/?p=543219","title":{"rendered":"Venezuela reafirma doctrina c\u00edvico militar de Revoluci\u00f3n bolivariana (+Foto)"},"content":{"rendered":"\n<p>Caracas, 5 jul (Prensa Latina) El presidente de Venezuela, Nicol\u00e1s Maduro, reafirmo hoy el car\u00e1cter c\u00edvico-militar como doctrina de la Revoluci\u00f3n, en el acto por el aniversario 213 de la Declaraci\u00f3n de Independencia y D\u00eda de la Fuerza Armada Nacional Bolivariana (FANB).<\/p>\n\n\n\n<ul class=\"wp-block-list\">\n<li><a href=\"https:\/\/www.prensa-latina.cu\/2024\/07\/05\/\"><time>julio 5, 2024 | 16:37<\/time><\/a><\/li>\n<\/ul>\n\n\n\n<ul class=\"wp-block-list\">\n<li><a href=\"https:\/\/www.prensa-latina.cu\/2024\/07\/05\/venezuela-reafirma-doctrina-civico-militar-de-revolucion-bolivariana\/#\"><\/a><\/li>\n\n\n\n<li><a href=\"https:\/\/www.prensa-latina.cu\/2024\/07\/05\/venezuela-reafirma-doctrina-civico-militar-de-revolucion-bolivariana\/#\"><\/a><\/li>\n\n\n\n<li><a href=\"https:\/\/www.prensa-latina.cu\/2024\/07\/05\/venezuela-reafirma-doctrina-civico-militar-de-revolucion-bolivariana\/#\"><\/a><\/li>\n\n\n\n<li><a href=\"https:\/\/www.prensa-latina.cu\/2024\/07\/05\/venezuela-reafirma-doctrina-civico-militar-de-revolucion-bolivariana\/#\"><\/a><\/li>\n<\/ul>\n\n\n\n<p>En el Patio de Honor de la Academia Militar, acompa\u00f1ado por la primera combatiente y diputada a la Asamblea Nacional, Cilia Flores, el ministro para la Defensa Vladimir Padrino y el alto mando de la FANB, el mandatario se\u00f1al\u00f3 que \u201cel que tenga ojos que vea, el que tenga o\u00eddos que oiga, y bien\u201d.<\/p>\n\n\n\n<p>Ante soldados y oficiales de todas las armas, Maduro indic\u00f3 que su mensaje es la conciencia real y profunda de una Fuerza Armada Nacional Bolivariana refundada en los principios originales anticolonialistas de ra\u00edz de (Francisco) de Miranda, (Antonio Jos\u00e9) de Sucre y (Ezequiel) Zamora.<\/p>\n\n\n\n<figure class=\"wp-block-image\"><img decoding=\"async\" src=\"https:\/\/www.prensa-latina.cu\/wp-content\/uploads\/2024\/07\/ven-maduro-2.jpg\" alt=\"venezuela-reafirma-doctrina-civico-militar-de-revolucion-bolivariana\" class=\"wp-image-1042404\"\/><\/figure>\n\n\n\n<p>Subray\u00f3 que este ej\u00e9rcito naci\u00f3 como una fuerza con sus armas para \u201creventarle el espinazo al imperio m\u00e1s poderoso que ha existido para la \u00e9poca y verlo reducido a cenizas en sus pies\u201d.<\/p>\n\n\n\n<p>De ah\u00ed venimos muchachos, oficiales, soldados, esta es la Fuerza Armada Nacional del general del Pueblo Soberano Ezequiel Zamora, que cantaba en los campos de batalla sobre su caballo, afirm\u00f3.<\/p>\n\n\n\n<p>Maduro se\u00f1al\u00f3 que esta es la FANB de Bol\u00edvar y Zamora y fue refundada por el Comandante Eterno Hugo Ch\u00e1vez (1954-2013) para el renacer en el camino nuevo del siglo XXI, garantizar la integridad territorial de nuestra amada patria y la seguridad interna.<\/p>\n\n\n\n<p>El jefe de Estado remarc\u00f3 que \u201cno hay diferencias, no hay distancias entre pueblo y militares\u201d, porque esa es la doctrina que vio nacer los ej\u00e9rcitos populares de Bol\u00edvar y Zamora.<\/p>\n\n\n\n<p>Subray\u00f3 que la FANB es bolivariana y chavista y basa su orden y fuerza en la uni\u00f3n c\u00edvico militar para garantizar la democracia del pueblo.<\/p>\n\n\n\n<p>El dignatario se\u00f1al\u00f3 que cada prueba la fueron superando en uni\u00f3n, cuando surgieron los traidores y golpistas.<\/p>\n\n\n\n<p>\u201cQue bochorno para esos fascistas, cuanto trataron de invadir Venezuela, los descubrimos, enfrentamos y los derrotamos, que bochorno para quienes los prepararon y financiaron\u201d, expres\u00f3.<\/p>\n\n\n\n<p>Destac\u00f3 que 213 a\u00f1os despu\u00e9s la patria esta en paz, libre, soberana e independiente, para gloria de los \u201cpadres y madres que hicieron su sacrificio para darnos esta tierra libre\u201d.<\/p>\n\n\n\n<p>Como Comandante en Jefe constitucional de la FANB, que lleva las riendas militares de la naci\u00f3n, puedo decir con orgullo: \u201cmisi\u00f3n cumplida, Venezuela est\u00e1 en paz, unida en estabilidad y so\u00f1ando con un futuro promisorio y grande de independencia y felicidad\u201d, signific\u00f3.<\/p>\n\n\n\n<p>Las representaciones de las agrupaciones a\u00e9reas, terrestres y navales mostraron su equipamiento durante el desfile c\u00edvico militar desde el Paseo Monumental de los Pr\u00f3ceres, al que asisti\u00f3 como invitada una peque\u00f1a delegaci\u00f3n de Rusia.<\/p>\n\n\n\n<p>rgh\/jcd<\/p>\n","protected":false},"excerpt":{"rendered":"<p>Caracas, 5 jul (Prensa Latina) El presidente de Venezuela, Nicol\u00e1s Maduro, reafirmo hoy el car\u00e1cter c\u00edvico-militar como doctrina de la Revoluci\u00f3n, en el acto por el aniversario 213 de la Declaraci\u00f3n de Independencia y D\u00eda de la Fuerza Armada Nacional Bolivariana (FANB). En el Patio de Honor de la Academia Militar, acompa\u00f1ado por la primera [&hellip;]<\/p>\n","protected":false},"author":28,"featured_media":543220,"comment_status":"closed","ping_status":"closed","sticky":true,"template":"","format":"standard","meta":{"footnotes":""},"categories":[26,23,27],"tags":[],"class_list":["post-543219","post","type-post","status-publish","format-standard","has-post-thumbnail","hentry","category-efemerides","category-internacional","category-portada"],"_links":{"self":[{"href":"https:\/\/diariodominicano.com\/index.php?rest_route=\/wp\/v2\/posts\/543219","targetHints":{"allow":["GET"]}}],"collection":[{"href":"https:\/\/diariodominicano.com\/index.php?rest_route=\/wp\/v2\/posts"}],"about":[{"href":"https:\/\/diariodominicano.com\/index.php?rest_route=\/wp\/v2\/types\/post"}],"author":[{"embeddable":true,"href":"https:\/\/diariodominicano.com\/index.php?rest_route=\/wp\/v2\/users\/28"}],"replies":[{"embeddable":true,"href":"https:\/\/diariodominicano.com\/index.php?rest_route=%2Fwp%2Fv2%2Fcomments&post=543219"}],"version-history":[{"count":1,"href":"https:\/\/diariodominicano.com\/index.php?rest_route=\/wp\/v2\/posts\/543219\/revisions"}],"predecessor-version":[{"id":543221,"href":"https:\/\/diariodominicano.com\/index.php?rest_route=\/wp\/v2\/posts\/543219\/revisions\/543221"}],"wp:featuredmedia":[{"embeddable":true,"href":"https:\/\/diariodominicano.com\/index.php?rest_route=\/wp\/v2\/media\/543220"}],"wp:attachment":[{"href":"https:\/\/diariodominicano.com\/index.php?rest_route=%2Fwp%2Fv2%2Fmedia&parent=543219"}],"wp:term":[{"taxonomy":"category","embeddable":true,"href":"https:\/\/diariodominicano.com\/index.php?rest_route=%2Fwp%2Fv2%2Fcategories&post=543219"},{"taxonomy":"post_tag","embeddable":true,"href":"https:\/\/diariodominicano.com\/index.php?rest_route=%2Fwp%2Fv2%2Ftags&post=543219"}],"curies":[{"name":"wp","href":"https:\/\/api.w.org\/{rel}","templated":true}]}}