{"id":543200,"date":"2024-07-05T22:28:58","date_gmt":"2024-07-06T02:28:58","guid":{"rendered":"https:\/\/diariodominicano.com\/?p=543200"},"modified":"2024-07-05T22:29:03","modified_gmt":"2024-07-06T02:29:03","slug":"venezuela-celebra-213-anos-de-su-independencia-oposicion-pide-a-la-fuerza-armada-respetar-resultados-electorales","status":"publish","type":"post","link":"https:\/\/diariodominicano.com\/?p=543200","title":{"rendered":"Venezuela celebra 213 a\u00f1os de su independencia; oposici\u00f3n pide a la Fuerza Armada respetar resultados electorales"},"content":{"rendered":"\n<p>ARCHIVO &#8211; Un familiar de un preso en huelga de hambre sostiene una bandera venezolana durante una protesta en la avenida Bol\u00edvar en Caracas, Venezuela, el mi\u00e9rcoles 12 de junio de 2024.<\/p>\n\n\n\n<p>julio 05, 2024<\/p>\n\n\n\n<ul class=\"wp-block-list\">\n<li><a href=\"https:\/\/www.vozdeamerica.com\/author\/carolina-alcalde\/byuyq\">Carolina Alcalde<\/a><\/li>\n<\/ul>\n\n\n\n<hr class=\"wp-block-separator has-alpha-channel-opacity\"\/>\n\n\n\n<p><a href=\"https:\/\/www.vozdeamerica.com\/a\/venezuela-celebra-213-anos-independencia-oposicion-pide-fuerza-armada-respetar-resultados-electorales\/7686433.html#comments\">&nbsp;Vea comentarios&nbsp;(1)<\/a><\/p>\n\n\n\n<p>Venezuela celebra 213 a\u00f1os de independencia y el D\u00eda de la Fuerza Armada Nacional Bolivariana, en medio del inicio de la campa\u00f1a para las elecciones presidenciales y llamados de la oposici\u00f3n para que los militares respeten los resultados.&nbsp;Una delegaci\u00f3n rusa particip\u00f3 en el desfile.<\/p>\n\n\n\n<p>CARACAS \u2014&nbsp;<\/p>\n\n\n\n<p>La oposici\u00f3n venezolana liderada por Mar\u00eda Corina Machado y el candidato presidencial, Edmundo Gonz\u00e1lez Urrutia, enviaron este viernes mensajes a la Fuerza Armada Nacional Bolivariana (FANB), en los que le pidieron respetar los resultados de las elecciones presidenciales del 28 de julio, a prop\u00f3sito de los 213 a\u00f1os de la declaraci\u00f3n de la independencia de Venezuela y el d\u00eda de la FANB.<\/p>\n\n\n\n<p>\u201cLos convoco a la nueva etapa que se abrir\u00e1 en nuestro pa\u00eds, en la cual nuevamente tendr\u00e1n un papel destacado\u201d, precis\u00f3 el mensaje de Gonz\u00e1lez Urrutia, quien dijo tener certeza de que ser\u00e1 electo presidente y se comprometi\u00f3 a construir, en conjunto con las Fuerzas Armadas, una \u201cinstituci\u00f3n profesional en su totalidad\u201d.<\/p>\n\n\n\n<p><\/p>\n\n\n\n<p>El embajador retirado de 74 a\u00f1os, favorito en la intenci\u00f3n de voto&nbsp;<strong><em><a href=\"https:\/\/www.vozdeamerica.com\/a\/quien-tiene-ventaja-a-un-mes-de-la-eleccion-presidencial-en-venezuela-edmundo-gonzalez-nicolas-maduro-oposicion-chavismo-\/7676646.html\" target=\"_blank\" rel=\"noreferrer noopener\">seg\u00fan recientes encuestas<\/a><\/em><\/strong>, reiter\u00f3 que seg\u00fan la Constituci\u00f3n, la FANB debe ser \u201cesencialmente profesional, sin militancia pol\u00edtica\u201d, al servicio exclusivo de la naci\u00f3n y en ning\u00fan caso al de persona o parcialidad pol\u00edtica alguna.<\/p>\n\n\n\n<p>Desde la llegada al poder del fallecido expresidente Hugo Ch\u00e1vez, diversos sectores de la sociedad civil han denunciado la politizaci\u00f3n de esa instituci\u00f3n.<\/p>\n\n\n\n<p>Machado, ganadora de la primaria presidencial opositora, pero inhabilitada para ejercer cargos p\u00fablicos, dijo que la FANB ser\u00e1 uno de los protagonistas esenciales de las transformaciones por la sociedad democr\u00e1tica que se avecina y resalt\u00f3 c\u00f3mo el \u201cmodelo de enemigo interno ha devenido en la actual doctrina militar\u201d, tornando el poder b\u00e9lico contra la poblaci\u00f3n, dejando \u201cde lado\u201d el resguardo de la soberan\u00eda nacional.<\/p>\n\n\n\n<p><\/p>\n\n\n\n<p>\u201cEn la nueva Venezuela ser\u00e1 indispensable que la instituci\u00f3n militar asuma sin demora la defensa integral del territorio de la soberan\u00eda popular expresada en el voto\u201d, continu\u00f3 en su mensaje divulgado en redes sociales.<\/p>\n\n\n\n<p>Como en varias ocasiones, Machado insisti\u00f3 en que a la FANB le corresponde enfrentar, entre otras amenazas, la presencia de grupos armados irregulares involucrados en el tr\u00e1fico de drogas y la explotaci\u00f3n ilegal de los recursos naturales.<\/p>\n\n\n\n<p>Maduro dijo este viernes que hace 213 a\u00f1os el pueblo se levant\u00f3 contra el imperio espa\u00f1ol, sembrando la semilla de la libertad. \u201cFueron los primeros latidos de la Rep\u00fablica que hoy celebramos con profundo orgullo, y que estamos dispuestos a defender sin importar el tama\u00f1o de la amenaza\u201d, escribi\u00f3 el mandatario en X.<\/p>\n\n\n\n<p>El ministro de la Defensa, Vladimir Padrino L\u00f3pez, resalt\u00f3 en un comunicado divulgado en redes sociales las figuras de Ch\u00e1vez y el presidente Nicol\u00e1s Maduro. Adem\u00e1s, asegur\u00f3 que la instituci\u00f3n que preside tiene un claro concepto de la defensa integral y se mantiene siempre alerta ante \u201clas viles amenazas de los nuevos imperios\u201d.<\/p>\n\n\n\n<p><\/p>\n\n\n\n<p>\u201cRatificamos la inquebrantable vocaci\u00f3n bolivariana, antiolig\u00e1rquica, antiimperialista y anticolonialista, as\u00ed como el irreductible compromiso de defender las garant\u00edas sociales y los principios de igualdad, solidaridad y paz en nuestra amada naci\u00f3n\u201d, contin\u00faa el texto.<\/p>\n\n\n\n<p>El Gobierno de Maduro, que busca su tercer mandato, ha acusado a la oposici\u00f3n de promover planes violentos en las elecciones. En distintas ocasiones la FANB ha manifestado su&nbsp;<strong><em><a href=\"https:\/\/www.vozdeamerica.com\/a\/fuerza-armada-venezolana-advierte-que-actuara-de-manera-decidida-ante-presuntos-planes-desestabilizadores-\/7239919.html\" target=\"_blank\" rel=\"noreferrer noopener\">\u201cabsoluta lealtad y apoyo incondicional\u201d&nbsp;<\/a><\/em><\/strong>a Maduro y ha dicho que actuar\u00e1 de manera \u201cfirme y decidida\u201d contra planes \u201cextremista\u201d y \u201cllamados golpistas\u201d.<\/p>\n\n\n\n<p>Sin embargo, la oposici\u00f3n, que denuncia&nbsp;<strong><em><a href=\"https:\/\/www.vozdeamerica.com\/a\/oposicion-venezuela-denuncia-nueva-ola-de-represi%C3%B3n-tras-nuevos-arrestos\/7659638.html\" target=\"_blank\" rel=\"noreferrer noopener\">una ola de represi\u00f3n y persecuci\u00f3n<\/a>,&nbsp;<\/em><\/strong>ha insistido en que se mantendr\u00e1 en la v\u00eda electoral con el objetivo de lograr una transici\u00f3n en Venezuela.<\/p>\n\n\n\n<p><a href=\"https:\/\/www.vozdeamerica.com\/a\/arranca-oficialmente-campana-electoral-presidenciales-venezuela\/7684975.html\"><\/a><\/p>\n\n\n\n<p><a href=\"https:\/\/www.vozdeamerica.com\/a\/arranca-oficialmente-campana-electoral-presidenciales-venezuela\/7684975.html\">TAMBI\u00c9N LEA<\/a><\/p>\n\n\n\n<h4 class=\"wp-block-heading\"><a href=\"https:\/\/www.vozdeamerica.com\/a\/arranca-oficialmente-campana-electoral-presidenciales-venezuela\/7684975.html\">Arranca oficialmente la campa\u00f1a electoral para las presidenciales en Venezuela<\/a><\/h4>\n\n\n\n<p>Venezuela firm\u00f3 el Acta de Declaraci\u00f3n de Independencia de la Corona de Espa\u00f1a el 5 de julio de 1811 y, desde entonces, cada a\u00f1o, se conmemora la fecha con diversos actos solemnes.<\/p>\n\n\n\n<p>Varios funcionarios del gobierno venezolano, entre ellos el ministro de Interior y Justicia, Remigio Ceballos, participaron a primera hora del viernes en los actos conmemorativos en el Pante\u00f3n Nacional, en el centro de Caracas, donde reposan los restos del Libertador Sim\u00f3n Bol\u00edvar y de otros personajes ilustres de la historia de Venezuela.<\/p>\n\n\n\n<h3 class=\"wp-block-heading\">Desfile<\/h3>\n\n\n\n<p>Como es tradici\u00f3n fue celebrado un desfile c\u00edvico-militar en el Paseo Los Proceres, en las inmediaciones de Fuerte Tiuna, uno de los complejos militares m\u00e1s importantes del pa\u00eds ubicado en la capital venezolana. En el acto resaltaron consignas partidistas y antiimperialistas.<\/p>\n\n\n\n<p>Ante cientos de oficiales, momentos antes de presidir el desfile a bordo de un veh\u00edculo militar, Maduro dijo que Venezuela est\u00e1 en \u201cpaz, libre, soberana e independiente\u201d.<\/p>\n\n\n\n<p>En la parada particip\u00f3 una delegaci\u00f3n de la fragata Gorshkov d\u00edas despu\u00e9s de la llegada de barcos de la Flota Norte rusa a la ciudad portuaria de La Guaira, cerca de Caracas, con el objetivo, seg\u00fan el narrador del acto de \u201cestrechar lazos de hermandad y amistad\u201d.<\/p>\n\n\n\n<figure class=\"wp-block-image\"><img decoding=\"async\" src=\"https:\/\/gdb.voanews.com\/af699ca9-4096-498e-8af9-eadf79368f33_cx0_cy3_cw100_w650_r1_s.jpg\" alt=\"Agentes de polic\u00eda act\u00faan en motocicletas durante el desfile militar del D\u00eda de la Independencia en Caracas, Venezuela, el viernes 5 de julio de 2024. Venezuela celebra 213 a\u00f1os de independencia de Espa\u00f1a.\"\/><figcaption class=\"wp-element-caption\">Agentes de polic\u00eda act\u00faan en motocicletas durante el desfile militar del D\u00eda de la Independencia en Caracas, Venezuela, el viernes 5 de julio de 2024. Venezuela celebra 213 a\u00f1os de independencia de Espa\u00f1a.<\/figcaption><\/figure>\n\n\n\n<p>Este a\u00f1o, por primera vez se incluyeron acrobacias y maniobras en moto denominadas \u201cmotopiruetas\u201d, usualmente practicadas en zonas populares y que Maduro recientemente declar\u00f3 como un deporte nacional. Un proyecto de ley para regular esa pr\u00e1ctica, considerada riesgosa por diversos sectores, fue presentado ante el Parlamento de mayor\u00eda oficialista.<\/p>\n\n\n\n<p>Varios pa\u00edses, entre ellos Estados Unidos, felicitaron a Venezuela por el D\u00eda de la Independencia.<\/p>\n\n\n\n<p>\u201cA pesar de los significantes desaf\u00edos, el pueblo de Venezuela contin\u00faa con su incansable esfuerzo para lograr un futuro democr\u00e1tico, iniciando con elecciones presidenciales inclusivas y competitivas el 28 de julio\u201d, resalta un comunicado del gobierno estadounidense que reiter\u00f3 su compromiso y apoyo a los esfuerzos para construir un pr\u00f3spero, pac\u00edfico y democr\u00e1tico futuro para la naci\u00f3n sudamericana.<\/p>\n\n\n\n<p>VOA<\/p>\n","protected":false},"excerpt":{"rendered":"<p>ARCHIVO &#8211; Un familiar de un preso en huelga de hambre sostiene una bandera venezolana durante una protesta en la avenida Bol\u00edvar en Caracas, Venezuela, el mi\u00e9rcoles 12 de junio de 2024. julio 05, 2024 &nbsp;Vea comentarios&nbsp;(1) Venezuela celebra 213 a\u00f1os de independencia y el D\u00eda de la Fuerza Armada Nacional Bolivariana, en medio del [&hellip;]<\/p>\n","protected":false},"author":28,"featured_media":543201,"comment_status":"closed","ping_status":"closed","sticky":true,"template":"","format":"standard","meta":{"footnotes":""},"categories":[26,23],"tags":[],"class_list":["post-543200","post","type-post","status-publish","format-standard","has-post-thumbnail","hentry","category-efemerides","category-internacional"],"_links":{"self":[{"href":"https:\/\/diariodominicano.com\/index.php?rest_route=\/wp\/v2\/posts\/543200","targetHints":{"allow":["GET"]}}],"collection":[{"href":"https:\/\/diariodominicano.com\/index.php?rest_route=\/wp\/v2\/posts"}],"about":[{"href":"https:\/\/diariodominicano.com\/index.php?rest_route=\/wp\/v2\/types\/post"}],"author":[{"embeddable":true,"href":"https:\/\/diariodominicano.com\/index.php?rest_route=\/wp\/v2\/users\/28"}],"replies":[{"embeddable":true,"href":"https:\/\/diariodominicano.com\/index.php?rest_route=%2Fwp%2Fv2%2Fcomments&post=543200"}],"version-history":[{"count":1,"href":"https:\/\/diariodominicano.com\/index.php?rest_route=\/wp\/v2\/posts\/543200\/revisions"}],"predecessor-version":[{"id":543202,"href":"https:\/\/diariodominicano.com\/index.php?rest_route=\/wp\/v2\/posts\/543200\/revisions\/543202"}],"wp:featuredmedia":[{"embeddable":true,"href":"https:\/\/diariodominicano.com\/index.php?rest_route=\/wp\/v2\/media\/543201"}],"wp:attachment":[{"href":"https:\/\/diariodominicano.com\/index.php?rest_route=%2Fwp%2Fv2%2Fmedia&parent=543200"}],"wp:term":[{"taxonomy":"category","embeddable":true,"href":"https:\/\/diariodominicano.com\/index.php?rest_route=%2Fwp%2Fv2%2Fcategories&post=543200"},{"taxonomy":"post_tag","embeddable":true,"href":"https:\/\/diariodominicano.com\/index.php?rest_route=%2Fwp%2Fv2%2Ftags&post=543200"}],"curies":[{"name":"wp","href":"https:\/\/api.w.org\/{rel}","templated":true}]}}