{"id":543179,"date":"2024-07-05T14:41:12","date_gmt":"2024-07-05T18:41:12","guid":{"rendered":"https:\/\/diariodominicano.com\/?p=543179"},"modified":"2024-07-05T14:41:22","modified_gmt":"2024-07-05T18:41:22","slug":"ee-uu-felicita-al-pueblo-venezolano-en-el-dia-nacional-de-venezuela","status":"publish","type":"post","link":"https:\/\/diariodominicano.com\/?p=543179","title":{"rendered":"EE. UU. felicita al pueblo venezolano en el D\u00eda Nacional de Venezuela"},"content":{"rendered":"\n<p>Antony J. Blinken, Secretario de Estado<\/p>\n\n\n\n<p><a href=\"https:\/\/lnks.gd\/l\/eyJhbGciOiJIUzI1NiJ9.eyJidWxsZXRpbl9saW5rX2lkIjoxMDEsInVyaSI6ImJwMjpjbGljayIsInVybCI6Imh0dHBzOi8vd3d3LnN0YXRlLmdvdiIsImJ1bGxldGluX2lkIjoiMjAyNDA3MDUuOTcyMTUzODEifQ.39ZSpTsNqU-mBsrAmLMQhpG97P7Un7ijNecpUdCFntE\/s\/1375542893\/br\/245297563437-l\" target=\"_blank\" rel=\"noreferrer noopener\">Hogar<\/a>\u00a0<a href=\"https:\/\/lnks.gd\/l\/eyJhbGciOiJIUzI1NiJ9.eyJidWxsZXRpbl9saW5rX2lkIjoxMDIsInVyaSI6ImJwMjpjbGljayIsInVybCI6Imh0dHBzOi8vd3d3LnN0YXRlLmdvdi9idXJlYXVzLW9mZmljZXMvdW5kZXItc2VjcmV0YXJ5LWZvci1wdWJsaWMtZGlwbG9tYWN5LWFuZC1wdWJsaWMtYWZmYWlycy9idXJlYXUtb2YtZ2xvYmFsLXB1YmxpYy1hZmZhaXJzL29mZmljZS1vZi10aGUtc3Bva2VzcGVyc29uLyIsImJ1bGxldGluX2lkIjoiMjAyNDA3MDUuOTcyMTUzODEifQ.o8bz9540c2AFOBqik95vfVbhQiAoWdc8kMlZNh1yB4A\/s\/1375542893\/br\/245297563437-l\" target=\"_blank\" rel=\"noreferrer noopener\">Oficina del Portavoz<\/a>\u00a0<a href=\"http:\/\/press-releases\/\" target=\"_blank\" rel=\"noreferrer noopener\">Comunicados de prensa<\/a>\u00a0\u2026<\/p>\n\n\n\n<h1 class=\"wp-block-heading\">D\u00eda Nacional de Venezuela<\/h1>\n\n\n\n<p>5 de julio de 2024<\/p>\n\n\n\n<p>En nombre del Gobierno de los Estados Unidos de Am\u00e9rica, deseo felicitar al pueblo de Venezuela por celebrar la independencia del pa\u00eds este 5 de julio.<\/p>\n\n\n\n<p>A pesar de los importantes desaf\u00edos, el pueblo de Venezuela contin\u00faa sus incansables esfuerzos para lograr un futuro democr\u00e1tico, comenzando con elecciones presidenciales inclusivas y competitivas el 28 de julio.<\/p>\n\n\n\n<p>Al celebrar el 213\u00b0 aniversario de la independencia de Venezuela, el pueblo y el gobierno de los Estados Unidos siguen siendo un socio comprometido en apoyo de sus esfuerzos por construir un futuro pac\u00edfico, pr\u00f3spero y democr\u00e1tico para su naci\u00f3n.<\/p>\n\n\n\n<p>U.S. Department of State<\/p>\n\n\n\n<p><a target=\"_blank\" href=\"mailto:usstatebpa@public.govdelivery.com\" rel=\"noreferrer noopener\">usstatebpa@public.govdelivery.<\/a><\/p>\n\n\n\n<p>05\/07\/2024 13:38EDT<\/p>\n","protected":false},"excerpt":{"rendered":"<p>Antony J. Blinken, Secretario de Estado Hogar\u00a0Oficina del Portavoz\u00a0Comunicados de prensa\u00a0\u2026 D\u00eda Nacional de Venezuela 5 de julio de 2024 En nombre del Gobierno de los Estados Unidos de Am\u00e9rica, deseo felicitar al pueblo de Venezuela por celebrar la independencia del pa\u00eds este 5 de julio. A pesar de los importantes desaf\u00edos, el pueblo de [&hellip;]<\/p>\n","protected":false},"author":2,"featured_media":529103,"comment_status":"closed","ping_status":"closed","sticky":true,"template":"","format":"standard","meta":{"footnotes":""},"categories":[36,26,23,27],"tags":[],"class_list":["post-543179","post","type-post","status-publish","format-standard","has-post-thumbnail","hentry","category-hombresmujeresycosas","category-efemerides","category-internacional","category-portada"],"_links":{"self":[{"href":"https:\/\/diariodominicano.com\/index.php?rest_route=\/wp\/v2\/posts\/543179","targetHints":{"allow":["GET"]}}],"collection":[{"href":"https:\/\/diariodominicano.com\/index.php?rest_route=\/wp\/v2\/posts"}],"about":[{"href":"https:\/\/diariodominicano.com\/index.php?rest_route=\/wp\/v2\/types\/post"}],"author":[{"embeddable":true,"href":"https:\/\/diariodominicano.com\/index.php?rest_route=\/wp\/v2\/users\/2"}],"replies":[{"embeddable":true,"href":"https:\/\/diariodominicano.com\/index.php?rest_route=%2Fwp%2Fv2%2Fcomments&post=543179"}],"version-history":[{"count":1,"href":"https:\/\/diariodominicano.com\/index.php?rest_route=\/wp\/v2\/posts\/543179\/revisions"}],"predecessor-version":[{"id":543182,"href":"https:\/\/diariodominicano.com\/index.php?rest_route=\/wp\/v2\/posts\/543179\/revisions\/543182"}],"wp:featuredmedia":[{"embeddable":true,"href":"https:\/\/diariodominicano.com\/index.php?rest_route=\/wp\/v2\/media\/529103"}],"wp:attachment":[{"href":"https:\/\/diariodominicano.com\/index.php?rest_route=%2Fwp%2Fv2%2Fmedia&parent=543179"}],"wp:term":[{"taxonomy":"category","embeddable":true,"href":"https:\/\/diariodominicano.com\/index.php?rest_route=%2Fwp%2Fv2%2Fcategories&post=543179"},{"taxonomy":"post_tag","embeddable":true,"href":"https:\/\/diariodominicano.com\/index.php?rest_route=%2Fwp%2Fv2%2Ftags&post=543179"}],"curies":[{"name":"wp","href":"https:\/\/api.w.org\/{rel}","templated":true}]}}