{"id":543096,"date":"2024-07-05T09:38:03","date_gmt":"2024-07-05T13:38:03","guid":{"rendered":"https:\/\/diariodominicano.com\/?p=543096"},"modified":"2024-07-05T09:40:02","modified_gmt":"2024-07-05T13:40:02","slug":"cultura-emite-resolucion-de-nuevas-pautas-de-comportamiento-en-los-medios-de-comunicacion","status":"publish","type":"post","link":"https:\/\/diariodominicano.com\/?p=543096","title":{"rendered":"Cultura emite resoluci\u00f3n de  nuevas pautas de comportamiento en los medios de comunicaci\u00f3n"},"content":{"rendered":"\n<p>ARCHIVO: La ministra de Cultura Milagros Germ\u00e1n.<\/p>\n\n\n\n<p>Cultura dice \u00ab<strong><em>Con esta iniciativa se busca proteger los derechos ciudadanos y promover buenas pr\u00e1cticas durante la transmisi\u00f3n de espect\u00e1culos p\u00fablicos, radiales o televisivos<\/em><\/strong>\u00ab.\u2002Anunci\u00f3 que  la disposici\u00f3n se mantiene vigente hasta el momento en que se complete el proceso ante el Ministerio de Administraci\u00f3n P\u00fablica para la designaci\u00f3n de un nuevo titular en sustituci\u00f3n del locutor Joseph B\u00e1ez, quien fung\u00eda hasta el d\u00eda de hoy como su director\u00bb.<\/p>\n\n\n\n<figure class=\"wp-block-image size-large\"><img loading=\"lazy\" decoding=\"async\" width=\"1024\" height=\"683\" src=\"https:\/\/diariodominicano.com\/wp-content\/uploads\/2024\/07\/Ministerio-de-Cultura-1024x683.jpg\" alt=\"\" class=\"wp-image-543097\" srcset=\"https:\/\/diariodominicano.com\/wp-content\/uploads\/2024\/07\/Ministerio-de-Cultura-1024x683.jpg 1024w, https:\/\/diariodominicano.com\/wp-content\/uploads\/2024\/07\/Ministerio-de-Cultura-300x200.jpg 300w, https:\/\/diariodominicano.com\/wp-content\/uploads\/2024\/07\/Ministerio-de-Cultura-768x512.jpg 768w, https:\/\/diariodominicano.com\/wp-content\/uploads\/2024\/07\/Ministerio-de-Cultura-816x544.jpg 816w, https:\/\/diariodominicano.com\/wp-content\/uploads\/2024\/07\/Ministerio-de-Cultura.jpg 1500w\" sizes=\"auto, (max-width: 1024px) 100vw, 1024px\" \/><\/figure>\n\n\n\n<p>ARCHIVO: El Ministerio de Cultura de la Rep\u00fablica Dominicana.<\/p>\n\n\n\n<p><strong>Santo Domingo, RD.-<\/strong>\u00a0El Ministerio de Cultura (MINC) inform\u00f3 el jueves que\u2002ha emitido   una nueva resoluci\u00f3n con el objetivo de establecer pautas generales de comportamiento para los medios de comunicaci\u00f3n durante la transmisi\u00f3n de espect\u00e1culos p\u00fablicos, radiales o televisivos.<\/p>\n\n\n\n<p>En un comunicado de prensa\u2002inform\u00f3: Esta medida busca reforzar la formaci\u00f3n ciudadana y proteger la dignidad humana, en cumplimiento con los preceptos constitucionales y legales vigentes en el pa\u00eds.<\/p>\n\n\n\n<p>La resoluci\u00f3n firmada por la ministra de Cultura, Milagros Germ\u00e1n, apunta se  fundamenta en varios art\u00edculos de la Constituci\u00f3n dominicana, as\u00ed como en leyes y decretos que regulan el funcionamiento y las responsabilidades de los medios de comunicaci\u00f3n.<\/p>\n\n\n\n<p>Entre las principales directrices establecidas, se proh\u00edbe el uso del lenguaje expl\u00edcito y cualquier influencia malsana que perturbe el desarrollo arm\u00f3nico de la ni\u00f1ez y la juventud dominicana, se\u00f1ala el Ministerio de Cultura en la nota informativa.<\/p>\n\n\n\n<p>De igual modo, la instituci\u00f3n dispone que las transmisiones deben fomentar las buenas costumbres c\u00edvicas y ciudadanas, el respeto a la moral social, la dignidad humana y los v\u00ednculos familiares.<\/p>\n\n\n\n<p>Adem\u00e1s, establece que se deben evitar expresiones maliciosas, apolog\u00eda del crimen o la violencia, y cualquier contenido que denigre a cualquier persona, especialmente a los h\u00e9roes nacionales, as\u00ed como que las transmisiones deben contribuir a elevar el nivel cultural del pueblo, conservar las costumbres y tradiciones nacionales, y exaltar los valores de la nacionalidad dominicana.<\/p>\n\n\n\n<p>Por \u00faltimo, los contenidos deben tener fines formativos, alineados con los art\u00edculos 8, 38, 63 y 64 de la Constituci\u00f3n, que promueven la educaci\u00f3n, la informaci\u00f3n y el entretenimiento cultural.<\/p>\n\n\n\n<p>La resoluci\u00f3n tambi\u00e9n instruye a la Comisi\u00f3n Nacional de Espect\u00e1culos P\u00fablicos y Radiofon\u00eda (CNEPR) para que difunda masivamente estas pautas a todos los medios de comunicaci\u00f3n y realice un monitoreo constante para asegurar su cumplimiento. Asimismo, se exhorta a las plataformas alternativas tomar en cuenta estas directrices.<\/p>\n\n\n\n<p>Esta iniciativa subraya el compromiso del Ministerio de Cultura con la protecci\u00f3n de los derechos ciudadanos y el fortalecimiento de las buenas pr\u00e1cticas en los medios de comunicaci\u00f3n del pa\u00eds.<\/p>\n\n\n\n<p>Asimismo, el MINC inform\u00f3 que design\u00f3 a Giovanny Cruz, viceministro de Creatividad y Formaci\u00f3n Art\u00edstica, como presidente interino de la Comisi\u00f3n Nacional de Espect\u00e1culos P\u00fablicos y Radiofon\u00eda.<\/p>\n\n\n\n<p>Cultura comunic\u00f3:  \u00abEsta disposici\u00f3n se mantiene vigente hasta el momento en que se complete el proceso ante el Ministerio de Administraci\u00f3n P\u00fablica para la designaci\u00f3n de un nuevo titular en sustituci\u00f3n del locutor Joseph B\u00e1ez, quien fung\u00eda hasta el d\u00eda de hoy como su director\u00bb.<\/p>\n\n\n\n<p>Con informaci\u00f3n del Ministerio de Cultura de la Rep\u00fablica Dominicana.<\/p>\n\n\n\n<p><a target=\"_blank\" href=\"mailto:prensa@cultura.gob.do\" rel=\"noreferrer noopener\">prensa@cultura.gob.do<\/a><\/p>\n","protected":false},"excerpt":{"rendered":"<p>ARCHIVO: La ministra de Cultura Milagros Germ\u00e1n. Cultura dice \u00abCon esta iniciativa se busca proteger los derechos ciudadanos y promover buenas pr\u00e1cticas durante la transmisi\u00f3n de espect\u00e1culos p\u00fablicos, radiales o televisivos\u00ab.\u2002Anunci\u00f3 que la disposici\u00f3n se mantiene vigente hasta el momento en que se complete el proceso ante el Ministerio de Administraci\u00f3n P\u00fablica para la designaci\u00f3n [&hellip;]<\/p>\n","protected":false},"author":2,"featured_media":451827,"comment_status":"closed","ping_status":"closed","sticky":true,"template":"","format":"standard","meta":{"footnotes":""},"categories":[36,20,25,24,27],"tags":[],"class_list":["post-543096","post","type-post","status-publish","format-standard","has-post-thumbnail","hentry","category-hombresmujeresycosas","category-dominicana-hoy","category-gente","category-justicia-y-derecho","category-portada"],"_links":{"self":[{"href":"https:\/\/diariodominicano.com\/index.php?rest_route=\/wp\/v2\/posts\/543096","targetHints":{"allow":["GET"]}}],"collection":[{"href":"https:\/\/diariodominicano.com\/index.php?rest_route=\/wp\/v2\/posts"}],"about":[{"href":"https:\/\/diariodominicano.com\/index.php?rest_route=\/wp\/v2\/types\/post"}],"author":[{"embeddable":true,"href":"https:\/\/diariodominicano.com\/index.php?rest_route=\/wp\/v2\/users\/2"}],"replies":[{"embeddable":true,"href":"https:\/\/diariodominicano.com\/index.php?rest_route=%2Fwp%2Fv2%2Fcomments&post=543096"}],"version-history":[{"count":2,"href":"https:\/\/diariodominicano.com\/index.php?rest_route=\/wp\/v2\/posts\/543096\/revisions"}],"predecessor-version":[{"id":543100,"href":"https:\/\/diariodominicano.com\/index.php?rest_route=\/wp\/v2\/posts\/543096\/revisions\/543100"}],"wp:featuredmedia":[{"embeddable":true,"href":"https:\/\/diariodominicano.com\/index.php?rest_route=\/wp\/v2\/media\/451827"}],"wp:attachment":[{"href":"https:\/\/diariodominicano.com\/index.php?rest_route=%2Fwp%2Fv2%2Fmedia&parent=543096"}],"wp:term":[{"taxonomy":"category","embeddable":true,"href":"https:\/\/diariodominicano.com\/index.php?rest_route=%2Fwp%2Fv2%2Fcategories&post=543096"},{"taxonomy":"post_tag","embeddable":true,"href":"https:\/\/diariodominicano.com\/index.php?rest_route=%2Fwp%2Fv2%2Ftags&post=543096"}],"curies":[{"name":"wp","href":"https:\/\/api.w.org\/{rel}","templated":true}]}}