{"id":543071,"date":"2024-07-05T01:16:22","date_gmt":"2024-07-05T05:16:22","guid":{"rendered":"https:\/\/diariodominicano.com\/?p=543071"},"modified":"2024-07-05T01:27:09","modified_gmt":"2024-07-05T05:27:09","slug":"ministro-de-defensa-afirma-frontera-dominico-haitiana-esta-tranquila-y-resguardada-por-los-militares-en-recorrido-que-hace-de-monte-cristi-a-pedernales","status":"publish","type":"post","link":"https:\/\/diariodominicano.com\/?p=543071","title":{"rendered":"Ministro de Defensa afirma frontera dom\u00ednico-haitiana est\u00e1 tranquila y resguardada por los militares en recorrido que hace de Monte Cristi a Pedernales"},"content":{"rendered":"\n<p>MONTE CRISTI, RD.- El ministro de Defensa teniente general Carlos Luciano D\u00edaz Morfa, ERD, inici\u00f3 este jueves un recorrido de supervisi\u00f3n terrestre de norte a sur por la zona fronteriza, donde asegur\u00f3 la frontera dom\u00ednico-haitiana est\u00e1 en calma, tranquila y sobre todo, resguardada por los militares de las fuerzas y cuerpos especializados de seguridad.<\/p>\n\n\n\n<figure class=\"wp-block-image size-large\"><img loading=\"lazy\" decoding=\"async\" width=\"1024\" height=\"678\" src=\"https:\/\/diariodominicano.com\/wp-content\/uploads\/2024\/07\/WhatsApp-Image-2024-07-04-at-8.00.12-PM-1-1024x678.jpeg\" alt=\"\" class=\"wp-image-543075\" srcset=\"https:\/\/diariodominicano.com\/wp-content\/uploads\/2024\/07\/WhatsApp-Image-2024-07-04-at-8.00.12-PM-1-1024x678.jpeg 1024w, https:\/\/diariodominicano.com\/wp-content\/uploads\/2024\/07\/WhatsApp-Image-2024-07-04-at-8.00.12-PM-1-300x199.jpeg 300w, https:\/\/diariodominicano.com\/wp-content\/uploads\/2024\/07\/WhatsApp-Image-2024-07-04-at-8.00.12-PM-1-768x508.jpeg 768w, https:\/\/diariodominicano.com\/wp-content\/uploads\/2024\/07\/WhatsApp-Image-2024-07-04-at-8.00.12-PM-1-1536x1017.jpeg 1536w, https:\/\/diariodominicano.com\/wp-content\/uploads\/2024\/07\/WhatsApp-Image-2024-07-04-at-8.00.12-PM-1-816x540.jpeg 816w, https:\/\/diariodominicano.com\/wp-content\/uploads\/2024\/07\/WhatsApp-Image-2024-07-04-at-8.00.12-PM-1.jpeg 1600w\" sizes=\"auto, (max-width: 1024px) 100vw, 1024px\" \/><\/figure>\n\n\n\n<p><br>\u00a0<br>\u00a0Al ser abordado por los periodistas de la zona, el titular del MIDE aclar\u00f3 que el recorrido es rutinario, que nada tiene que ver con la situaci\u00f3n que impera en el vecino pa\u00eds y que de cualquier forma, aprovecha para supervisar la listeza operacional de los soldados.<\/p>\n\n\n\n<figure class=\"wp-block-image size-large\"><img loading=\"lazy\" decoding=\"async\" width=\"1024\" height=\"678\" src=\"https:\/\/diariodominicano.com\/wp-content\/uploads\/2024\/07\/WhatsApp-Image-2024-07-04-at-8.00.11-PM-1-1024x678.jpeg\" alt=\"\" class=\"wp-image-543080\" srcset=\"https:\/\/diariodominicano.com\/wp-content\/uploads\/2024\/07\/WhatsApp-Image-2024-07-04-at-8.00.11-PM-1-1024x678.jpeg 1024w, https:\/\/diariodominicano.com\/wp-content\/uploads\/2024\/07\/WhatsApp-Image-2024-07-04-at-8.00.11-PM-1-300x199.jpeg 300w, https:\/\/diariodominicano.com\/wp-content\/uploads\/2024\/07\/WhatsApp-Image-2024-07-04-at-8.00.11-PM-1-768x508.jpeg 768w, https:\/\/diariodominicano.com\/wp-content\/uploads\/2024\/07\/WhatsApp-Image-2024-07-04-at-8.00.11-PM-1-1536x1017.jpeg 1536w, https:\/\/diariodominicano.com\/wp-content\/uploads\/2024\/07\/WhatsApp-Image-2024-07-04-at-8.00.11-PM-1-816x540.jpeg 816w, https:\/\/diariodominicano.com\/wp-content\/uploads\/2024\/07\/WhatsApp-Image-2024-07-04-at-8.00.11-PM-1.jpeg 1600w\" sizes=\"auto, (max-width: 1024px) 100vw, 1024px\" \/><\/figure>\n\n\n\n<p><br>\u00a0<br>\u00a0El recorrido incluye tambi\u00e9n, la supervisi\u00f3n de los avances de la verja perimetral, puntos de vigilancia, cuarteles y la verificaci\u00f3n operacional de los militares en las provincias lim\u00edtrofes, de norte a sur, siendo una de las preocupaciones m\u00e1s importantes del alto mando velar por el bienestar de los soldados y las condiciones en la que trabajan.<\/p>\n\n\n\n<figure class=\"wp-block-image size-large\"><img loading=\"lazy\" decoding=\"async\" width=\"1024\" height=\"678\" src=\"https:\/\/diariodominicano.com\/wp-content\/uploads\/2024\/07\/WhatsApp-Image-2024-07-04-at-8.00.11-PM-2-1024x678.jpeg\" alt=\"\" class=\"wp-image-543083\" srcset=\"https:\/\/diariodominicano.com\/wp-content\/uploads\/2024\/07\/WhatsApp-Image-2024-07-04-at-8.00.11-PM-2-1024x678.jpeg 1024w, https:\/\/diariodominicano.com\/wp-content\/uploads\/2024\/07\/WhatsApp-Image-2024-07-04-at-8.00.11-PM-2-300x199.jpeg 300w, https:\/\/diariodominicano.com\/wp-content\/uploads\/2024\/07\/WhatsApp-Image-2024-07-04-at-8.00.11-PM-2-768x508.jpeg 768w, https:\/\/diariodominicano.com\/wp-content\/uploads\/2024\/07\/WhatsApp-Image-2024-07-04-at-8.00.11-PM-2-1536x1017.jpeg 1536w, https:\/\/diariodominicano.com\/wp-content\/uploads\/2024\/07\/WhatsApp-Image-2024-07-04-at-8.00.11-PM-2-816x540.jpeg 816w, https:\/\/diariodominicano.com\/wp-content\/uploads\/2024\/07\/WhatsApp-Image-2024-07-04-at-8.00.11-PM-2.jpeg 1600w\" sizes=\"auto, (max-width: 1024px) 100vw, 1024px\" \/><\/figure>\n\n\n\n<p><br>\u00a0<br>\u00a0<br>\u00a0El titular del MIDE manifest\u00f3 que es un patrullaje rutinario, que se realiza para verificar los controles de los puntos de vigilancias, de los destacamentos, adem\u00e1s de las condiciones de las tropas de esas zonas.<br>\u00a0<br>\u00a0En Pedro Santana, la comitiva militar hizo una parada en B\u00e1nica, Sabana Cruz, Guayabal, Guaroa, Rinconcito y Margarita, para luego seguir a El Carrizal y terminar el recorrido en la sede del CESFront en Comendador.<br>\u00a0<br>\u00a0<br>\u00a0Junto al ministro estuvieron presentes el director del Cuerpo \u00a0Especializado de Seguridad Fronteriza Terrestre (Cesfront), general de brigada Freddy R. Soto Thorman, ERD, el supervisor general de los servicios de seguridad de la construcci\u00f3n de la verja perimetral inteligente en la l\u00ednea fronteriza terrestre, general de brigada Luis A. Coronado Abreu, ERD , el director de Asuntos Civiles del Estado Mayor Conjunto del MIDE, (J5), general de brigada piloto, Juan Carlos Vicente P\u00e9rez, FARD, el coronel \u00a0Dante Luis Ovalle Lugo, ERD, en representaci\u00f3n de la direcci\u00f3n de Operaciones del MIDE (J3) y en los diferentes tramos visitados, estuvieron presentes los comandantes de las Brigadas del Ej\u00e9rcito de Rep\u00fablica Dominicana, responsables de la seguridad de dichas zonas.<\/p>\n\n\n\n<p><\/p>\n\n\n\n<p><strong><em>Departamento de Prensa<\/em><\/strong><\/p>\n\n\n\n<p><em><strong>Direcci\u00f3n de Asuntos Civiles del Estado Mayor Conjunto, J5<\/strong><\/em><\/p>\n\n\n\n<p><em><strong>Ministerio de Defensa de Rep\u00fablica Dominicana<\/strong><\/em><\/p>\n","protected":false},"excerpt":{"rendered":"<p>MONTE CRISTI, RD.- El ministro de Defensa teniente general Carlos Luciano D\u00edaz Morfa, ERD, inici\u00f3 este jueves un recorrido de supervisi\u00f3n terrestre de norte a sur por la zona fronteriza, donde asegur\u00f3 la frontera dom\u00ednico-haitiana est\u00e1 en calma, tranquila y sobre todo, resguardada por los militares de las fuerzas y cuerpos especializados de seguridad. \u00a0\u00a0Al [&hellip;]<\/p>\n","protected":false},"author":2,"featured_media":543072,"comment_status":"closed","ping_status":"closed","sticky":true,"template":"","format":"standard","meta":{"footnotes":""},"categories":[20,112,27],"tags":[],"class_list":["post-543071","post","type-post","status-publish","format-standard","has-post-thumbnail","hentry","category-dominicana-hoy","category-haiti","category-portada"],"_links":{"self":[{"href":"https:\/\/diariodominicano.com\/index.php?rest_route=\/wp\/v2\/posts\/543071","targetHints":{"allow":["GET"]}}],"collection":[{"href":"https:\/\/diariodominicano.com\/index.php?rest_route=\/wp\/v2\/posts"}],"about":[{"href":"https:\/\/diariodominicano.com\/index.php?rest_route=\/wp\/v2\/types\/post"}],"author":[{"embeddable":true,"href":"https:\/\/diariodominicano.com\/index.php?rest_route=\/wp\/v2\/users\/2"}],"replies":[{"embeddable":true,"href":"https:\/\/diariodominicano.com\/index.php?rest_route=%2Fwp%2Fv2%2Fcomments&post=543071"}],"version-history":[{"count":6,"href":"https:\/\/diariodominicano.com\/index.php?rest_route=\/wp\/v2\/posts\/543071\/revisions"}],"predecessor-version":[{"id":543084,"href":"https:\/\/diariodominicano.com\/index.php?rest_route=\/wp\/v2\/posts\/543071\/revisions\/543084"}],"wp:featuredmedia":[{"embeddable":true,"href":"https:\/\/diariodominicano.com\/index.php?rest_route=\/wp\/v2\/media\/543072"}],"wp:attachment":[{"href":"https:\/\/diariodominicano.com\/index.php?rest_route=%2Fwp%2Fv2%2Fmedia&parent=543071"}],"wp:term":[{"taxonomy":"category","embeddable":true,"href":"https:\/\/diariodominicano.com\/index.php?rest_route=%2Fwp%2Fv2%2Fcategories&post=543071"},{"taxonomy":"post_tag","embeddable":true,"href":"https:\/\/diariodominicano.com\/index.php?rest_route=%2Fwp%2Fv2%2Ftags&post=543071"}],"curies":[{"name":"wp","href":"https:\/\/api.w.org\/{rel}","templated":true}]}}