{"id":543035,"date":"2024-07-05T00:15:38","date_gmt":"2024-07-05T04:15:38","guid":{"rendered":"https:\/\/diariodominicano.com\/?p=543035"},"modified":"2024-07-05T00:15:42","modified_gmt":"2024-07-05T04:15:42","slug":"reactivan-en-brasil-comision-de-muertos-y-desaparecidos-en-dictadura","status":"publish","type":"post","link":"https:\/\/diariodominicano.com\/?p=543035","title":{"rendered":"Reactivan en Brasil comisi\u00f3n de muertos y desaparecidos en dictadura"},"content":{"rendered":"\n<p>Brasilia, 4 jul (Prensa Latina) El presidente Luiz In\u00e1cio Lula da Silva reestableci\u00f3 la Comisi\u00f3n Especial de Muertos y Desaparecidos Pol\u00edticos durante la dictadura militar en Brasil (1964-1985), tras publicarse hoy la medida en el Diario Oficial de la Uni\u00f3n.<\/p>\n\n\n\n<ul class=\"wp-block-list\">\n<li><a href=\"https:\/\/www.prensa-latina.cu\/2024\/07\/04\/\"><time>julio 4, 2024 | 10:13<\/time><\/a><\/li>\n<\/ul>\n\n\n\n<ul class=\"wp-block-list\">\n<li><a href=\"https:\/\/www.prensa-latina.cu\/2024\/07\/04\/reactivan-en-brasil-comision-de-muertos-y-desaparecidos-en-dictadura\/#\"><\/a><\/li>\n\n\n\n<li><a href=\"https:\/\/www.prensa-latina.cu\/2024\/07\/04\/reactivan-en-brasil-comision-de-muertos-y-desaparecidos-en-dictadura\/#\"><\/a><\/li>\n\n\n\n<li><a href=\"https:\/\/www.prensa-latina.cu\/2024\/07\/04\/reactivan-en-brasil-comision-de-muertos-y-desaparecidos-en-dictadura\/#\"><\/a><\/li>\n\n\n\n<li><a href=\"https:\/\/www.prensa-latina.cu\/2024\/07\/04\/reactivan-en-brasil-comision-de-muertos-y-desaparecidos-en-dictadura\/#\"><\/a><\/li>\n<\/ul>\n\n\n\n<p>Vinculada con el Ministerio de los Derechos Humanos y extinguida durante el Gobierno de Jair Bolsonaro (2019-2022), el grupo dirige su objetivo para identificar v\u00edctimas de la represi\u00f3n pol\u00edtica durante el r\u00e9gimen castrense, un trabajo iniciado en 2014 tras la determinaci\u00f3n de la Justicia Federal en acci\u00f3n civil p\u00fablica.<\/p>\n\n\n\n<p>Sin embargo, la comisi\u00f3n cerr\u00f3 el proceso sin justificaci\u00f3n, a instancias de Bolsonaro en 2019.<\/p>\n\n\n\n<p>En el diario, el auto deja sin efecto el texto publicado por el exmandatario de tendencia ultraderechista.<\/p>\n\n\n\n<p>A continuaci\u00f3n, Lula declara la continuidad de las actividades de la comisi\u00f3n especial. La medida ten\u00eda el aval del Ministerio de Justicia y Seguridad P\u00fablica.<\/p>\n\n\n\n<p>En teor\u00eda, la junta es un \u00f3rgano de Estado cuyo apoyo t\u00e9cnico-administrativo es responsabilidad de la cartera de Derechos Humanos.<\/p>\n\n\n\n<p>Su finalidad es proceder al reconocimiento de personas muertas o desaparecidas en raz\u00f3n de sus actividades pol\u00edticas.<\/p>\n\n\n\n<p>Tambi\u00e9n de enviar esfuerzos para la localizaci\u00f3n de los cuerpos de tales personas y de emitir opini\u00f3n sobre los requerimientos relativos a la indemnizaci\u00f3n que sean formulados por sus familiares.<\/p>\n\n\n\n<p>La Comisi\u00f3n Nacional de la Verdad, creada por ley en 2014, present\u00f3 un informe final y concluy\u00f3 que la pr\u00e1ctica de detenciones arbitrarias, tortura, ejecuciones, desapariciones y ocultaci\u00f3n de cad\u00e1veres eran el resultado de una pol\u00edtica estatal contra la poblaci\u00f3n civil, calific\u00e1ndolas de cr\u00edmenes de lesa humanidad.<\/p>\n\n\n\n<p>Como responsables de las torturas, el documento identific\u00f3 a 377 agentes de la dictadura que no pudieron ser juzgados por una amplia amnist\u00eda dictada en 1979 por el r\u00e9gimen.<\/p>\n\n\n\n<p>En total, se registraron 434 casos de muertes y desapariciones de personas bajo la responsabilidad del Estado brasile\u00f1o durante el periodo 1946-1988.<\/p>\n\n\n\n<p>arc\/ocs<\/p>\n","protected":false},"excerpt":{"rendered":"<p>Brasilia, 4 jul (Prensa Latina) El presidente Luiz In\u00e1cio Lula da Silva reestableci\u00f3 la Comisi\u00f3n Especial de Muertos y Desaparecidos Pol\u00edticos durante la dictadura militar en Brasil (1964-1985), tras publicarse hoy la medida en el Diario Oficial de la Uni\u00f3n. Vinculada con el Ministerio de los Derechos Humanos y extinguida durante el Gobierno de Jair [&hellip;]<\/p>\n","protected":false},"author":2,"featured_media":543036,"comment_status":"closed","ping_status":"closed","sticky":false,"template":"","format":"standard","meta":{"footnotes":""},"categories":[26,23],"tags":[],"class_list":["post-543035","post","type-post","status-publish","format-standard","has-post-thumbnail","hentry","category-efemerides","category-internacional"],"_links":{"self":[{"href":"https:\/\/diariodominicano.com\/index.php?rest_route=\/wp\/v2\/posts\/543035","targetHints":{"allow":["GET"]}}],"collection":[{"href":"https:\/\/diariodominicano.com\/index.php?rest_route=\/wp\/v2\/posts"}],"about":[{"href":"https:\/\/diariodominicano.com\/index.php?rest_route=\/wp\/v2\/types\/post"}],"author":[{"embeddable":true,"href":"https:\/\/diariodominicano.com\/index.php?rest_route=\/wp\/v2\/users\/2"}],"replies":[{"embeddable":true,"href":"https:\/\/diariodominicano.com\/index.php?rest_route=%2Fwp%2Fv2%2Fcomments&post=543035"}],"version-history":[{"count":1,"href":"https:\/\/diariodominicano.com\/index.php?rest_route=\/wp\/v2\/posts\/543035\/revisions"}],"predecessor-version":[{"id":543037,"href":"https:\/\/diariodominicano.com\/index.php?rest_route=\/wp\/v2\/posts\/543035\/revisions\/543037"}],"wp:featuredmedia":[{"embeddable":true,"href":"https:\/\/diariodominicano.com\/index.php?rest_route=\/wp\/v2\/media\/543036"}],"wp:attachment":[{"href":"https:\/\/diariodominicano.com\/index.php?rest_route=%2Fwp%2Fv2%2Fmedia&parent=543035"}],"wp:term":[{"taxonomy":"category","embeddable":true,"href":"https:\/\/diariodominicano.com\/index.php?rest_route=%2Fwp%2Fv2%2Fcategories&post=543035"},{"taxonomy":"post_tag","embeddable":true,"href":"https:\/\/diariodominicano.com\/index.php?rest_route=%2Fwp%2Fv2%2Ftags&post=543035"}],"curies":[{"name":"wp","href":"https:\/\/api.w.org\/{rel}","templated":true}]}}