{"id":542996,"date":"2024-07-04T22:58:17","date_gmt":"2024-07-05T02:58:17","guid":{"rendered":"https:\/\/diariodominicano.com\/?p=542996"},"modified":"2024-07-04T22:58:22","modified_gmt":"2024-07-05T02:58:22","slug":"congreso-de-peru-aprueba-ley-para-que-prescriban-crimenes-de-lesa-humanidad-cometidos-antes-de-2002","status":"publish","type":"post","link":"https:\/\/diariodominicano.com\/?p=542996","title":{"rendered":"Congreso de Per\u00fa aprueba ley para que prescriban cr\u00edmenes de lesa humanidad cometidos antes de 2002"},"content":{"rendered":"\n<p>ARCHIVO &#8211; El primer ministro Gustavo Adrianzen, a la derecha, pide un voto de confianza en el Congreso en Lima, Per\u00fa, el mi\u00e9rcoles 3 de abril de 2024.<\/p>\n\n\n\n<p>julio 04, 2024<\/p>\n\n\n\n<ul class=\"wp-block-list\">\n<li><a href=\"https:\/\/www.vozdeamerica.com\/author\/associated-press\/v_kyr\">Associated Press<\/a><\/li>\n<\/ul>\n\n\n\n<hr class=\"wp-block-separator has-alpha-channel-opacity\"\/>\n\n\n\n<p><a href=\"https:\/\/www.vozdeamerica.com\/a\/congreso-de-peru-aprueba-ley-para-que-prescriban-crimenes-de-lesa-humanidad-cometidos-antes-de-2002\/7685440.html#comments\">&nbsp;Vea comentarios<\/a><\/p>\n\n\n\n<p>El Congreso de Per\u00fa aprueba una ley que permite la prescripci\u00f3n de los delitos de lesa humanidad y cr\u00edmenes de guerra cometidos antes de 2002. Organizaciones de DDHH advierten que norma promueve la impunidad.<\/p>\n\n\n\n<p>LIMA, PER\u00da \u2014&nbsp;<\/p>\n\n\n\n<p>El Congreso de Per\u00fa aprob\u00f3 el jueves una ley que establece la prescripci\u00f3n de los delitos de lesa humanidad y cr\u00edmenes de guerra cometidos antes de 2002, algo que organizaciones de derechos humanos han advertido que promover\u00e1 la impunidad y que podr\u00eda beneficiar a varias figuras como el expresidente Alberto Fujimori y militares retirados.<\/p>\n\n\n\n<p>Seg\u00fan un c\u00e1lculo de la fiscal\u00eda peruana difundido en junio la ley impactar\u00e1 sobre 550 v\u00edctimas y 600 casos, entre investigaciones y procesos judiciales, que tendr\u00edan que ser archivados o concluidos por prescripci\u00f3n, es decir, porque se extinguir\u00eda la responsabilidad penal por el paso del tiempo.<\/p>\n\n\n\n<p>La norma tambi\u00e9n ha sido criticada por expertos en derechos humanos de las Naciones Unidas quienes indicaron a fines de junio que \u201cchoca con los valores b\u00e1sicos de la comunidad internacional, fomenta la impunidad y est\u00e1 en patente contradicci\u00f3n con el Estado de Derecho\u201d.<\/p>\n\n\n\n<p>La ley, que hab\u00eda sido aprobada en una primera votaci\u00f3n en junio, est\u00e1 ahora en manos de la presidenta Dina Boluarte quien puede promulgarla o devolverla con observaciones al Congreso. Boluarte, quien no ha hablado con la prensa por casi tres meses, no ha emitido comentarios p\u00fablicos sobre su posible decisi\u00f3n.<\/p>\n\n\n\n<p><a href=\"https:\/\/www.vozdeamerica.com\/a\/peru-retira-excepcion-migratoria-venezolanos-menores-vulnerabilidad-\/7676399.html\"><\/a><\/p>\n\n\n\n<p><a href=\"https:\/\/www.vozdeamerica.com\/a\/peru-retira-excepcion-migratoria-venezolanos-menores-vulnerabilidad-\/7676399.html\">TAMBI\u00c9N LEA<\/a><\/p>\n\n\n\n<h4 class=\"wp-block-heading\"><a href=\"https:\/\/www.vozdeamerica.com\/a\/peru-retira-excepcion-migratoria-venezolanos-menores-vulnerabilidad-\/7676399.html\">Per\u00fa retira la excepci\u00f3n migratoria a venezolanos menores y en vulnerabilidad y exige visa a todos<\/a><\/h4>\n\n\n\n<p>Quien s\u00ed lo hizo fue su primer ministro Gustavo Adrianz\u00e9n, quien la v\u00edspera dijo a la prensa estar \u201cabsolutamente indignado\u201d por una orden emitida el martes por la Corte Interamericana de Derechos Humanos que pidi\u00f3 al gobierno, al Congreso y al Poder Judicial no adoptar, dejar sin efecto o no otorgar vigencia al proyecto que el jueves se convirti\u00f3 en ley.<\/p>\n\n\n\n<p>La iniciativa indica que nadie ser\u00e1 procesado, condenado, ni sancionado por delitos de lesa humanidad o cr\u00edmenes de guerra cometidos antes del 1 de julio de 2002.<\/p>\n\n\n\n<p>En Per\u00fa el Estatuto de Roma de la Corte Penal Internacional entr\u00f3 en vigencia en julio de 2002, mientras que la Convenci\u00f3n sobre la Imprescriptibilidad de los Cr\u00edmenes de Guerra y de los Cr\u00edmenes de Lesa Humanidad lo hizo en noviembre de 2003. Los dos tratados internacionales son de cumplimiento obligatorio.<\/p>\n\n\n\n<p>Activistas y expertos en derechos humanos afirman que la norma favorecer\u00eda la impunidad. Una ley similar aprobada durante el gobierno del presidente Alan Garc\u00eda (2006-2011) fue declarada inconstitucional un a\u00f1o despu\u00e9s, en 2011, por el Tribunal Constitucional.<\/p>\n\n\n\n<p>El Instituto de Democracia y Derechos Humanos de la Pontificia Universidad Cat\u00f3lica de Per\u00fa dijo en junio en un comunicado que la norma \u201cpretende limitar la aplicaci\u00f3n de la justicia interna en caso de delitos de lesa humanidad y cr\u00edmenes de guerra cometidos antes de 2002 a trav\u00e9s de la figura de la prescripci\u00f3n penal\u201d.<\/p>\n\n\n\n<p>A\u00f1adi\u00f3 que la interpretaci\u00f3n que propone el Congreso de los dos tratados internacionales \u201cresulta jur\u00eddicamente incorrecta en tanto contradice frontalmente normas y principios del derecho internacional, que exigen al Estado peruano evitar la impunidad y garantizar la justicia para los cr\u00edmenes m\u00e1s graves que afectan a la humanidad\u201d.<\/p>\n\n\n\n<p><a href=\"https:\/\/www.vozdeamerica.com\/a\/peru-onu-alerta-por-proyecto-sobre-crimenes-de-lesa-humanidad\/7674790.html\"><\/a><\/p>\n\n\n\n<p><a href=\"https:\/\/www.vozdeamerica.com\/a\/peru-onu-alerta-por-proyecto-sobre-crimenes-de-lesa-humanidad\/7674790.html\">TAMBI\u00c9N LEA<\/a><\/p>\n\n\n\n<h4 class=\"wp-block-heading\"><a href=\"https:\/\/www.vozdeamerica.com\/a\/peru-onu-alerta-por-proyecto-sobre-crimenes-de-lesa-humanidad\/7674790.html\">ONU alerta sobre proyecto aprobado por Congreso peruano sobre cr\u00edmenes de lesa humanidad<\/a><\/h4>\n\n\n\n<p>Seg\u00fan la fiscal\u00eda, las investigaciones o juicios que ser\u00edan afectados por la ley se refieren a matanzas, torturas, violaciones sexuales y desapariciones forzadas \u2014sobre todo de campesinos e ind\u00edgenas de los Andes y la Amazon\u00eda\u2014 en los que est\u00e1n imputados decenas de miembros del ej\u00e9rcito y la marina de guerra.<\/p>\n\n\n\n<p>La ley tambi\u00e9n tendr\u00eda efectos sobre un caso emblem\u00e1tico en Per\u00fa conocido como Barrios Altos y La Cantuta por el cual fue sentenciado el expresidente Fujimori quien estuvo preso desde 2007 hasta 2023 por el asesinato de 25 peruanos en 1992. Fujimori sali\u00f3 de la c\u00e1rcel en diciembre cuando el gobierno lo liber\u00f3 para cumplir un pol\u00e9mico indulto presidencial de 2017 avalado por el Tribunal Constitucional.<\/p>\n\n\n\n<p>Asimismo, la fiscal\u00eda indic\u00f3 que la ley favorecer\u00eda a Fujimori en otro juicio activo en el que pide encarcelarlo por 25 a\u00f1os por el asesinato de seis campesinos ocurrido en 1992.<\/p>\n\n\n\n<p>La ley fue impulsada con los votos del partido Fuerza Popular, liderado por Keiko Fujimori, hija del expresidente (1990-2000). Tambi\u00e9n la apoyaron varios parlamentarios que fueron militares en la \u00e9poca de la violencia pol\u00edtica entre 1980 y 2000.<\/p>\n\n\n\n<p>Seg\u00fan una comisi\u00f3n de la verdad las v\u00edctimas del conflicto interno fueron en su mayor\u00eda ind\u00edgenas que quedaron atrapados en los enfrentamientos entre las fuerzas de seguridad y el grupo terrorista Sendero Luminoso. La comisi\u00f3n calcula que el conflicto dej\u00f3 unos 70.000 muertos.<\/p>\n","protected":false},"excerpt":{"rendered":"<p>ARCHIVO &#8211; El primer ministro Gustavo Adrianzen, a la derecha, pide un voto de confianza en el Congreso en Lima, Per\u00fa, el mi\u00e9rcoles 3 de abril de 2024. julio 04, 2024 &nbsp;Vea comentarios El Congreso de Per\u00fa aprueba una ley que permite la prescripci\u00f3n de los delitos de lesa humanidad y cr\u00edmenes de guerra cometidos [&hellip;]<\/p>\n","protected":false},"author":2,"featured_media":542997,"comment_status":"closed","ping_status":"closed","sticky":false,"template":"","format":"standard","meta":{"footnotes":""},"categories":[23,24],"tags":[],"class_list":["post-542996","post","type-post","status-publish","format-standard","has-post-thumbnail","hentry","category-internacional","category-justicia-y-derecho"],"_links":{"self":[{"href":"https:\/\/diariodominicano.com\/index.php?rest_route=\/wp\/v2\/posts\/542996","targetHints":{"allow":["GET"]}}],"collection":[{"href":"https:\/\/diariodominicano.com\/index.php?rest_route=\/wp\/v2\/posts"}],"about":[{"href":"https:\/\/diariodominicano.com\/index.php?rest_route=\/wp\/v2\/types\/post"}],"author":[{"embeddable":true,"href":"https:\/\/diariodominicano.com\/index.php?rest_route=\/wp\/v2\/users\/2"}],"replies":[{"embeddable":true,"href":"https:\/\/diariodominicano.com\/index.php?rest_route=%2Fwp%2Fv2%2Fcomments&post=542996"}],"version-history":[{"count":1,"href":"https:\/\/diariodominicano.com\/index.php?rest_route=\/wp\/v2\/posts\/542996\/revisions"}],"predecessor-version":[{"id":542998,"href":"https:\/\/diariodominicano.com\/index.php?rest_route=\/wp\/v2\/posts\/542996\/revisions\/542998"}],"wp:featuredmedia":[{"embeddable":true,"href":"https:\/\/diariodominicano.com\/index.php?rest_route=\/wp\/v2\/media\/542997"}],"wp:attachment":[{"href":"https:\/\/diariodominicano.com\/index.php?rest_route=%2Fwp%2Fv2%2Fmedia&parent=542996"}],"wp:term":[{"taxonomy":"category","embeddable":true,"href":"https:\/\/diariodominicano.com\/index.php?rest_route=%2Fwp%2Fv2%2Fcategories&post=542996"},{"taxonomy":"post_tag","embeddable":true,"href":"https:\/\/diariodominicano.com\/index.php?rest_route=%2Fwp%2Fv2%2Ftags&post=542996"}],"curies":[{"name":"wp","href":"https:\/\/api.w.org\/{rel}","templated":true}]}}