{"id":542953,"date":"2024-07-04T17:42:04","date_gmt":"2024-07-04T21:42:04","guid":{"rendered":"https:\/\/diariodominicano.com\/?p=542953"},"modified":"2024-07-05T08:57:43","modified_gmt":"2024-07-05T12:57:43","slug":"carrujo-empresarial-inaugura-sede-en-santiago","status":"publish","type":"post","link":"https:\/\/diariodominicano.com\/?p=542953","title":{"rendered":"CARRUJO Empresarial inaugura sede en Santiago\u00a0"},"content":{"rendered":"\n<p>Elizabeth Est\u00e9vez y F\u00e9lix Morel&nbsp;<\/p>\n\n\n\n<p>La nueva tienda est\u00e1 ubicada en Plaza El Paseo de la avenida 27 de Febrero <\/p>\n\n\n\n<figure class=\"wp-block-gallery has-nested-images columns-default is-cropped wp-block-gallery-1 is-layout-flex wp-block-gallery-is-layout-flex\">\n<figure class=\"wp-block-image size-large\"><img loading=\"lazy\" decoding=\"async\" width=\"528\" height=\"1024\" data-id=\"542976\" src=\"https:\/\/diariodominicano.com\/wp-content\/uploads\/2024\/07\/Rhina-Rosario-y-Heli-Medina-de-Duran-1-528x1024.jpg\" alt=\"\" class=\"wp-image-542976\" srcset=\"https:\/\/diariodominicano.com\/wp-content\/uploads\/2024\/07\/Rhina-Rosario-y-Heli-Medina-de-Duran-1-528x1024.jpg 528w, https:\/\/diariodominicano.com\/wp-content\/uploads\/2024\/07\/Rhina-Rosario-y-Heli-Medina-de-Duran-1-155x300.jpg 155w, https:\/\/diariodominicano.com\/wp-content\/uploads\/2024\/07\/Rhina-Rosario-y-Heli-Medina-de-Duran-1-768x1489.jpg 768w, https:\/\/diariodominicano.com\/wp-content\/uploads\/2024\/07\/Rhina-Rosario-y-Heli-Medina-de-Duran-1-792x1536.jpg 792w, https:\/\/diariodominicano.com\/wp-content\/uploads\/2024\/07\/Rhina-Rosario-y-Heli-Medina-de-Duran-1-1056x2048.jpg 1056w, https:\/\/diariodominicano.com\/wp-content\/uploads\/2024\/07\/Rhina-Rosario-y-Heli-Medina-de-Duran-1-816x1582.jpg 816w, https:\/\/diariodominicano.com\/wp-content\/uploads\/2024\/07\/Rhina-Rosario-y-Heli-Medina-de-Duran-1.jpg 1080w\" sizes=\"auto, (max-width: 528px) 100vw, 528px\" \/><\/figure>\n<\/figure>\n\n\n\n<p>Rhina Rosario y Heli Medina&nbsp;de Dur\u00e1n.<\/p>\n\n\n\n<figure class=\"wp-block-image size-large\"><img loading=\"lazy\" decoding=\"async\" width=\"683\" height=\"1024\" src=\"https:\/\/diariodominicano.com\/wp-content\/uploads\/2024\/07\/CARRUJO-3-683x1024.jpg\" alt=\"\" class=\"wp-image-542957\" srcset=\"https:\/\/diariodominicano.com\/wp-content\/uploads\/2024\/07\/CARRUJO-3-683x1024.jpg 683w, https:\/\/diariodominicano.com\/wp-content\/uploads\/2024\/07\/CARRUJO-3-200x300.jpg 200w, https:\/\/diariodominicano.com\/wp-content\/uploads\/2024\/07\/CARRUJO-3-768x1152.jpg 768w, https:\/\/diariodominicano.com\/wp-content\/uploads\/2024\/07\/CARRUJO-3-1024x1536.jpg 1024w, https:\/\/diariodominicano.com\/wp-content\/uploads\/2024\/07\/CARRUJO-3-1365x2048.jpg 1365w, https:\/\/diariodominicano.com\/wp-content\/uploads\/2024\/07\/CARRUJO-3-816x1224.jpg 816w, https:\/\/diariodominicano.com\/wp-content\/uploads\/2024\/07\/CARRUJO-3-scaled.jpg 1707w\" sizes=\"auto, (max-width: 683px) 100vw, 683px\" \/><\/figure>\n\n\n\n<p>C\u00e9sar S\u00e1nchez y Jos\u00e9 Santos<\/p>\n\n\n\n<p><strong>Santiago de los Caballeros.<\/strong>&nbsp;CARRUJO Empresarial, empresa dedicada a ofrecer servicios de asesor\u00eda y venta de equipos de protecci\u00f3n personal y seguridad industrial abri\u00f3 su primera tienda en Santiago.<\/p>\n\n\n\n<p>En la ceremonia de inauguraci\u00f3n, el presidente de la firma, F\u00e9lix Morel, destac\u00f3 el crecimiento de la ciudad de Santiago en todos los \u00f3rdenes y la voluntad de Carrujo de acompa\u00f1arla desde la protecci\u00f3n puntual de quienes hacen posible la prosperidad de las industrias, el sector construcci\u00f3n y otros espacios productivos.<\/p>\n\n\n\n<figure class=\"wp-block-image size-large\"><img loading=\"lazy\" decoding=\"async\" width=\"1024\" height=\"753\" src=\"https:\/\/diariodominicano.com\/wp-content\/uploads\/2024\/07\/CARRUJO-4-1024x753.jpg\" alt=\"\" class=\"wp-image-542958\" srcset=\"https:\/\/diariodominicano.com\/wp-content\/uploads\/2024\/07\/CARRUJO-4-1024x753.jpg 1024w, https:\/\/diariodominicano.com\/wp-content\/uploads\/2024\/07\/CARRUJO-4-300x221.jpg 300w, https:\/\/diariodominicano.com\/wp-content\/uploads\/2024\/07\/CARRUJO-4-768x565.jpg 768w, https:\/\/diariodominicano.com\/wp-content\/uploads\/2024\/07\/CARRUJO-4-1536x1130.jpg 1536w, https:\/\/diariodominicano.com\/wp-content\/uploads\/2024\/07\/CARRUJO-4-2048x1507.jpg 2048w, https:\/\/diariodominicano.com\/wp-content\/uploads\/2024\/07\/CARRUJO-4-816x600.jpg 816w\" sizes=\"auto, (max-width: 1024px) 100vw, 1024px\" \/><\/figure>\n\n\n\n<p>Radham\u00e9s Rodr\u00edguez, Ranery Collado y Juan Roz\u00f3n<\/p>\n\n\n\n<p>El pasado mes de mayo CARRUJO Empresarial obtuvo la Certificaci\u00f3n ISO 9001, lo cual reafirma su compromiso con la excelencia en la gesti\u00f3n de calidad y la satisfacci\u00f3n del cliente. La entrega oficial fue realizada por representantes de la Asociaci\u00f3n Espa\u00f1ola de Normalizaci\u00f3n y Certificaci\u00f3n (AENOR).<\/p>\n\n\n\n<figure class=\"wp-block-image size-large is-style-default\"><img loading=\"lazy\" decoding=\"async\" width=\"1024\" height=\"683\" src=\"https:\/\/diariodominicano.com\/wp-content\/uploads\/2024\/07\/CARRUJO-5-1024x683.jpg\" alt=\"\" class=\"wp-image-542961\" srcset=\"https:\/\/diariodominicano.com\/wp-content\/uploads\/2024\/07\/CARRUJO-5-1024x683.jpg 1024w, https:\/\/diariodominicano.com\/wp-content\/uploads\/2024\/07\/CARRUJO-5-300x200.jpg 300w, https:\/\/diariodominicano.com\/wp-content\/uploads\/2024\/07\/CARRUJO-5-768x512.jpg 768w, https:\/\/diariodominicano.com\/wp-content\/uploads\/2024\/07\/CARRUJO-5-1536x1024.jpg 1536w, https:\/\/diariodominicano.com\/wp-content\/uploads\/2024\/07\/CARRUJO-5-2048x1365.jpg 2048w, https:\/\/diariodominicano.com\/wp-content\/uploads\/2024\/07\/CARRUJO-5-816x544.jpg 816w\" sizes=\"auto, (max-width: 1024px) 100vw, 1024px\" \/><\/figure>\n\n\n\n<p>Elizabeth Puntiel y Juan Carlos Parra<\/p>\n\n\n\n<figure class=\"wp-block-image size-large\"><img loading=\"lazy\" decoding=\"async\" width=\"1024\" height=\"683\" src=\"https:\/\/diariodominicano.com\/wp-content\/uploads\/2024\/07\/CARRUJO-6-1024x683.jpg\" alt=\"\" class=\"wp-image-542963\" srcset=\"https:\/\/diariodominicano.com\/wp-content\/uploads\/2024\/07\/CARRUJO-6-1024x683.jpg 1024w, https:\/\/diariodominicano.com\/wp-content\/uploads\/2024\/07\/CARRUJO-6-300x200.jpg 300w, https:\/\/diariodominicano.com\/wp-content\/uploads\/2024\/07\/CARRUJO-6-768x512.jpg 768w, https:\/\/diariodominicano.com\/wp-content\/uploads\/2024\/07\/CARRUJO-6-1536x1024.jpg 1536w, https:\/\/diariodominicano.com\/wp-content\/uploads\/2024\/07\/CARRUJO-6-2048x1365.jpg 2048w, https:\/\/diariodominicano.com\/wp-content\/uploads\/2024\/07\/CARRUJO-6-816x544.jpg 816w\" sizes=\"auto, (max-width: 1024px) 100vw, 1024px\" \/><\/figure>\n\n\n\n<p>Ram\u00f3n B\u00e1ez y Francisco Javier Dur\u00e1n<\/p>\n\n\n\n<p>\u00a8Este importante logro nos posiciona como la primera empresa en la Rep\u00fablica Dominicana en obtener esta certificaci\u00f3n para la comercializaci\u00f3n de equipos de protecci\u00f3n personal y seguridad industrial. Nos sentimos altamente honrados y comprometidos\u00a8, manifest\u00f3 el presidente F\u00e9lix Morel.<\/p>\n\n\n\n<figure class=\"wp-block-image size-large\"><img loading=\"lazy\" decoding=\"async\" width=\"683\" height=\"1024\" src=\"https:\/\/diariodominicano.com\/wp-content\/uploads\/2024\/07\/CARRUJO-8-683x1024.jpg\" alt=\"\" class=\"wp-image-542966\" srcset=\"https:\/\/diariodominicano.com\/wp-content\/uploads\/2024\/07\/CARRUJO-8-683x1024.jpg 683w, https:\/\/diariodominicano.com\/wp-content\/uploads\/2024\/07\/CARRUJO-8-200x300.jpg 200w, https:\/\/diariodominicano.com\/wp-content\/uploads\/2024\/07\/CARRUJO-8-768x1152.jpg 768w, https:\/\/diariodominicano.com\/wp-content\/uploads\/2024\/07\/CARRUJO-8-1024x1536.jpg 1024w, https:\/\/diariodominicano.com\/wp-content\/uploads\/2024\/07\/CARRUJO-8-1365x2048.jpg 1365w, https:\/\/diariodominicano.com\/wp-content\/uploads\/2024\/07\/CARRUJO-8-816x1224.jpg 816w, https:\/\/diariodominicano.com\/wp-content\/uploads\/2024\/07\/CARRUJO-8-scaled.jpg 1707w\" sizes=\"auto, (max-width: 683px) 100vw, 683px\" \/><\/figure>\n\n\n\n<p><strong>Teresita Espinal y Pedro P\u00e9rez.<\/strong><\/p>\n\n\n\n<p>La actividad cont\u00f3 con la bendici\u00f3n del sacerdote Vanderson Da Silva. El corte de cinta estuvo encabezado por el presidente de CARRUJO Empresarial F\u00e9lix Morel y su esposa Elizabeth Est\u00e9vez.<\/p>\n\n\n\n<p><strong>Sobre CARRUJO Empresarial<\/strong><\/p>\n\n\n\n<p>Establecida en el a\u00f1o 2003. Ofrece servicios de asesor\u00eda y venta de zapatos de trabajo, calzados de seguridad, equipos de seguridad industrial, seguridad el\u00e9ctrica, rescate y equipos para bomberos.<\/p>\n\n\n\n<p>Su personal est\u00e1 comprometido con la mejora continua y el aprendizaje constante para ofrecer productos que garanticen la seguridad del personal de diversas industrias.<\/p>\n\n\n\n<p>Johanna Benoit<\/p>\n\n\n\n<p><a target=\"_blank\" href=\"mailto:benoit181182@gmail.com\" rel=\"noreferrer noopener\">benoit181182@gmail.com<\/a><\/p>\n","protected":false},"excerpt":{"rendered":"<p>Elizabeth Est\u00e9vez y F\u00e9lix Morel&nbsp; La nueva tienda est\u00e1 ubicada en Plaza El Paseo de la avenida 27 de Febrero Rhina Rosario y Heli Medina&nbsp;de Dur\u00e1n. C\u00e9sar S\u00e1nchez y Jos\u00e9 Santos Santiago de los Caballeros.&nbsp;CARRUJO Empresarial, empresa dedicada a ofrecer servicios de asesor\u00eda y venta de equipos de protecci\u00f3n personal y seguridad industrial abri\u00f3 su [&hellip;]<\/p>\n","protected":false},"author":2,"featured_media":542954,"comment_status":"closed","ping_status":"closed","sticky":true,"template":"","format":"standard","meta":{"footnotes":""},"categories":[36,18,25,27],"tags":[],"class_list":["post-542953","post","type-post","status-publish","format-standard","has-post-thumbnail","hentry","category-hombresmujeresycosas","category-economia","category-gente","category-portada"],"_links":{"self":[{"href":"https:\/\/diariodominicano.com\/index.php?rest_route=\/wp\/v2\/posts\/542953","targetHints":{"allow":["GET"]}}],"collection":[{"href":"https:\/\/diariodominicano.com\/index.php?rest_route=\/wp\/v2\/posts"}],"about":[{"href":"https:\/\/diariodominicano.com\/index.php?rest_route=\/wp\/v2\/types\/post"}],"author":[{"embeddable":true,"href":"https:\/\/diariodominicano.com\/index.php?rest_route=\/wp\/v2\/users\/2"}],"replies":[{"embeddable":true,"href":"https:\/\/diariodominicano.com\/index.php?rest_route=%2Fwp%2Fv2%2Fcomments&post=542953"}],"version-history":[{"count":7,"href":"https:\/\/diariodominicano.com\/index.php?rest_route=\/wp\/v2\/posts\/542953\/revisions"}],"predecessor-version":[{"id":543086,"href":"https:\/\/diariodominicano.com\/index.php?rest_route=\/wp\/v2\/posts\/542953\/revisions\/543086"}],"wp:featuredmedia":[{"embeddable":true,"href":"https:\/\/diariodominicano.com\/index.php?rest_route=\/wp\/v2\/media\/542954"}],"wp:attachment":[{"href":"https:\/\/diariodominicano.com\/index.php?rest_route=%2Fwp%2Fv2%2Fmedia&parent=542953"}],"wp:term":[{"taxonomy":"category","embeddable":true,"href":"https:\/\/diariodominicano.com\/index.php?rest_route=%2Fwp%2Fv2%2Fcategories&post=542953"},{"taxonomy":"post_tag","embeddable":true,"href":"https:\/\/diariodominicano.com\/index.php?rest_route=%2Fwp%2Fv2%2Ftags&post=542953"}],"curies":[{"name":"wp","href":"https:\/\/api.w.org\/{rel}","templated":true}]}}