{"id":54284,"date":"2020-03-28T10:59:23","date_gmt":"2020-03-28T10:59:23","guid":{"rendered":"http:\/\/diariodominicano.ddns.net\/?p=54284"},"modified":"2020-03-28T10:59:23","modified_gmt":"2020-03-28T10:59:23","slug":"juan-duarte-en-guayubin","status":"publish","type":"post","link":"https:\/\/diariodominicano.com\/?p=54284","title":{"rendered":"Juan Duarte en Guayub\u00edn"},"content":{"rendered":"<p><body><\/p>\n<p><img decoding=\"async\" src=\"img3\/Juan Pablo Duarte Diez 1.jpg\" \/>  <\/p>\n<p>Juan Duarte len Guayub\u00edn<\/p>\n<\/p>\n<p>Por HTN<\/p>\n<\/p>\n<p>    SANTO DOMINGO, el  28 de marzo de 1864, el patricio Juan Pablo Duarte y varios colaboradores llegaron a Guayub\u00edn, procedente de Venezuela, con el prop\u00f3sito de integrarse a la Guerra de la Restauraci\u00f3n.<\/p>\n<\/p>\n<p>    Junto a Juan Pablo Duarte vinieron su hermano Vicente Celestino Duarte, Manuel Rodr\u00edguez Obj\u00edo, su t\u00edo Mariano Diez y el venezolano Candelario Oquendo.<\/p>\n<\/p>\n<p>    Juan Pablo Duarte desde que se enter\u00f3 de los planes de anexar el pa\u00eds a Espa\u00f1a se manifest\u00f3 en contra y de inmediato se solidariz\u00f3 con las acciones de los restauradores.<\/p>\n<\/p>\n<p>   Cuando estall\u00f3 la Guerra de la Restauraci\u00f3n hizo m\u00faltiples esfuerzos para entrar al pa\u00eds y sumarse a las filas patri\u00f3ticas.<\/p>\n<\/p>\n<p>    Juan Pablo Duarte lleg\u00f3 al pa\u00eds despu\u00e9s de permanecer casi 20 a\u00f1os exiliado en Caracas, Venezuela.<\/p>\n<h6> 2020-03-28 10:59:23 <\/h6>\n<p><!--\n<link rel=\"stylesheet\" href=\"css\/bootstrap.min.css\">\n\n\n<ul class=\"pagination\">\n\t    \n\t\n\n<li >\n\t<a href='?page_no=643'>Previous<\/a>\n\t<\/li>\n\n\n       \n    \n\n<li><a href='?page_no=1'>1<\/a><\/li>\n\n\n\n<li><a href='?page_no=2'>2<\/a><\/li>\n\n\n\n<li><a>...<\/a><\/li>\n\n\n\n<li><a href='?page_no=642'>642<\/a><\/li>\n\n\n\n<li><a href='?page_no=643'>643<\/a><\/li>\n\n\n\n<li class='active'><a>644<\/a><\/li>\n\n\n\n<li><a href='?page_no=645'>645<\/a><\/li>\n\n\n\n<li><a href='?page_no=646'>646<\/a><\/li>\n\n\n\n<li><a>...<\/a><\/li>\n\n\n\n<li><a href='?page_no=22911'>22911<\/a><\/li>\n\n\n\n<li><a href='?page_no=22912'>22912<\/a><\/li>\n\n    \n\t\n\n<li >\n\t<a href='?page_no=645'>Next<\/a>\n\t<\/li>\n\n\n    \n\n<li><a href='?page_no=22912'>Last &rsaquo;&rsaquo;<\/a><\/li>\n\n<\/ul>\n\n\n--><br \/>\n<\/body><\/p>\n","protected":false},"excerpt":{"rendered":"<p>Juan Duarte len Guayub\u00edn Por HTN SANTO DOMINGO, el 28 de marzo de 1864, el patricio Juan Pablo Duarte y varios colaboradores llegaron a Guayub\u00edn, procedente de Venezuela, con el prop\u00f3sito de integrarse a la Guerra de la Restauraci\u00f3n. Junto a Juan Pablo Duarte vinieron su hermano Vicente Celestino Duarte, Manuel Rodr\u00edguez Obj\u00edo, su t\u00edo [&hellip;]<\/p>\n","protected":false},"author":3,"featured_media":0,"comment_status":"open","ping_status":"open","sticky":false,"template":"","format":"standard","meta":{"footnotes":""},"categories":[21],"tags":[],"class_list":["post-54284","post","type-post","status-publish","format-standard","hentry","category-cultura"],"_links":{"self":[{"href":"https:\/\/diariodominicano.com\/index.php?rest_route=\/wp\/v2\/posts\/54284","targetHints":{"allow":["GET"]}}],"collection":[{"href":"https:\/\/diariodominicano.com\/index.php?rest_route=\/wp\/v2\/posts"}],"about":[{"href":"https:\/\/diariodominicano.com\/index.php?rest_route=\/wp\/v2\/types\/post"}],"author":[{"embeddable":true,"href":"https:\/\/diariodominicano.com\/index.php?rest_route=\/wp\/v2\/users\/3"}],"replies":[{"embeddable":true,"href":"https:\/\/diariodominicano.com\/index.php?rest_route=%2Fwp%2Fv2%2Fcomments&post=54284"}],"version-history":[{"count":0,"href":"https:\/\/diariodominicano.com\/index.php?rest_route=\/wp\/v2\/posts\/54284\/revisions"}],"wp:attachment":[{"href":"https:\/\/diariodominicano.com\/index.php?rest_route=%2Fwp%2Fv2%2Fmedia&parent=54284"}],"wp:term":[{"taxonomy":"category","embeddable":true,"href":"https:\/\/diariodominicano.com\/index.php?rest_route=%2Fwp%2Fv2%2Fcategories&post=54284"},{"taxonomy":"post_tag","embeddable":true,"href":"https:\/\/diariodominicano.com\/index.php?rest_route=%2Fwp%2Fv2%2Ftags&post=54284"}],"curies":[{"name":"wp","href":"https:\/\/api.w.org\/{rel}","templated":true}]}}