{"id":542832,"date":"2024-07-04T13:06:17","date_gmt":"2024-07-04T17:06:17","guid":{"rendered":"https:\/\/diariodominicano.com\/?p=542832"},"modified":"2024-07-04T13:08:22","modified_gmt":"2024-07-04T17:08:22","slug":"policia-nacional-arresta-joven-por-presunto-abuso-sexual-contra-adolescente-de-12-anos-en-santiago","status":"publish","type":"post","link":"https:\/\/diariodominicano.com\/?p=542832","title":{"rendered":"Polic\u00eda Nacional arresta joven por presunto abuso sexual contra adolescente de 12 a\u00f1os en Santiago"},"content":{"rendered":"\n<p>ARCHIVO: <\/p>\n\n\n\n<p><strong>Santiago de los Caballeros, 4 de Julio del 2024.-<\/strong>\u00a0La Polic\u00eda Nacional inform\u00f3 el jueves  sobre el arresto de un joven acusado de presuntamente abusar sexualmente de una adolescente de 12 a\u00f1os, cuyo nombre se omite por razones legales.<\/p>\n\n\n\n<p>Se trata de Brayan de Jes\u00fas Batista, de 18 a\u00f1os, residente en Hato del Yaque, arrestado en atenci\u00f3n a la orden judicial No. AJ0007346-2024.<\/p>\n\n\n\n<p><\/p>\n\n\n\n<p>De acuerdo a la denuncia presentada por la madre de la menor, quienes residen en el municipio de San Francisco de Macor\u00eds, provincia Duarte, manifest\u00f3 que no conoc\u00eda al imputado y que \u00e9ste se comunicaba con la ni\u00f1a a trav\u00e9s de WhatsApp y la red social Instagram.<\/p>\n\n\n\n<p>Agrega el reporte que la joven viaj\u00f3 hasta esta ciudad, encontr\u00e1ndose con Brayan, hosped\u00e1ndola este en su residencia, donde, de acuerdo a las investigaciones, se produjo el presunto abuso sexual.<\/p>\n\n\n\n<p>El arresto de Brayan se produjo por agentes preventivos y de investigaci\u00f3n, adscritos a la supervisoria de Hato de Yaque, en seguimiento a la denuncia presentada por la madre.<\/p>\n\n\n\n<p>Brayan de Jes\u00fas Batista est\u00e1 en poder del Ministerio P\u00fablico para los fines legales correspondientes.<\/p>\n\n\n\n<p>policia nacional<\/p>\n\n\n\n<p><a href=\"mailto:npolicia14@gmail.com\" target=\"_blank\" rel=\"noreferrer noopener\">npolicia14@gmail.com<\/a><\/p>\n\n\n\n<p><strong>OFICINA DE INFORMACI\u00d3N Y COMUNICACIONES ESTRAT\u00c9GICAS DE LA POLIC\u00cdA NACIONAL DIRECCI\u00d3N REGIONAL CIBAO CENTRAL<\/strong><\/p>\n\n\n\n<figure class=\"wp-block-table\"><table><tbody><tr><td><\/td><td><\/td><\/tr><\/tbody><\/table><\/figure>\n","protected":false},"excerpt":{"rendered":"<p>ARCHIVO: Santiago de los Caballeros, 4 de Julio del 2024.-\u00a0La Polic\u00eda Nacional inform\u00f3 el jueves sobre el arresto de un joven acusado de presuntamente abusar sexualmente de una adolescente de 12 a\u00f1os, cuyo nombre se omite por razones legales. Se trata de Brayan de Jes\u00fas Batista, de 18 a\u00f1os, residente en Hato del Yaque, arrestado [&hellip;]<\/p>\n","protected":false},"author":2,"featured_media":409915,"comment_status":"closed","ping_status":"closed","sticky":true,"template":"","format":"standard","meta":{"footnotes":""},"categories":[24,29],"tags":[],"class_list":["post-542832","post","type-post","status-publish","format-standard","has-post-thumbnail","hentry","category-justicia-y-derecho","category-policiasucesos"],"_links":{"self":[{"href":"https:\/\/diariodominicano.com\/index.php?rest_route=\/wp\/v2\/posts\/542832","targetHints":{"allow":["GET"]}}],"collection":[{"href":"https:\/\/diariodominicano.com\/index.php?rest_route=\/wp\/v2\/posts"}],"about":[{"href":"https:\/\/diariodominicano.com\/index.php?rest_route=\/wp\/v2\/types\/post"}],"author":[{"embeddable":true,"href":"https:\/\/diariodominicano.com\/index.php?rest_route=\/wp\/v2\/users\/2"}],"replies":[{"embeddable":true,"href":"https:\/\/diariodominicano.com\/index.php?rest_route=%2Fwp%2Fv2%2Fcomments&post=542832"}],"version-history":[{"count":2,"href":"https:\/\/diariodominicano.com\/index.php?rest_route=\/wp\/v2\/posts\/542832\/revisions"}],"predecessor-version":[{"id":542835,"href":"https:\/\/diariodominicano.com\/index.php?rest_route=\/wp\/v2\/posts\/542832\/revisions\/542835"}],"wp:featuredmedia":[{"embeddable":true,"href":"https:\/\/diariodominicano.com\/index.php?rest_route=\/wp\/v2\/media\/409915"}],"wp:attachment":[{"href":"https:\/\/diariodominicano.com\/index.php?rest_route=%2Fwp%2Fv2%2Fmedia&parent=542832"}],"wp:term":[{"taxonomy":"category","embeddable":true,"href":"https:\/\/diariodominicano.com\/index.php?rest_route=%2Fwp%2Fv2%2Fcategories&post=542832"},{"taxonomy":"post_tag","embeddable":true,"href":"https:\/\/diariodominicano.com\/index.php?rest_route=%2Fwp%2Fv2%2Ftags&post=542832"}],"curies":[{"name":"wp","href":"https:\/\/api.w.org\/{rel}","templated":true}]}}