{"id":542810,"date":"2024-07-04T13:26:47","date_gmt":"2024-07-04T17:26:47","guid":{"rendered":"https:\/\/diariodominicano.com\/?p=542810"},"modified":"2024-07-04T13:26:48","modified_gmt":"2024-07-04T17:26:48","slug":"los-4-fantasticos-reunira-leyendas-del-merengue-tono-rosario-fernando-villalona-y-ramon-orlando-en-mrgrilled-de-santiago","status":"publish","type":"post","link":"https:\/\/diariodominicano.com\/?p=542810","title":{"rendered":"Los 4 Fant\u00e1sticos reunir\u00e1 leyendas del merengue To\u00f1o Rosario, Fernando Villalona y Ram\u00f3n Orlando en MrGrilled de Santiago"},"content":{"rendered":"\n<p>La compa\u00f1\u00eda Los 4 Fant\u00e1sticos anunci\u00f3 un espectacular concierto de merengue que reunir\u00e1 a tres de las m\u00e1s grandes leyendas de este g\u00e9nero musical: To\u00f1o Rosario, Fernando Villalona y Ram\u00f3n Orlando.<\/p>\n\n\n\n<p>El evento tendr\u00e1 lugar el pr\u00f3ximo 3 de agosto en MrGrilled, uno de los m\u00e1s prestigiosos centros de entretenimiento en Santiago de los Caballeros.&nbsp;<\/p>\n\n\n\n<p>Esta producci\u00f3n&nbsp;promete una noche inolvidable para todos los amantes del merengue en la regi\u00f3n del Cibao. Los asistentes tendr\u00e1n la oportunidad de disfrutar de una velada llena de ritmos, energ\u00eda y la inconfundible alegr\u00eda del merengue dominicano y otras notas rom\u00e1nticos en las voces de \u201cEl Mayimbe\u201d Fernando Villalona; To\u00f1o Rosario, conocido por sus vibrantes presentaciones y \u00e9xitos como \u00abDale vieja dale\u00bb; y Ram\u00f3n Orlando, un maestro del g\u00e9nero por excelencia de los dominicanos, se unir\u00e1n en el escenario para ofrecer un espect\u00e1culo de lujo.&nbsp;<\/p>\n\n\n\n<figure class=\"wp-block-image\"><img decoding=\"async\" src=\"https:\/\/diariodominicano.com\/wp-content\/uploads\/2024\/07\/Los-4-Fantasticos-reunira-leyendas-del-merengue-Tono-Rosario-Fernando-Villalona-y-Ramon-Orlando-en-MrGrilled-de-Santiago-820x1024.jpg\" alt=\"\"\/><\/figure>\n\n\n\n<p>\u201cEstamos emocionados de poder ofrecer al p\u00fablico de Santiago y del Cibao una noche inigualable con estas leyendas del merengue. Este evento no solo celebra la m\u00fasica y la cultura dominicana, sino que tambi\u00e9n re\u00fane a generaciones de fan\u00e1ticos que han seguido la carrera de estos \u00edconos durante d\u00e9cadas\u00bb, expres\u00f3 la productora Los 4 Fant\u00e1sticos.<\/p>\n\n\n\n<p>El concierto se llevar\u00e1 a cabo en MrGrilled, un lugar conocido por su ambiente acogedor y excelentes servicios, asegurando que todos los asistentes tengan una experiencia inolvidable. Las entradas estar\u00e1n disponibles en el mismo centro de espect\u00e1culos, y se espera una gran demanda, dado el calibre de los artistas y la anticipaci\u00f3n por este evento que cuenta con el apoyo de Reconocidos.net.&nbsp;<\/p>\n\n\n\n<p> <strong>JOSE NOVA<\/strong>\u00a0&lt;creandomundos@gmail.com><\/p>\n","protected":false},"excerpt":{"rendered":"<p>La compa\u00f1\u00eda Los 4 Fant\u00e1sticos anunci\u00f3 un espectacular concierto de merengue que reunir\u00e1 a tres de las m\u00e1s grandes leyendas de este g\u00e9nero musical: To\u00f1o Rosario, Fernando Villalona y Ram\u00f3n Orlando. El evento tendr\u00e1 lugar el pr\u00f3ximo 3 de agosto en MrGrilled, uno de los m\u00e1s prestigiosos centros de entretenimiento en Santiago de los Caballeros.&nbsp; [&hellip;]<\/p>\n","protected":false},"author":7,"featured_media":542848,"comment_status":"closed","ping_status":"closed","sticky":false,"template":"","format":"standard","meta":{"footnotes":""},"categories":[25],"tags":[],"class_list":["post-542810","post","type-post","status-publish","format-standard","has-post-thumbnail","hentry","category-gente"],"_links":{"self":[{"href":"https:\/\/diariodominicano.com\/index.php?rest_route=\/wp\/v2\/posts\/542810","targetHints":{"allow":["GET"]}}],"collection":[{"href":"https:\/\/diariodominicano.com\/index.php?rest_route=\/wp\/v2\/posts"}],"about":[{"href":"https:\/\/diariodominicano.com\/index.php?rest_route=\/wp\/v2\/types\/post"}],"author":[{"embeddable":true,"href":"https:\/\/diariodominicano.com\/index.php?rest_route=\/wp\/v2\/users\/7"}],"replies":[{"embeddable":true,"href":"https:\/\/diariodominicano.com\/index.php?rest_route=%2Fwp%2Fv2%2Fcomments&post=542810"}],"version-history":[{"count":1,"href":"https:\/\/diariodominicano.com\/index.php?rest_route=\/wp\/v2\/posts\/542810\/revisions"}],"predecessor-version":[{"id":542849,"href":"https:\/\/diariodominicano.com\/index.php?rest_route=\/wp\/v2\/posts\/542810\/revisions\/542849"}],"wp:featuredmedia":[{"embeddable":true,"href":"https:\/\/diariodominicano.com\/index.php?rest_route=\/wp\/v2\/media\/542848"}],"wp:attachment":[{"href":"https:\/\/diariodominicano.com\/index.php?rest_route=%2Fwp%2Fv2%2Fmedia&parent=542810"}],"wp:term":[{"taxonomy":"category","embeddable":true,"href":"https:\/\/diariodominicano.com\/index.php?rest_route=%2Fwp%2Fv2%2Fcategories&post=542810"},{"taxonomy":"post_tag","embeddable":true,"href":"https:\/\/diariodominicano.com\/index.php?rest_route=%2Fwp%2Fv2%2Ftags&post=542810"}],"curies":[{"name":"wp","href":"https:\/\/api.w.org\/{rel}","templated":true}]}}