{"id":542788,"date":"2024-07-04T10:11:54","date_gmt":"2024-07-04T14:11:54","guid":{"rendered":"https:\/\/diariodominicano.com\/?p=542788"},"modified":"2024-07-04T10:12:03","modified_gmt":"2024-07-04T14:12:03","slug":"didactica-presenta-nueva-imagen-corporativa-y-reafirma-su-compromiso-de-ofrecer-servicios-de-formacion-y-asesoria-a-nivel-corporativo","status":"publish","type":"post","link":"https:\/\/diariodominicano.com\/?p=542788","title":{"rendered":"Did\u00e1ctica presenta nueva imagen Corporativa y reafirma su compromiso de ofrecer servicios de formaci\u00f3n y asesor\u00eda a nivel corporativo"},"content":{"rendered":"\n<p>diariodominicano.com<\/p>\n\n\n\n<p>Santo Domingo, R. D.,\u20024 de julio, 2024.-\u2002Durante un encuentro con el sector empresarial y educativo, Did\u00e1ctica, empresa dedicada desde hace m\u00e1s de 10 a\u00f1os a la formaci\u00f3n y asesor\u00eda a nivel corporativo\u00a0<a>present\u00f3 su nueva imagen, la cual es un reflejo de la evoluci\u00f3n, crecimiento y desarrollo de la misma, mostrando una imagen m\u00e1s fresca, renovada y acorde a los nuevos tiempos. Con la renovaci\u00f3n de su imagen e identidad la empresa reafirma su compromiso de formar parte de la transformaci\u00f3n de una mejor sociedad.<\/a><\/p>\n\n\n\n<p>Did\u00e1ctica es una empresa dedicada a ofrecer soluciones personalizadas, que cree en el poder del aprendizaje continuo, en la importancia de la innovaci\u00f3n educativa y en el impacto duradero de una formaci\u00f3n de calidad tanto para individuos como para organizaciones. A trav\u00e9s de los a\u00f1os Did\u00e1ctica ha formado parte de grandes proyectos tanto en el sector empresarial, como gubernamental y educativo, ofreciendo servicios al sector bancario, aseguradoras, diferentes ministerios del gobierno, instituciones educativas, colegios y universidades del pa\u00eds, as\u00ed como a organismos internacionales y organizaciones sin fines de lucro.<\/p>\n\n\n\n<p>La doctora Margarita Heinsen, fundadora y presidenta de Did\u00e1ctica, al pronunciar las palabras centrales del evento, expres\u00f3: \u201cReafirmamos nuestro compromiso con la misi\u00f3n de asesorar, dise\u00f1ar e implementar proyectos y programas de desarrollo y formaci\u00f3n de calidad que respondan a las demandas de la sociedad actual, con el apoyo de un equipo altamente calificado y comprometido para llegar a ser la plataforma m\u00e1s robusta del mercado dominicano de formaci\u00f3n y asesor\u00eda en desarrollo profesional, personal y de proyectos educativos, ofreciendo servicios de calidad y contribuyendo al desarrollo de una mejor sociedad\u201d.<\/p>\n\n\n\n<p>Did\u00e1ctica ha llevado a cabo grandes proyectos, incluyendo m\u00e1s de 1,000 charlas impartidas a padres, madres y familias en el \u00e1mbito educativo y empresarial y m\u00e1s de 9,000 docentes del sector p\u00fablico y m\u00e1s de 5,000 docentes y alrededor de 50 centros educativos del sector privado que han participado en programas formativos. 45,000 ni\u00f1os y j\u00f3venes han sido impactados a trav\u00e9s de programas educativos en alianza con otras empresas e instituciones. Ha ofrecido asesor\u00eda a m\u00e1s de 10 empresas, instituciones gubernamentales y organismos internacionales y a m\u00e1s de 40 centros educativos. M\u00e1s de 100 j\u00f3venes han sido beneficiados con becas empresariales gestionadas por Did\u00e1ctica. El podcast cuenta con m\u00e1s de 200 episodios con contenido educativo y de crecimiento.<\/p>\n\n\n\n<p>A lo largo de m\u00e1s de 15 a\u00f1os Did\u00e1ctica ha tenido importantes desarrollos como son: en el a\u00f1o 2017 cre\u00f3 el programa ConstruYO de desarrollo y aprendizaje socioemocional para el Nivel Educativo Inicial, en el a\u00f1o 2017 nace la Fundaci\u00f3n Did\u00e1ctica, enfocada en educaci\u00f3n emocional para sectores con menos recursos y posibilidades y en el 2018 lanz\u00f3 el programa Did\u00e1ctica Radio, que hoy es el podcast Did\u00e1ctica Online.<\/p>\n\n\n\n<p>Finalmente, Margarita Heinsen, agradeci\u00f3 a todos sus colaboradores que desde el principio creyeron en el proyecto como son la coordinadora de proyectos, Sof\u00eda Maratos; Gladys de la Rosa, Gestora administrativa; Eldy P\u00e9rez, dise\u00f1ador, Jeannette Chaljub, educadora, Cristina Amiama, psicopedagoga, Victoria Mart\u00ednez, Psic\u00f3loga, entre otros.<\/p>\n\n\n\n<p>\u201cHoy reafirmamos nuestra pasi\u00f3n por la excelencia, el aprendizaje, la formaci\u00f3n continua y la profesionalidad, as\u00ed como de nuestros valores (liderazgo, colaboraci\u00f3n, creatividad, integridad, responsabilidad y compromiso social)\u201d.<\/p>\n\n\n\n<p><strong>Acerca de la doctora Margarita Heinsen, fundadora y presidenta de Did\u00e1ctica:<\/strong><\/p>\n\n\n\n<p>Margarita es madre, esposa, educadora y emprendedora. Es Doctora en Educaci\u00f3n, certificada en Coaching Educativo, postgrado en Entornos Virtuales de Aprendizaje. Fue becaria de Fulbright. Tiene dos maestr\u00edas en educaci\u00f3n de Framingham State College y de Boston College, un certificado en Din\u00e1mica de Grupos y un M\u00e1ster en Educaci\u00f3n Emocional y Bienestar de la RIEEB. Es conferencista, formadora y asesora en el sector p\u00fablico y privado. Fue directora fundadora y profesora de la Escuela de Educaci\u00f3n y Decana de Innovaci\u00f3n en la Universidad Iberoamericana (UNIBE). Es fundadora y presidenta de Did\u00e1ctica SRL desde el 2010 y de Fundaci\u00f3n Did\u00e1ctica. Co-Creadora del programa \u00abConstruYO\u00bb de desarrollo y aprendizaje socioemocional. Autora de diversos art\u00edculos y manuales, incluyendo el libro \u201cAutoestima y Tacto Pedag\u00f3gico\u201d de Editorial Narcea, Espa\u00f1a. Es conductora del podcast \u201cDid\u00e1ctica Online\u201d con m\u00e1s de 200 episodios de temas relevantes para el crecimiento y el aprendizaje.\u00a0<\/p>\n\n\n\n<p><em>Henry Coradin Relaciones P\u00fablicas &amp; Eventos<\/em><\/p>\n","protected":false},"excerpt":{"rendered":"<p>diariodominicano.com Santo Domingo, R. D.,\u20024 de julio, 2024.-\u2002Durante un encuentro con el sector empresarial y educativo, Did\u00e1ctica, empresa dedicada desde hace m\u00e1s de 10 a\u00f1os a la formaci\u00f3n y asesor\u00eda a nivel corporativo\u00a0present\u00f3 su nueva imagen, la cual es un reflejo de la evoluci\u00f3n, crecimiento y desarrollo de la misma, mostrando una imagen m\u00e1s fresca, [&hellip;]<\/p>\n","protected":false},"author":5,"featured_media":542789,"comment_status":"closed","ping_status":"closed","sticky":true,"template":"","format":"standard","meta":{"footnotes":""},"categories":[20,25,27],"tags":[],"class_list":["post-542788","post","type-post","status-publish","format-standard","has-post-thumbnail","hentry","category-dominicana-hoy","category-gente","category-portada"],"_links":{"self":[{"href":"https:\/\/diariodominicano.com\/index.php?rest_route=\/wp\/v2\/posts\/542788","targetHints":{"allow":["GET"]}}],"collection":[{"href":"https:\/\/diariodominicano.com\/index.php?rest_route=\/wp\/v2\/posts"}],"about":[{"href":"https:\/\/diariodominicano.com\/index.php?rest_route=\/wp\/v2\/types\/post"}],"author":[{"embeddable":true,"href":"https:\/\/diariodominicano.com\/index.php?rest_route=\/wp\/v2\/users\/5"}],"replies":[{"embeddable":true,"href":"https:\/\/diariodominicano.com\/index.php?rest_route=%2Fwp%2Fv2%2Fcomments&post=542788"}],"version-history":[{"count":1,"href":"https:\/\/diariodominicano.com\/index.php?rest_route=\/wp\/v2\/posts\/542788\/revisions"}],"predecessor-version":[{"id":542790,"href":"https:\/\/diariodominicano.com\/index.php?rest_route=\/wp\/v2\/posts\/542788\/revisions\/542790"}],"wp:featuredmedia":[{"embeddable":true,"href":"https:\/\/diariodominicano.com\/index.php?rest_route=\/wp\/v2\/media\/542789"}],"wp:attachment":[{"href":"https:\/\/diariodominicano.com\/index.php?rest_route=%2Fwp%2Fv2%2Fmedia&parent=542788"}],"wp:term":[{"taxonomy":"category","embeddable":true,"href":"https:\/\/diariodominicano.com\/index.php?rest_route=%2Fwp%2Fv2%2Fcategories&post=542788"},{"taxonomy":"post_tag","embeddable":true,"href":"https:\/\/diariodominicano.com\/index.php?rest_route=%2Fwp%2Fv2%2Ftags&post=542788"}],"curies":[{"name":"wp","href":"https:\/\/api.w.org\/{rel}","templated":true}]}}