{"id":542766,"date":"2024-07-04T07:51:16","date_gmt":"2024-07-04T11:51:16","guid":{"rendered":"https:\/\/diariodominicano.com\/?p=542766"},"modified":"2024-07-04T07:54:19","modified_gmt":"2024-07-04T11:54:19","slug":"por-que-es-tan-importante-el-4-de-julio-en-estados-unidos","status":"publish","type":"post","link":"https:\/\/diariodominicano.com\/?p=542766","title":{"rendered":"\u00bfPor qu\u00e9 es tan importante el 4 de julio en Estados Unidos?"},"content":{"rendered":"\n<p>La estaci\u00f3n de trenes Union Station de Washington DC decorada con banderas estadounidenses en honor al D\u00eda de la Independencia de Estados Unidos que se celebra el 4 de julio.<\/p>\n\n\n\n<p>julio 04, 2024<\/p>\n\n\n\n<ul class=\"wp-block-list\">\n<li><a href=\"https:\/\/www.vozdeamerica.com\/author\/salome-ramirez-vargas\/qu_vo\">Salom\u00e9 Ram\u00edrez Vargas<\/a><\/li>\n<\/ul>\n\n\n\n<hr class=\"wp-block-separator has-alpha-channel-opacity\"\/>\n\n\n\n<p><a href=\"https:\/\/www.vozdeamerica.com\/a\/eeuu-importancia-del-4-de-julio-\/7683873.html#comments\">&nbsp;Vea comentarios<\/a><\/p>\n\n\n\n<p>Estados Unidos celebra este jueves una de las fechas m\u00e1s importantes de su historia. Entre decoraciones, fiestas y fuegos artificiales, los estadounidenses se re\u00fanen para conmemorar el D\u00eda de la Independencia de su pa\u00eds.<\/p>\n\n\n\n<p>WASHINGTON \u2014&nbsp;<\/p>\n\n\n\n<p>Estados Unidos se viste de rojo, blanco y azul este jueves para celebrar el D\u00eda de la Independencia. Millones de personas se re\u00fanen en fiestas, barbacoas y desfiles en conmemoraci\u00f3n a una de las fechas m\u00e1s importantes del pa\u00eds: el 4 de julio.<\/p>\n\n\n\n<p>Este d\u00eda conmemora los acontecimientos de 1776, cuando se adopt\u00f3 oficialmente la Declaraci\u00f3n de Independencia, proclamando la separaci\u00f3n de EEUU de Gran Breta\u00f1a y dando as\u00ed nacimiento a la naci\u00f3n.<\/p>\n\n\n\n<p>La festividad ha tomado diferentes significados a lo largo de los a\u00f1os. En sus inicios, algunos colonos celebraron la reci\u00e9n ganada independencia con funerales simulados para el rey brit\u00e1nico Jorge III, como una forma de \u201csimbolizar\u201d el fin de la monarqu\u00eda en EEUU.<\/p>\n\n\n\n<p>Sin embargo, la tradici\u00f3n de realizar una fiesta patri\u00f3tica se generaliz\u00f3 a\u00fan m\u00e1s despu\u00e9s de la Guerra de 1812 -seg\u00fan la Biblioteca del Congreso-, en la que EEUU se enfrent\u00f3 de nuevo a Gran Breta\u00f1a.<\/p>\n\n\n\n<p><a href=\"https:\/\/www.vozdeamerica.com\/a\/eeuu-5-cosas-que-debes-saber-sobre-el-4-de-julio-\/7683994.html\"><\/a><\/p>\n\n\n\n<p><a href=\"https:\/\/www.vozdeamerica.com\/a\/eeuu-5-cosas-que-debes-saber-sobre-el-4-de-julio-\/7683994.html\">TAMBI\u00c9N LEA<\/a><\/p>\n\n\n\n<h4 class=\"wp-block-heading\"><a href=\"https:\/\/www.vozdeamerica.com\/a\/eeuu-5-cosas-que-debes-saber-sobre-el-4-de-julio-\/7683994.html\">EEUU: 5 cosas que debes saber sobre el 4 de julio<\/a><\/h4>\n\n\n\n<p>En 1870, se declar\u00f3 oficialmente el 4 de julio como feriado federal, y no fue hasta 1941 cuando se determin\u00f3 otorgar vacaciones pagadas a los empleados del Gobierno este d\u00eda.<\/p>\n\n\n\n<h3 class=\"wp-block-heading\">Celebraci\u00f3n familiar<\/h3>\n\n\n\n<p>A pesar de ser una festividad estadounidense, millones de migrantes en el pa\u00eds se unen a las celebraciones y tradiciones del 4 de julio.<\/p>\n\n\n\n<p>Yudith L\u00f3pez, una cubana nacionalizada en EEUU, dijo a la&nbsp;<strong><em>Voz de Am\u00e9rica<\/em><\/strong>&nbsp;que celebrar este d\u00eda es \u201crendir tributo al pa\u00eds que nos acogi\u00f3 hace ocho a\u00f1os\u201d.<\/p>\n\n\n\n<p>Junto a su esposo, su hijo y su madre, con quienes vive en Cape Coral, en el estado de Florida, cada a\u00f1o abren espacio para ir a la playa y disfrutar de los fuegos artificiales. \u201cEs un momento muy lindo en el que personas de dis\u00edmiles or\u00edgenes se unen para saludar a esta gran naci\u00f3n\u201d, concluy\u00f3 L\u00f3pez.<\/p>\n\n\n\n<h3 class=\"wp-block-heading\">El calor protagoniza la fiesta<\/h3>\n\n\n\n<p>Los desfiles al aire libre son parte tradicional de las celebraciones del 4 de julio en Estados Unidos. Sin embargo, las altas temperaturas del verano podr\u00edan hacer que los ciudadanos reconsideren sus planes para festejar.<\/p>\n\n\n\n<p>M\u00e1s de 100 millones de personas en todo EEUU est\u00e1n bajo advertencias de calor hasta el domingo, y las ciudades de la costa este se preparaban para temperaturas r\u00e9cord a medida que&nbsp;<strong><em><a href=\"https:\/\/www.vozdeamerica.com\/a\/que-es-un-domo-de-calor-\/7661156.html\" target=\"_blank\" rel=\"noreferrer noopener\">el domo de calor<\/a>&nbsp;<\/em><\/strong>que causa las peligrosas condiciones, se expande hacia la costa oeste.<\/p>\n\n\n\n<p>Casi el 64 % de los viajeros estadounidenses indican que el aumento de las temperaturas locales los est\u00e1 llevando a buscar lugares de vacaciones con temperaturas m\u00e1s amables, seg\u00fan datos de Booking.com, una p\u00e1gina de reservas de viaje.<\/p>\n\n\n\n<p>En ciudades como la capital Washington, donde ocurre el Desfile Nacional del D\u00eda de la Independencia, en los d\u00edas previos a la celebraci\u00f3n se registraron temperaturas de hasta 38 grados Celsius, con sensaci\u00f3n t\u00e9rmica de m\u00e1s de 40 grados.<\/p>\n\n\n\n<h3 class=\"wp-block-heading\">Una festividad para viajar<\/h3>\n\n\n\n<p>A diferencia de algunos pa\u00edses latinoamericanos, donde los d\u00edas feriados ocurren con frecuencia, en Estados Unidos apenas existen 11 fechas en las que los trabajadores est\u00e1n libres y los estudiantes no asisten a clase. Por lo tanto, cada festivo es una posibilidad para viajar a otros destinos.<\/p>\n\n\n\n<p>Se anticipa que millones de estadounidenses se est\u00e1n preparando para salir de sus ciudades, lo que representa carreteras muy transitadas, y aeropuertos y estaciones de tren abarrotados.<\/p>\n\n\n\n<p><video poster=\"https:\/\/gdb.voanews.com\/01000000-0a00-0242-a125-08dc9ace8999_tv_w650_r1.jpg\" src=\"blob:https:\/\/www.vozdeamerica.com\/92572226-c91e-420c-9ae5-be71ce17d059\"><\/video><\/p>\n\n\n\n<p>&nbsp;INSERTAR&nbsp;SHARE<\/p>\n\n\n\n<h5 class=\"wp-block-heading\"><a href=\"https:\/\/www.vozdeamerica.com\/a\/eeuu-importancia-del-4-de-julio-\/7682673.html\" target=\"_blank\" rel=\"noreferrer noopener\">EEUU prev\u00e9 cantidad r\u00e9cord de viajeros durante fin de semana largo<\/a><\/h5>\n\n\n\n<p><\/p>\n\n\n\n<hr class=\"wp-block-separator has-alpha-channel-opacity\"\/>\n\n\n\n<ul class=\"wp-block-list\">\n<li><a href=\"https:\/\/facebook.com\/sharer.php?u=https%3a%2f%2fwww.vozdeamerica.com%2fa%2f7682673.html\" target=\"_blank\" rel=\"noreferrer noopener\">Comparta en Facebook<\/a><\/li>\n\n\n\n<li><a href=\"https:\/\/twitter.com\/share?url=https%3a%2f%2fwww.vozdeamerica.com%2fa%2f7682673.html&amp;text=EEUU+prev%c3%a9+cantidad+r%c3%a9cord+de+viajeros+durante+fin+de+semana+largo\" target=\"_blank\" rel=\"noreferrer noopener\">Comparta en Twitter<\/a><\/li>\n<\/ul>\n\n\n\n<hr class=\"wp-block-separator has-alpha-channel-opacity\"\/>\n\n\n\n<p><a href=\"https:\/\/www.vozdeamerica.com\/embed\/player\/Article\/7682673.html?type=video&amp;FullScreenMode=True\" target=\"_blank\" rel=\"noreferrer noopener\"><\/a><\/p>\n\n\n\n<p>&nbsp;Descargar&nbsp;<\/p>\n\n\n\n<p>El club de motor AAA proyecta que unos 70,9 millones de viajeros se dirigir\u00e1n a destinos localizados a 80 kil\u00f3metros o m\u00e1s de sus hogares por el D\u00eda de la Independencia, mientras la Administraci\u00f3n de Seguridad del Transporte espera examinar a m\u00e1s de 32 millones de personas en los aeropuertos desde este jueves hasta el 8 de julio, un 5,4 % m\u00e1s que las cifras del a\u00f1o pasado.<\/p>\n\n\n\n<p>Expertos recomiendan salir temprano hacia sus destinos para garantizar tener tiempo suficiente de llegada o para pasar por seguridad en los aeropuertos. Adem\u00e1s, exhortan a estar atento al clima en los lugares de destino para evitar sorpresas.<\/p>\n\n\n\n<p><em>[Con informaci\u00f3n de Reuters y Associated Press]<\/em><\/p>\n\n\n\n<p>VOA<\/p>\n","protected":false},"excerpt":{"rendered":"<p>La estaci\u00f3n de trenes Union Station de Washington DC decorada con banderas estadounidenses en honor al D\u00eda de la Independencia de Estados Unidos que se celebra el 4 de julio. julio 04, 2024 &nbsp;Vea comentarios Estados Unidos celebra este jueves una de las fechas m\u00e1s importantes de su historia. Entre decoraciones, fiestas y fuegos artificiales, [&hellip;]<\/p>\n","protected":false},"author":2,"featured_media":542767,"comment_status":"closed","ping_status":"closed","sticky":false,"template":"","format":"standard","meta":{"footnotes":""},"categories":[21,36,26],"tags":[],"class_list":["post-542766","post","type-post","status-publish","format-standard","has-post-thumbnail","hentry","category-cultura","category-hombresmujeresycosas","category-efemerides"],"_links":{"self":[{"href":"https:\/\/diariodominicano.com\/index.php?rest_route=\/wp\/v2\/posts\/542766","targetHints":{"allow":["GET"]}}],"collection":[{"href":"https:\/\/diariodominicano.com\/index.php?rest_route=\/wp\/v2\/posts"}],"about":[{"href":"https:\/\/diariodominicano.com\/index.php?rest_route=\/wp\/v2\/types\/post"}],"author":[{"embeddable":true,"href":"https:\/\/diariodominicano.com\/index.php?rest_route=\/wp\/v2\/users\/2"}],"replies":[{"embeddable":true,"href":"https:\/\/diariodominicano.com\/index.php?rest_route=%2Fwp%2Fv2%2Fcomments&post=542766"}],"version-history":[{"count":2,"href":"https:\/\/diariodominicano.com\/index.php?rest_route=\/wp\/v2\/posts\/542766\/revisions"}],"predecessor-version":[{"id":542769,"href":"https:\/\/diariodominicano.com\/index.php?rest_route=\/wp\/v2\/posts\/542766\/revisions\/542769"}],"wp:featuredmedia":[{"embeddable":true,"href":"https:\/\/diariodominicano.com\/index.php?rest_route=\/wp\/v2\/media\/542767"}],"wp:attachment":[{"href":"https:\/\/diariodominicano.com\/index.php?rest_route=%2Fwp%2Fv2%2Fmedia&parent=542766"}],"wp:term":[{"taxonomy":"category","embeddable":true,"href":"https:\/\/diariodominicano.com\/index.php?rest_route=%2Fwp%2Fv2%2Fcategories&post=542766"},{"taxonomy":"post_tag","embeddable":true,"href":"https:\/\/diariodominicano.com\/index.php?rest_route=%2Fwp%2Fv2%2Ftags&post=542766"}],"curies":[{"name":"wp","href":"https:\/\/api.w.org\/{rel}","templated":true}]}}