{"id":542763,"date":"2024-07-04T07:40:13","date_gmt":"2024-07-04T11:40:13","guid":{"rendered":"https:\/\/diariodominicano.com\/?p=542763"},"modified":"2024-07-04T07:40:16","modified_gmt":"2024-07-04T11:40:16","slug":"miembros-y-dirigentes-del-pld-saludan-la-decision-de-designar-el-x-congreso-ordinario-con-el-nombre-de-reinaldo-pared-perez","status":"publish","type":"post","link":"https:\/\/diariodominicano.com\/?p=542763","title":{"rendered":"Miembros y dirigentes del PLD\u00a0saludan la decisi\u00f3n de designar el X Congreso Ordinario  con el nombre de Reinaldo Pared P\u00e9rez"},"content":{"rendered":"\n<p><strong>Miembros y dirigentes del Partido de la Liberaci\u00f3n Dominicana (PLD)\u00a0<\/strong>saludaron la decisi\u00f3n de la Comisi\u00f3n Organizadora del X Congreso Ordinario del PLD al designarlo  con el nombre de Reinaldo Pared P\u00e9rez.<\/p>\n\n\n\n<p>En rueda de prensa\u00a0\u00a0realizada el\u00a0\u00a0 martes, la comisi\u00f3n organizadora dio a conocer la decisi\u00f3n adoptada\u00a0\u00a0de designar el X Congreso Ordinario con el nombre de Reinaldo Pared P\u00e9rez, secretario general Ad \u2013 Vitam del Partido de la Liberaci\u00f3n Dominicana.<\/p>\n\n\n\n<p>Como reacci\u00f3n al anuncio miembros y dirigentes del PLD resaltaron la integridad, entrega y sacrificio al Partido y la defensa que siempre hizo a la organizaci\u00f3n y la solidaridad, que siempre le acompa\u00f1\u00f3.<\/p>\n\n\n\n<p>Tambi\u00e9n destacaron de Pared P\u00e9rez su lealtad a la causa que defendi\u00f3 y que siempre fue un ente de moderaci\u00f3n a favor de la unidad partidaria.<\/p>\n\n\n\n<p>Las opiniones se han hecho p\u00fablica en los medios de comunicaci\u00f3n y en los grupos de Pelede\u00edsta en aplicaciones digitales usadas como mensajer\u00eda, refiere el PLD en un comunicado de prensa..<\/p>\n\n\n\n<p>Al responder una pregunta de los periodistas al finalizar la rueda de prensa en la que se oficializ\u00f3 el nombre de Reinaldo Pared P\u00e9rez al Congreso y se ratific\u00f3 la convocatoria a la Plenaria de Apertura el pr\u00f3ximo domingo, Cristina Lizardo explic\u00f3 que recibi\u00f3 una misiva de Ingrid Mendoza de Pared con la anuencia para el uso del nombre de su finado esposo para designar el pr\u00f3ximo Congreso.<\/p>\n\n\n\n<p>Explic\u00f3 Lizardo&nbsp;&nbsp;que en la reuni\u00f3n del Comit\u00e9 Central se hizo la sugerencia, por lo que escribi\u00f3 a Ingrid Mendoza de Pared, explicando lo sugerido, recibiendo en ese sentido su respuesta favorable y su&nbsp;&nbsp;anuencia para el uso del nombre de Reinaldo Pared P\u00e9rez para designar el X Congreso Ordinario del PLD.<\/p>\n\n\n\n<p><strong>SECRETARIA COMUNICACIONES<\/strong><\/p>\n\n\n\n<p><strong>03 DE JULIO, 2024.-<\/strong><\/p>\n","protected":false},"excerpt":{"rendered":"<p>Miembros y dirigentes del Partido de la Liberaci\u00f3n Dominicana (PLD)\u00a0saludaron la decisi\u00f3n de la Comisi\u00f3n Organizadora del X Congreso Ordinario del PLD al designarlo con el nombre de Reinaldo Pared P\u00e9rez. En rueda de prensa\u00a0\u00a0realizada el\u00a0\u00a0 martes, la comisi\u00f3n organizadora dio a conocer la decisi\u00f3n adoptada\u00a0\u00a0de designar el X Congreso Ordinario con el nombre de [&hellip;]<\/p>\n","protected":false},"author":2,"featured_media":542764,"comment_status":"closed","ping_status":"closed","sticky":false,"template":"","format":"standard","meta":{"footnotes":""},"categories":[26,22],"tags":[],"class_list":["post-542763","post","type-post","status-publish","format-standard","has-post-thumbnail","hentry","category-efemerides","category-politica"],"_links":{"self":[{"href":"https:\/\/diariodominicano.com\/index.php?rest_route=\/wp\/v2\/posts\/542763","targetHints":{"allow":["GET"]}}],"collection":[{"href":"https:\/\/diariodominicano.com\/index.php?rest_route=\/wp\/v2\/posts"}],"about":[{"href":"https:\/\/diariodominicano.com\/index.php?rest_route=\/wp\/v2\/types\/post"}],"author":[{"embeddable":true,"href":"https:\/\/diariodominicano.com\/index.php?rest_route=\/wp\/v2\/users\/2"}],"replies":[{"embeddable":true,"href":"https:\/\/diariodominicano.com\/index.php?rest_route=%2Fwp%2Fv2%2Fcomments&post=542763"}],"version-history":[{"count":1,"href":"https:\/\/diariodominicano.com\/index.php?rest_route=\/wp\/v2\/posts\/542763\/revisions"}],"predecessor-version":[{"id":542765,"href":"https:\/\/diariodominicano.com\/index.php?rest_route=\/wp\/v2\/posts\/542763\/revisions\/542765"}],"wp:featuredmedia":[{"embeddable":true,"href":"https:\/\/diariodominicano.com\/index.php?rest_route=\/wp\/v2\/media\/542764"}],"wp:attachment":[{"href":"https:\/\/diariodominicano.com\/index.php?rest_route=%2Fwp%2Fv2%2Fmedia&parent=542763"}],"wp:term":[{"taxonomy":"category","embeddable":true,"href":"https:\/\/diariodominicano.com\/index.php?rest_route=%2Fwp%2Fv2%2Fcategories&post=542763"},{"taxonomy":"post_tag","embeddable":true,"href":"https:\/\/diariodominicano.com\/index.php?rest_route=%2Fwp%2Fv2%2Ftags&post=542763"}],"curies":[{"name":"wp","href":"https:\/\/api.w.org\/{rel}","templated":true}]}}