{"id":54273,"date":"2020-03-28T11:01:11","date_gmt":"2020-03-28T11:01:11","guid":{"rendered":"http:\/\/diariodominicano.ddns.net\/?p=54273"},"modified":"2020-03-28T11:01:11","modified_gmt":"2020-03-28T11:01:11","slug":"muere-maestra-luisa-ozema-pellerano","status":"publish","type":"post","link":"https:\/\/diariodominicano.com\/?p=54273","title":{"rendered":"Muere maestra Luisa Ozema Pellerano"},"content":{"rendered":"<p><body><\/p>\n<p><strong>Diariodominicano.com<\/strong><\/p>\n<p><strong>Muere maestra Luisa Ozema Pellerano <\/strong><\/p>\n<p><strong>Por HTN<\/strong><\/p>\n<p><strong> <\/strong><\/p>\n<p><strong>    SANTO  DOMINGO, el  28 de marzo de 1947<\/strong>,  muri\u00f3 en la ciudad de Santo Domingo, la educadora Luisa Ozema Pellerano.<\/p>\n<\/p>\n<p>    Luisa Ozema Pellerano fue una de las primeras maestras normales que se gradu\u00f3 en el Instituto de Se\u00f1oritas Salom\u00e9 Ure\u00f1a.<\/p>\n<\/p>\n<p>     La educadora hab\u00eda nacido en la ciudad de Santo Domingo, el 9 de enero 1870.<\/p>\n<\/p>\n<\/p>\n<h6> 2020-03-28 11:01:11 <\/h6>\n<p><!--\n<link rel=\"stylesheet\" href=\"css\/bootstrap.min.css\">\n\n\n<ul class=\"pagination\">\n\t    \n\t\n\n<li >\n\t<a href='?page_no=642'>Previous<\/a>\n\t<\/li>\n\n\n       \n    \n\n<li><a href='?page_no=1'>1<\/a><\/li>\n\n\n\n<li><a href='?page_no=2'>2<\/a><\/li>\n\n\n\n<li><a>...<\/a><\/li>\n\n\n\n<li><a href='?page_no=641'>641<\/a><\/li>\n\n\n\n<li><a href='?page_no=642'>642<\/a><\/li>\n\n\n\n<li class='active'><a>643<\/a><\/li>\n\n\n\n<li><a href='?page_no=644'>644<\/a><\/li>\n\n\n\n<li><a href='?page_no=645'>645<\/a><\/li>\n\n\n\n<li><a>...<\/a><\/li>\n\n\n\n<li><a href='?page_no=22911'>22911<\/a><\/li>\n\n\n\n<li><a href='?page_no=22912'>22912<\/a><\/li>\n\n    \n\t\n\n<li >\n\t<a href='?page_no=644'>Next<\/a>\n\t<\/li>\n\n\n    \n\n<li><a href='?page_no=22912'>Last &rsaquo;&rsaquo;<\/a><\/li>\n\n<\/ul>\n\n\n--><br \/>\n<\/body><\/p>\n","protected":false},"excerpt":{"rendered":"<p>Diariodominicano.com Muere maestra Luisa Ozema Pellerano Por HTN SANTO DOMINGO, el 28 de marzo de 1947, muri\u00f3 en la ciudad de Santo Domingo, la educadora Luisa Ozema Pellerano. Luisa Ozema Pellerano fue una de las primeras maestras normales que se gradu\u00f3 en el Instituto de Se\u00f1oritas Salom\u00e9 Ure\u00f1a. La educadora hab\u00eda nacido en la ciudad [&hellip;]<\/p>\n","protected":false},"author":3,"featured_media":0,"comment_status":"open","ping_status":"open","sticky":false,"template":"","format":"standard","meta":{"footnotes":""},"categories":[21],"tags":[],"class_list":["post-54273","post","type-post","status-publish","format-standard","hentry","category-cultura"],"_links":{"self":[{"href":"https:\/\/diariodominicano.com\/index.php?rest_route=\/wp\/v2\/posts\/54273","targetHints":{"allow":["GET"]}}],"collection":[{"href":"https:\/\/diariodominicano.com\/index.php?rest_route=\/wp\/v2\/posts"}],"about":[{"href":"https:\/\/diariodominicano.com\/index.php?rest_route=\/wp\/v2\/types\/post"}],"author":[{"embeddable":true,"href":"https:\/\/diariodominicano.com\/index.php?rest_route=\/wp\/v2\/users\/3"}],"replies":[{"embeddable":true,"href":"https:\/\/diariodominicano.com\/index.php?rest_route=%2Fwp%2Fv2%2Fcomments&post=54273"}],"version-history":[{"count":0,"href":"https:\/\/diariodominicano.com\/index.php?rest_route=\/wp\/v2\/posts\/54273\/revisions"}],"wp:attachment":[{"href":"https:\/\/diariodominicano.com\/index.php?rest_route=%2Fwp%2Fv2%2Fmedia&parent=54273"}],"wp:term":[{"taxonomy":"category","embeddable":true,"href":"https:\/\/diariodominicano.com\/index.php?rest_route=%2Fwp%2Fv2%2Fcategories&post=54273"},{"taxonomy":"post_tag","embeddable":true,"href":"https:\/\/diariodominicano.com\/index.php?rest_route=%2Fwp%2Fv2%2Ftags&post=54273"}],"curies":[{"name":"wp","href":"https:\/\/api.w.org\/{rel}","templated":true}]}}