{"id":542695,"date":"2024-07-03T22:57:35","date_gmt":"2024-07-04T02:57:35","guid":{"rendered":"https:\/\/diariodominicano.com\/?p=542695"},"modified":"2024-07-03T22:57:39","modified_gmt":"2024-07-04T02:57:39","slug":"ee-uu-felicita-al-pueblo-de-bielorrusia-en-su-dia-de-la-independencia","status":"publish","type":"post","link":"https:\/\/diariodominicano.com\/?p=542695","title":{"rendered":"EE. UU. felicita al pueblo de Bielorrusia en su D\u00eda de la Independencia"},"content":{"rendered":"\n<p>ARCHIVO: Antony J. Blinken, Secretario de Estado<\/p>\n\n\n\n<p><a href=\"https:\/\/lnks.gd\/l\/eyJhbGciOiJIUzI1NiJ9.eyJidWxsZXRpbl9saW5rX2lkIjoxMDEsInVyaSI6ImJwMjpjbGljayIsInVybCI6Imh0dHBzOi8vd3d3LnN0YXRlLmdvdiIsImJ1bGxldGluX2lkIjoiMjAyNDA3MDMuOTcxMDI5OTEifQ.8WaSExnDfG-0f_ghy0a6w9gHAm37rZKEL-7bKkFnJDM\/s\/1375542893\/br\/245178546727-l\" target=\"_blank\" rel=\"noreferrer noopener\">Hogar<\/a>\u00a0<a href=\"https:\/\/lnks.gd\/l\/eyJhbGciOiJIUzI1NiJ9.eyJidWxsZXRpbl9saW5rX2lkIjoxMDIsInVyaSI6ImJwMjpjbGljayIsInVybCI6Imh0dHBzOi8vd3d3LnN0YXRlLmdvdi9idXJlYXVzLW9mZmljZXMvdW5kZXItc2VjcmV0YXJ5LWZvci1wdWJsaWMtZGlwbG9tYWN5LWFuZC1wdWJsaWMtYWZmYWlycy9idXJlYXUtb2YtZ2xvYmFsLXB1YmxpYy1hZmZhaXJzL29mZmljZS1vZi10aGUtc3Bva2VzcGVyc29uLyIsImJ1bGxldGluX2lkIjoiMjAyNDA3MDMuOTcxMDI5OTEifQ.0LwyG1BzlJFNzTSgvNWNUTX4AObSfQoRTWi9fZsvusk\/s\/1375542893\/br\/245178546727-l\" target=\"_blank\" rel=\"noreferrer noopener\">Oficina del Portavoz<\/a>\u00a0<a href=\"http:\/\/press-releases\/\" target=\"_blank\" rel=\"noreferrer noopener\">Comunicados de prensa<\/a>\u00a0\u2026\u00a0D\u00eda de la Independencia de Bielorrusia<\/p>\n\n\n\n<p><\/p>\n\n\n\n<p>3 de julio de 2024<\/p>\n\n\n\n<p>En nombre de los Estados Unidos de Am\u00e9rica, env\u00edo mis m\u00e1s sinceros deseos al pueblo de Bielorrusia en su D\u00eda oficial de la Independencia.<\/p>\n\n\n\n<p>Quienes viven en Bielorrusia y quienes se ven obligados a dejar sus vidas y a sus seres queridos en el exilio merecen la oportunidad de elegir su propio futuro. Para quienes se esfuerzan por ayudar a sus comunidades a lograr una sociedad libre de violencia y represi\u00f3n, su dedicaci\u00f3n a brindar una vida mejor a su pueblo es una inspiraci\u00f3n para el mundo. Honramos la valent\u00eda de los 1.500 prisioneros pol\u00edticos bielorrusos mantenidos cautivos simplemente por tratar de ejercer las libertades que se supone que transmite la independencia. Pedimos su liberaci\u00f3n incondicional y nuestro pensamiento est\u00e1 especialmente con sus seres queridos en este d\u00eda.<\/p>\n\n\n\n<p>Apoyamos a quienes iluminan el camino hacia una Bielorrusia independiente, democr\u00e1tica y soberana, y seguiremos alzando sus voces mientras persisten con valent\u00eda en estos tiempos dif\u00edciles.<\/p>\n\n\n\n<p>U.S. Department of State<\/p>\n\n\n\n<p><a target=\"_blank\" href=\"mailto:usstatebpa@public.govdelivery.com\" rel=\"noreferrer noopener\">usstatebpa@public.govdelivery<\/a><\/p>\n\n\n\n<p>03\/07\/2024 12:01 EDT<\/p>\n","protected":false},"excerpt":{"rendered":"<p>ARCHIVO: Antony J. Blinken, Secretario de Estado Hogar\u00a0Oficina del Portavoz\u00a0Comunicados de prensa\u00a0\u2026\u00a0D\u00eda de la Independencia de Bielorrusia 3 de julio de 2024 En nombre de los Estados Unidos de Am\u00e9rica, env\u00edo mis m\u00e1s sinceros deseos al pueblo de Bielorrusia en su D\u00eda oficial de la Independencia. Quienes viven en Bielorrusia y quienes se ven obligados [&hellip;]<\/p>\n","protected":false},"author":2,"featured_media":529048,"comment_status":"closed","ping_status":"closed","sticky":false,"template":"","format":"standard","meta":{"footnotes":""},"categories":[26,23],"tags":[],"class_list":["post-542695","post","type-post","status-publish","format-standard","has-post-thumbnail","hentry","category-efemerides","category-internacional"],"_links":{"self":[{"href":"https:\/\/diariodominicano.com\/index.php?rest_route=\/wp\/v2\/posts\/542695","targetHints":{"allow":["GET"]}}],"collection":[{"href":"https:\/\/diariodominicano.com\/index.php?rest_route=\/wp\/v2\/posts"}],"about":[{"href":"https:\/\/diariodominicano.com\/index.php?rest_route=\/wp\/v2\/types\/post"}],"author":[{"embeddable":true,"href":"https:\/\/diariodominicano.com\/index.php?rest_route=\/wp\/v2\/users\/2"}],"replies":[{"embeddable":true,"href":"https:\/\/diariodominicano.com\/index.php?rest_route=%2Fwp%2Fv2%2Fcomments&post=542695"}],"version-history":[{"count":1,"href":"https:\/\/diariodominicano.com\/index.php?rest_route=\/wp\/v2\/posts\/542695\/revisions"}],"predecessor-version":[{"id":542696,"href":"https:\/\/diariodominicano.com\/index.php?rest_route=\/wp\/v2\/posts\/542695\/revisions\/542696"}],"wp:featuredmedia":[{"embeddable":true,"href":"https:\/\/diariodominicano.com\/index.php?rest_route=\/wp\/v2\/media\/529048"}],"wp:attachment":[{"href":"https:\/\/diariodominicano.com\/index.php?rest_route=%2Fwp%2Fv2%2Fmedia&parent=542695"}],"wp:term":[{"taxonomy":"category","embeddable":true,"href":"https:\/\/diariodominicano.com\/index.php?rest_route=%2Fwp%2Fv2%2Fcategories&post=542695"},{"taxonomy":"post_tag","embeddable":true,"href":"https:\/\/diariodominicano.com\/index.php?rest_route=%2Fwp%2Fv2%2Ftags&post=542695"}],"curies":[{"name":"wp","href":"https:\/\/api.w.org\/{rel}","templated":true}]}}