{"id":54262,"date":"2020-03-28T11:40:19","date_gmt":"2020-03-28T11:40:19","guid":{"rendered":"http:\/\/diariodominicano.ddns.net\/?p=54262"},"modified":"2020-03-28T11:40:19","modified_gmt":"2020-03-28T11:40:19","slug":"ministerio-de-cultura-expresa-su-pesar-por-la-muerte-de-el-cieguito-de-nagua","status":"publish","type":"post","link":"https:\/\/diariodominicano.com\/?p=54262","title":{"rendered":"Ministerio de Cultura expresa su pesar por la muerte de El Cieguito de Nagua"},"content":{"rendered":"<p><body><\/p>\n<p><img decoding=\"async\" src=\"img3\/image007.jpg\" \/>  <\/p>\n<p>Ministerio de Cultura expresa su pesar por la muerte de El Cieguito de Nagua<\/p>\n<\/p>\n<p>El Ministerio de Cultura lamenta la muerte del destacado m\u00fasico t\u00edpico Bartolo Alvarado, conocido popularmente como El Cieguito de Nagua, quien por varias d\u00e9cadas consagr\u00f3 su vida a la creaci\u00f3n y difusi\u00f3n de nuestra m\u00fasica aut\u00f3ctona.<\/p>\n<\/p>\n<p>\u00abExpresamos nuestras condolencias p\u00fablicas a sus familiares y allegados por la p\u00e9rdida de este consagrado m\u00fasico dominicano\u00bb, expresa la nota.<\/p>\n<\/p>\n<p>El Ministerio de Cultura, que dirige el arquitecto Eduardo Selman, resalta que Bartolo Alvarado fue un emblem\u00e1tico artista popular que imprimi\u00f3 estilo y carisma al merengue t\u00edpico.<\/p>\n<\/p>\n<p>Agrega que sobresali\u00f3 en su vida el haber sido un personaje amistoso y querido por quienes lo conocieron y trataron, incluidos quienes como \u00e9l cultivaron el merengue.<\/p>\n<\/p>\n<p>El Ministerio de Cultura dijo que El Cieguito de Nagua, quien falleci\u00f3 el viernes 27 de marzo en un hospital de Nueva York, deja un legado imborrable en la m\u00fasica, que perdurar\u00e1 en el recuerdo de los dominicanos.<\/p>\n<\/p>\n<p>Recuerda que por sus aportes a ese g\u00e9nero musical dominicano, el Ministerio de Cultura le rindi\u00f3 un  merecido homenaje musical en vida, cuando en el 2013 declar\u00f3 a Bartolo Alvarado como Activo Cultural de la Naci\u00f3n, mediante la ordenanza 41-00, por sus aportes como int\u00e9rprete y creador a la difusi\u00f3n de nuestro merengue t\u00edpico, como parte de nuestra identidad.<\/p>\n<\/p>\n<p>Alvarado deja un legado de 25 \u00e1lbumes, de los cuales sus composiciones principales son \u00abDiente de Oro\u00bb y \u00abLa Luz\u00bb, los cuales enriquecen la antolog\u00eda musical de Rep\u00fablica Dominicana y Am\u00e9rica Latina.<\/p>\n<\/p>\n<p>Direcci\u00f3n de Comunicaciones<\/p>\n<p>Ministerio de Cultura de la Rep\u00fablica Dominicana<\/p>\n<h6> 2020-03-28 11:40:19 <\/h6>\n<p><!--\n<link rel=\"stylesheet\" href=\"css\/bootstrap.min.css\">\n\n\n<ul class=\"pagination\">\n\t    \n\t\n\n<li >\n\t<a href='?page_no=641'>Previous<\/a>\n\t<\/li>\n\n\n       \n    \n\n<li><a href='?page_no=1'>1<\/a><\/li>\n\n\n\n<li><a href='?page_no=2'>2<\/a><\/li>\n\n\n\n<li><a>...<\/a><\/li>\n\n\n\n<li><a href='?page_no=640'>640<\/a><\/li>\n\n\n\n<li><a href='?page_no=641'>641<\/a><\/li>\n\n\n\n<li class='active'><a>642<\/a><\/li>\n\n\n\n<li><a href='?page_no=643'>643<\/a><\/li>\n\n\n\n<li><a href='?page_no=644'>644<\/a><\/li>\n\n\n\n<li><a>...<\/a><\/li>\n\n\n\n<li><a href='?page_no=22911'>22911<\/a><\/li>\n\n\n\n<li><a href='?page_no=22912'>22912<\/a><\/li>\n\n    \n\t\n\n<li >\n\t<a href='?page_no=643'>Next<\/a>\n\t<\/li>\n\n\n    \n\n<li><a href='?page_no=22912'>Last &rsaquo;&rsaquo;<\/a><\/li>\n\n<\/ul>\n\n\n--><br \/>\n<\/body><\/p>\n","protected":false},"excerpt":{"rendered":"<p>Ministerio de Cultura expresa su pesar por la muerte de El Cieguito de Nagua El Ministerio de Cultura lamenta la muerte del destacado m\u00fasico t\u00edpico Bartolo Alvarado, conocido popularmente como El Cieguito de Nagua, quien por varias d\u00e9cadas consagr\u00f3 su vida a la creaci\u00f3n y difusi\u00f3n de nuestra m\u00fasica aut\u00f3ctona. \u00abExpresamos nuestras condolencias p\u00fablicas a [&hellip;]<\/p>\n","protected":false},"author":3,"featured_media":0,"comment_status":"open","ping_status":"open","sticky":false,"template":"","format":"standard","meta":{"footnotes":""},"categories":[21],"tags":[],"class_list":["post-54262","post","type-post","status-publish","format-standard","hentry","category-cultura"],"_links":{"self":[{"href":"https:\/\/diariodominicano.com\/index.php?rest_route=\/wp\/v2\/posts\/54262","targetHints":{"allow":["GET"]}}],"collection":[{"href":"https:\/\/diariodominicano.com\/index.php?rest_route=\/wp\/v2\/posts"}],"about":[{"href":"https:\/\/diariodominicano.com\/index.php?rest_route=\/wp\/v2\/types\/post"}],"author":[{"embeddable":true,"href":"https:\/\/diariodominicano.com\/index.php?rest_route=\/wp\/v2\/users\/3"}],"replies":[{"embeddable":true,"href":"https:\/\/diariodominicano.com\/index.php?rest_route=%2Fwp%2Fv2%2Fcomments&post=54262"}],"version-history":[{"count":0,"href":"https:\/\/diariodominicano.com\/index.php?rest_route=\/wp\/v2\/posts\/54262\/revisions"}],"wp:attachment":[{"href":"https:\/\/diariodominicano.com\/index.php?rest_route=%2Fwp%2Fv2%2Fmedia&parent=54262"}],"wp:term":[{"taxonomy":"category","embeddable":true,"href":"https:\/\/diariodominicano.com\/index.php?rest_route=%2Fwp%2Fv2%2Fcategories&post=54262"},{"taxonomy":"post_tag","embeddable":true,"href":"https:\/\/diariodominicano.com\/index.php?rest_route=%2Fwp%2Fv2%2Ftags&post=54262"}],"curies":[{"name":"wp","href":"https:\/\/api.w.org\/{rel}","templated":true}]}}