{"id":542554,"date":"2024-07-03T11:39:53","date_gmt":"2024-07-03T15:39:53","guid":{"rendered":"https:\/\/diariodominicano.com\/?p=542554"},"modified":"2024-07-03T11:39:56","modified_gmt":"2024-07-03T15:39:56","slug":"miguel-valerio-sugiere-acuerdos-judiciales-sean-sometidos-a-la-aprobacion-de-un-juez","status":"publish","type":"post","link":"https:\/\/diariodominicano.com\/?p=542554","title":{"rendered":"Miguel Valerio sugiere acuerdos judiciales sean sometidos a la aprobaci\u00f3n de un juez"},"content":{"rendered":"\n<p>ARCHIVO: Miguel Valerio <\/p>\n\n\n\n<p><strong>Santo Domingo, RD. &#8211;<\/strong>El abogado Miguel Valerio sugiri\u00f3 que los acuerdos judiciales, la soluci\u00f3n alterna al conflicto, sean sometidos a la aprobaci\u00f3n de un juez, as\u00ed como tambi\u00e9n, contar con una resoluci\u00f3n y un protocolo previo de la Procuradur\u00eda General de la Rep\u00fablica.<\/p>\n\n\n\n<p>\u00a8En el \u00e1mbito de la justicia una regla, acuerdo de pleno, que cada ciudadano que vaya a ser sometido a la acci\u00f3n de la justicia sepa, desde el primer d\u00eda, que tiene posibilidad y derecho a un acuerdo\u00a8, expres\u00f3 Valerio al ser entrevistado en el programa Toque Final con Julio Mart\u00ednez Pozo que se transmite por Antena 7.<\/p>\n\n\n\n<p>El jurista destac\u00f3 que en un acuerdo se da informaci\u00f3n ver\u00e1s, la persona reconoce culpa y el sistema es eficiente porque detiene delito futuro, razones por las cuales, siempre ha estado de acuerdo con esa pol\u00edtica.<\/p>\n\n\n\n<p>Consider\u00f3, adem\u00e1s, que la pol\u00edtica de acuerdo tiene que ampliarse como ya ha dicho en varias ocasiones, con m\u00e1s discrecionalidad en el Ministerio P\u00fablico, arreglada por resoluciones donde est\u00e9 claro el c\u00f3mo y el por qu\u00e9 se llega al mismo.<\/p>\n\n\n\n<p>Por otro lado, sobre la concesi\u00f3n de obras, dijo que se trata de los intereses civiles que est\u00e1 persiguiendo el Estado y que no est\u00e1 de acuerdo con la misma porque esa forma de reparaci\u00f3n no le parece correcta, y que incluso, la Ley de Compras y Contrataciones en esos casos podr\u00eda eliminar el registro porque se trata del \u00e1mbito administrativo del caso.<\/p>\n\n\n\n<p>\u00a8Esa ley es muy clara en por qu\u00e9 usted se puede inhabilitar como un proveedor del Estado, que no tiene que ser falta penal, puede ser falta administrativa\u00a8, expres\u00f3.<\/p>\n\n\n\n<p>Indic\u00f3 que una vez que una persona se beneficia de un criterio de oportunidad evidentemente no podr\u00eda reparar con obras p\u00fablicas porque estar\u00eda en las inhabilitaciones de la Ley de Compras y Contrataciones, tras enfatizar, que a todas luces parece que las cl\u00e1usulas de ese contrato civil, accesorio en el penal, ser\u00eda nula y no tendr\u00eda una aplicaci\u00f3n pr\u00e1ctica.<\/p>\n\n\n\n<p>Sobre los cuestionamientos sobre la lucha anticorrupci\u00f3n del Gobierno dominicano hechos por el presidente del Comit\u00e9 de Relaciones Exteriores del Senado de los Estados Unidos, Benjamin Cardin, consider\u00f3 que es una injerencia de un poder for\u00e1neo sobre decisiones internas de la Rep\u00fablica Dominicana.<\/p>\n\n\n\n<p>Dijo que no est\u00e1 de acuerdo en que sea una lucha sesgada contra la corrupci\u00f3n, sino que es un tema que le ata\u00f1e al pa\u00eds. \u00a8No estoy de acuerdo en que haya una lucha sesgada y en que un poder for\u00e1neo como es el Senado de los Estados Unidos, o de cualquier otra naci\u00f3n, intervenga en los asuntos internos de la Rep\u00fablica Dominicana\u00a8, manifest\u00f3.<\/p>\n\n\n\n<p>Prog. TOQUE FINAL Mart\u00ednez Pozo<\/p>\n\n\n\n<p><a target=\"_blank\" href=\"mailto:toquefinaljmp@gmail.com\" rel=\"noreferrer noopener\">toquefinaljmp@gmail.com<\/a><\/p>\n","protected":false},"excerpt":{"rendered":"<p>ARCHIVO: Miguel Valerio Santo Domingo, RD. &#8211;El abogado Miguel Valerio sugiri\u00f3 que los acuerdos judiciales, la soluci\u00f3n alterna al conflicto, sean sometidos a la aprobaci\u00f3n de un juez, as\u00ed como tambi\u00e9n, contar con una resoluci\u00f3n y un protocolo previo de la Procuradur\u00eda General de la Rep\u00fablica. \u00a8En el \u00e1mbito de la justicia una regla, acuerdo [&hellip;]<\/p>\n","protected":false},"author":28,"featured_media":403373,"comment_status":"closed","ping_status":"closed","sticky":false,"template":"","format":"standard","meta":{"footnotes":""},"categories":[36,24],"tags":[],"class_list":["post-542554","post","type-post","status-publish","format-standard","has-post-thumbnail","hentry","category-hombresmujeresycosas","category-justicia-y-derecho"],"_links":{"self":[{"href":"https:\/\/diariodominicano.com\/index.php?rest_route=\/wp\/v2\/posts\/542554","targetHints":{"allow":["GET"]}}],"collection":[{"href":"https:\/\/diariodominicano.com\/index.php?rest_route=\/wp\/v2\/posts"}],"about":[{"href":"https:\/\/diariodominicano.com\/index.php?rest_route=\/wp\/v2\/types\/post"}],"author":[{"embeddable":true,"href":"https:\/\/diariodominicano.com\/index.php?rest_route=\/wp\/v2\/users\/28"}],"replies":[{"embeddable":true,"href":"https:\/\/diariodominicano.com\/index.php?rest_route=%2Fwp%2Fv2%2Fcomments&post=542554"}],"version-history":[{"count":1,"href":"https:\/\/diariodominicano.com\/index.php?rest_route=\/wp\/v2\/posts\/542554\/revisions"}],"predecessor-version":[{"id":542555,"href":"https:\/\/diariodominicano.com\/index.php?rest_route=\/wp\/v2\/posts\/542554\/revisions\/542555"}],"wp:featuredmedia":[{"embeddable":true,"href":"https:\/\/diariodominicano.com\/index.php?rest_route=\/wp\/v2\/media\/403373"}],"wp:attachment":[{"href":"https:\/\/diariodominicano.com\/index.php?rest_route=%2Fwp%2Fv2%2Fmedia&parent=542554"}],"wp:term":[{"taxonomy":"category","embeddable":true,"href":"https:\/\/diariodominicano.com\/index.php?rest_route=%2Fwp%2Fv2%2Fcategories&post=542554"},{"taxonomy":"post_tag","embeddable":true,"href":"https:\/\/diariodominicano.com\/index.php?rest_route=%2Fwp%2Fv2%2Ftags&post=542554"}],"curies":[{"name":"wp","href":"https:\/\/api.w.org\/{rel}","templated":true}]}}