{"id":542533,"date":"2024-07-03T10:51:32","date_gmt":"2024-07-03T14:51:32","guid":{"rendered":"https:\/\/diariodominicano.com\/?p=542533"},"modified":"2024-07-03T10:51:35","modified_gmt":"2024-07-03T14:51:35","slug":"recordemos-a-concepcion-bona-luz-de-la-independencia-y-educacion-dominicana","status":"publish","type":"post","link":"https:\/\/diariodominicano.com\/?p=542533","title":{"rendered":"Recordemos a Concepci\u00f3n Bona, luz de la Independencia y educaci\u00f3n dominicana"},"content":{"rendered":"\n<p>Por: Luis F. Rodr\u00edguez<\/p>\n\n\n\n<p>Santo Domingo, RD.- Como buenos dominicanos \u00a0recordemos a Mar\u00eda de la Concepci\u00f3n Bona y Hern\u00e1ndez, \u201cLuz de la Independencia Nacional y la educaci\u00f3n dominicana\u201d quien hoy 2 de julio cumple 123 a\u00f1os de fallecimiento.<\/p>\n\n\n\n<p>Destacada educadora y activista dominicana del siglo XIX, naci\u00f3 el 6 de diciembre de 1824, durante la ocupaci\u00f3n haitiana, creci\u00f3 en una familia comprometida con la causa independentista liderada por Juan Pablo Duarte.<\/p>\n\n\n\n<p>Concepci\u00f3n Bona, hija de Ignacio Bona P\u00e9rez, desde joven se uni\u00f3 fervientemente a las ideas de La Trinitaria junto a su prima Mar\u00eda de Jes\u00fas Pina, Isabel Sosa y Mar\u00eda Trinidad S\u00e1nchez.<\/p>\n\n\n\n<p>En el contexto independentista confeccionaron la bandera tricolor con telas finas, Concepci\u00f3n Bona ten\u00eda entonces 19 a\u00f1os, mientras que su prima ten\u00eda 16.<\/p>\n\n\n\n<p>Fue esta hero\u00edna quien entreg\u00f3 nuestra emblem\u00e1tica bandera tricolor al general y pr\u00f3cer de la patria, Mat\u00edas Mella, en la Puerta de La Misericordia, siendo enarbolada por primera vez el 27 de febrero de 1844, marcando el nacimiento de la Rep\u00fablica Dominicana.<\/p>\n\n\n\n<p>Este acto simb\u00f3lico del 27 de febrero no solo marc\u00f3 el nacimiento de la Rep\u00fablica Dominicana, sino que estableci\u00f3 la bandera como un s\u00edmbolo nacional de libertad y soberan\u00eda.<\/p>\n\n\n\n<p>El legado de Concepci\u00f3n Bona perdura como s\u00edmbolo de valent\u00eda y patriotismo. Falleci\u00f3 a los 76 a\u00f1os, dejando una huella imborrable en la historia dominicana.<\/p>\n\n\n\n<p>Luis F\u00e9lix Rodr\u00edguez de la Cruz<\/p>\n\n\n\n<p><a href=\"mailto:rodriguezdelacruzl@gmail.com\" target=\"_blank\" rel=\"noreferrer noopener\">rodriguezdelacruzl@gmail.com<\/a><\/p>\n\n\n\n<p>2 de junio de 2024.<\/p>\n","protected":false},"excerpt":{"rendered":"<p>Por: Luis F. Rodr\u00edguez Santo Domingo, RD.- Como buenos dominicanos \u00a0recordemos a Mar\u00eda de la Concepci\u00f3n Bona y Hern\u00e1ndez, \u201cLuz de la Independencia Nacional y la educaci\u00f3n dominicana\u201d quien hoy 2 de julio cumple 123 a\u00f1os de fallecimiento. Destacada educadora y activista dominicana del siglo XIX, naci\u00f3 el 6 de diciembre de 1824, durante la [&hellip;]<\/p>\n","protected":false},"author":28,"featured_media":542534,"comment_status":"closed","ping_status":"closed","sticky":false,"template":"","format":"standard","meta":{"footnotes":""},"categories":[21,36,26],"tags":[],"class_list":["post-542533","post","type-post","status-publish","format-standard","has-post-thumbnail","hentry","category-cultura","category-hombresmujeresycosas","category-efemerides"],"_links":{"self":[{"href":"https:\/\/diariodominicano.com\/index.php?rest_route=\/wp\/v2\/posts\/542533","targetHints":{"allow":["GET"]}}],"collection":[{"href":"https:\/\/diariodominicano.com\/index.php?rest_route=\/wp\/v2\/posts"}],"about":[{"href":"https:\/\/diariodominicano.com\/index.php?rest_route=\/wp\/v2\/types\/post"}],"author":[{"embeddable":true,"href":"https:\/\/diariodominicano.com\/index.php?rest_route=\/wp\/v2\/users\/28"}],"replies":[{"embeddable":true,"href":"https:\/\/diariodominicano.com\/index.php?rest_route=%2Fwp%2Fv2%2Fcomments&post=542533"}],"version-history":[{"count":1,"href":"https:\/\/diariodominicano.com\/index.php?rest_route=\/wp\/v2\/posts\/542533\/revisions"}],"predecessor-version":[{"id":542535,"href":"https:\/\/diariodominicano.com\/index.php?rest_route=\/wp\/v2\/posts\/542533\/revisions\/542535"}],"wp:featuredmedia":[{"embeddable":true,"href":"https:\/\/diariodominicano.com\/index.php?rest_route=\/wp\/v2\/media\/542534"}],"wp:attachment":[{"href":"https:\/\/diariodominicano.com\/index.php?rest_route=%2Fwp%2Fv2%2Fmedia&parent=542533"}],"wp:term":[{"taxonomy":"category","embeddable":true,"href":"https:\/\/diariodominicano.com\/index.php?rest_route=%2Fwp%2Fv2%2Fcategories&post=542533"},{"taxonomy":"post_tag","embeddable":true,"href":"https:\/\/diariodominicano.com\/index.php?rest_route=%2Fwp%2Fv2%2Ftags&post=542533"}],"curies":[{"name":"wp","href":"https:\/\/api.w.org\/{rel}","templated":true}]}}