{"id":542528,"date":"2024-07-03T10:52:17","date_gmt":"2024-07-03T14:52:17","guid":{"rendered":"https:\/\/diariodominicano.com\/?p=542528"},"modified":"2024-07-03T10:52:25","modified_gmt":"2024-07-03T14:52:25","slug":"pandillas-siguen-asaltando-y-quemando-comisarias-en-haiti","status":"publish","type":"post","link":"https:\/\/diariodominicano.com\/?p=542528","title":{"rendered":"Pandillas siguen asaltando y quemando comisar\u00edas en Hait\u00ed"},"content":{"rendered":"\n<p>diariodominicano.com<\/p>\n\n\n\n<p>Puerto Pr\u00edncipe, 3 jul (Prensa Latina) Las pandillas en Hait\u00ed en cuatro d\u00edas asaltaron dos estaciones de polic\u00edas, las saquearon y a una le prendieron fuego, demostrando que hoy siguen pasando por encima de las fuerzas del orden.<\/p>\n\n\n\n<p>Los bandidos atacaron con armas autom\u00e1ticas la subcomisar\u00eda de Saint-Charles, ubicada en la comuna de Carrefour, a 7,87 kil\u00f3metros de esta capital, donde robaron una docena de paneles solares, y para cerrar su fechor\u00eda incendiaron el recinto.<\/p>\n\n\n\n<p>En Greisser, ubicada a 27,3 kil\u00f3metros de Puerto Pr\u00edncipe tras un intenso combate entre la polic\u00eda y la pandilla del l\u00edder Ti B\u00e9b\u00e9 Bougoy, los maleantes hicieron correr a los agentes, y le arrebataron por segunda vez la comisar\u00eda.<\/p>\n\n\n\n<p>Recuerda el diario digital Le Facteur Hait\u00ed, que la banda criminal rode\u00f3 la unidad, la cual fue ocupada en mayo, y luego recuperada por un comando del denominado SWAT TEAM, el cual debi\u00f3 escapar ahora para salvar sus vidas.<\/p>\n\n\n\n<p>Como ya se ha hecho costumbre, los pandilleros incendiaron un autom\u00f3vil de la instituci\u00f3n, grabaron un video y lo colgaron en las redes sociales.<\/p>\n\n\n\n<p>En las im\u00e1genes pueden verse celebrando su victoria y desafiando al alto mando de la PNH, y a los efectivos de Kenya, considerados invasores por los delincuentes.<\/p>\n\n\n\n<p>Desde ayer la Polic\u00eda Nacional de Hait\u00ed (PNH) tiene el control de la comisar\u00eda de Greisser con un balance preliminar de 25 personas muertas.<\/p>\n\n\n\n<p>El n\u00famero de v\u00edctimas fatales podr\u00eda aumentar, porque hay cuerpos sin vida en las casas que los pandilleros le prendieron fuego con sus moradores adentro.<\/p>\n\n\n\n<p>Adem\u00e1s de las personas asesinadas por los bandidos armados, tambi\u00e9n fueron reportados cuantiosos da\u00f1os materiales.<\/p>\n\n\n\n<p>Ambos episodios contra las fuerzas del orden ocurrieron en los \u00faltimos cuatro d\u00edas, el de Greisser el domingo, y el de Saint-Charles el martes.<\/p>\n\n\n\n<p>mem\/joe<\/p>\n","protected":false},"excerpt":{"rendered":"<p>diariodominicano.com Puerto Pr\u00edncipe, 3 jul (Prensa Latina) Las pandillas en Hait\u00ed en cuatro d\u00edas asaltaron dos estaciones de polic\u00edas, las saquearon y a una le prendieron fuego, demostrando que hoy siguen pasando por encima de las fuerzas del orden. Los bandidos atacaron con armas autom\u00e1ticas la subcomisar\u00eda de Saint-Charles, ubicada en la comuna de Carrefour, [&hellip;]<\/p>\n","protected":false},"author":5,"featured_media":542536,"comment_status":"closed","ping_status":"closed","sticky":true,"template":"","format":"standard","meta":{"footnotes":""},"categories":[112,23,27],"tags":[],"class_list":["post-542528","post","type-post","status-publish","format-standard","has-post-thumbnail","hentry","category-haiti","category-internacional","category-portada"],"_links":{"self":[{"href":"https:\/\/diariodominicano.com\/index.php?rest_route=\/wp\/v2\/posts\/542528","targetHints":{"allow":["GET"]}}],"collection":[{"href":"https:\/\/diariodominicano.com\/index.php?rest_route=\/wp\/v2\/posts"}],"about":[{"href":"https:\/\/diariodominicano.com\/index.php?rest_route=\/wp\/v2\/types\/post"}],"author":[{"embeddable":true,"href":"https:\/\/diariodominicano.com\/index.php?rest_route=\/wp\/v2\/users\/5"}],"replies":[{"embeddable":true,"href":"https:\/\/diariodominicano.com\/index.php?rest_route=%2Fwp%2Fv2%2Fcomments&post=542528"}],"version-history":[{"count":2,"href":"https:\/\/diariodominicano.com\/index.php?rest_route=\/wp\/v2\/posts\/542528\/revisions"}],"predecessor-version":[{"id":542538,"href":"https:\/\/diariodominicano.com\/index.php?rest_route=\/wp\/v2\/posts\/542528\/revisions\/542538"}],"wp:featuredmedia":[{"embeddable":true,"href":"https:\/\/diariodominicano.com\/index.php?rest_route=\/wp\/v2\/media\/542536"}],"wp:attachment":[{"href":"https:\/\/diariodominicano.com\/index.php?rest_route=%2Fwp%2Fv2%2Fmedia&parent=542528"}],"wp:term":[{"taxonomy":"category","embeddable":true,"href":"https:\/\/diariodominicano.com\/index.php?rest_route=%2Fwp%2Fv2%2Fcategories&post=542528"},{"taxonomy":"post_tag","embeddable":true,"href":"https:\/\/diariodominicano.com\/index.php?rest_route=%2Fwp%2Fv2%2Ftags&post=542528"}],"curies":[{"name":"wp","href":"https:\/\/api.w.org\/{rel}","templated":true}]}}