{"id":542519,"date":"2024-07-03T10:33:45","date_gmt":"2024-07-03T14:33:45","guid":{"rendered":"https:\/\/diariodominicano.com\/?p=542519"},"modified":"2024-07-03T10:33:50","modified_gmt":"2024-07-03T14:33:50","slug":"fiscalia-de-puerto-plata-logra-condena-de-20-anos-de-prision-por-homicidio-en-sosua","status":"publish","type":"post","link":"https:\/\/diariodominicano.com\/?p=542519","title":{"rendered":"Fiscal\u00eda de Puerto Plata logra condena de 20 a\u00f1os de prisi\u00f3n por homicidio en Sos\u00faa"},"content":{"rendered":"\n<p>diariodominicano.com<\/p>\n\n\n\n<p><strong>Puerto Plata,<\/strong>\u2002<strong>R.D.,<\/strong>\u2002<strong>3 de julio, 2024. &#8211;<\/strong>\u00a0La Fiscal\u00eda de Puerto Plata logr\u00f3 una condena de 20 a\u00f1os de prisi\u00f3n en contra de Wellington Flores de la Cruz, por el homicidio de Tom\u00e1s Qui\u00f1ones Qui\u00f1ones, en un hecho ocurri\u00f3 el 10 de abril de 2022 en el sector Maranatha, del municipio de Sos\u00faa.<\/p>\n\n\n\n<p>Flores de la Cruz propin\u00f3 a Qui\u00f1ones Qui\u00f1ones cuatro estocadas mientras este se encontraba solo frente a su residencia, provoc\u00e1ndole la muerte a causa de estas heridas.&nbsp;<\/p>\n\n\n\n<p>En la investigaci\u00f3n realizada por el fiscalizador Leury Virgilio Ure\u00f1a Morrobel, se recolectaron pruebas documentales, materiales, audiovisuales y testimoniales con las cuales se determin\u00f3 la culpabilidad del condenado en el hecho.&nbsp;<\/p>\n\n\n\n<p>El procurador fiscal Marcos Wilkins D\u00edaz, representante del Ministerio P\u00fablico ante el Tribunal Colegiado, que preside la juez Jakayra Veras, demostr\u00f3 la violaci\u00f3n de los art\u00edculos 295 y 304 p\u00e1rrafo II del C\u00f3digo Penal Dominicano, que tipifican y sancionan el homicidio voluntario.<\/p>\n\n\n\n<p>El procesado cumplir\u00e1 la pena en el Centro de Correcci\u00f3n y Rehabilitaci\u00f3n San Felipe.<\/p>\n\n\n\n<p><strong>Direcci\u00f3n General de Comunicaci\u00f3n, Prensa, y RRPP<\/strong><strong><\/strong><\/p>\n\n\n\n<p>Ministerio P\u00fablico.&nbsp;R.D.<\/p>\n\n\n\n<p>Mi\u00e9rcoles, 3 de julio de 2024<\/p>\n","protected":false},"excerpt":{"rendered":"<p>diariodominicano.com Puerto Plata,\u2002R.D.,\u20023 de julio, 2024. &#8211;\u00a0La Fiscal\u00eda de Puerto Plata logr\u00f3 una condena de 20 a\u00f1os de prisi\u00f3n en contra de Wellington Flores de la Cruz, por el homicidio de Tom\u00e1s Qui\u00f1ones Qui\u00f1ones, en un hecho ocurri\u00f3 el 10 de abril de 2022 en el sector Maranatha, del municipio de Sos\u00faa. Flores de la [&hellip;]<\/p>\n","protected":false},"author":5,"featured_media":521896,"comment_status":"closed","ping_status":"closed","sticky":true,"template":"","format":"standard","meta":{"footnotes":""},"categories":[24,27],"tags":[],"class_list":["post-542519","post","type-post","status-publish","format-standard","has-post-thumbnail","hentry","category-justicia-y-derecho","category-portada"],"_links":{"self":[{"href":"https:\/\/diariodominicano.com\/index.php?rest_route=\/wp\/v2\/posts\/542519","targetHints":{"allow":["GET"]}}],"collection":[{"href":"https:\/\/diariodominicano.com\/index.php?rest_route=\/wp\/v2\/posts"}],"about":[{"href":"https:\/\/diariodominicano.com\/index.php?rest_route=\/wp\/v2\/types\/post"}],"author":[{"embeddable":true,"href":"https:\/\/diariodominicano.com\/index.php?rest_route=\/wp\/v2\/users\/5"}],"replies":[{"embeddable":true,"href":"https:\/\/diariodominicano.com\/index.php?rest_route=%2Fwp%2Fv2%2Fcomments&post=542519"}],"version-history":[{"count":1,"href":"https:\/\/diariodominicano.com\/index.php?rest_route=\/wp\/v2\/posts\/542519\/revisions"}],"predecessor-version":[{"id":542527,"href":"https:\/\/diariodominicano.com\/index.php?rest_route=\/wp\/v2\/posts\/542519\/revisions\/542527"}],"wp:featuredmedia":[{"embeddable":true,"href":"https:\/\/diariodominicano.com\/index.php?rest_route=\/wp\/v2\/media\/521896"}],"wp:attachment":[{"href":"https:\/\/diariodominicano.com\/index.php?rest_route=%2Fwp%2Fv2%2Fmedia&parent=542519"}],"wp:term":[{"taxonomy":"category","embeddable":true,"href":"https:\/\/diariodominicano.com\/index.php?rest_route=%2Fwp%2Fv2%2Fcategories&post=542519"},{"taxonomy":"post_tag","embeddable":true,"href":"https:\/\/diariodominicano.com\/index.php?rest_route=%2Fwp%2Fv2%2Ftags&post=542519"}],"curies":[{"name":"wp","href":"https:\/\/api.w.org\/{rel}","templated":true}]}}