{"id":54251,"date":"2020-03-28T12:02:11","date_gmt":"2020-03-28T12:02:11","guid":{"rendered":"http:\/\/diariodominicano.ddns.net\/?p=54251"},"modified":"2020-03-28T12:02:11","modified_gmt":"2020-03-28T12:02:11","slug":"bendicion-urbi-et-orbi-y-misa-indulgencia-plenaria","status":"publish","type":"post","link":"https:\/\/diariodominicano.com\/?p=54251","title":{"rendered":"BENDICI\u00d3N URBI ET ORBI y MISA ? Indulgencia Plenaria"},"content":{"rendered":"<p><body><\/p>\n<p><img decoding=\"async\" src=\"img3\/papa1.jpg\" \/>  <\/p>\n<p>Entrada nueva en Periodico Oficial del PRM<\/p>\n<\/p>\n<p>BENDICI\u00d3N URBI ET ORBI y MISA ? Indulgencia Plenaria<\/p>\n<\/p>\n<p>por La Redaccion<\/p>\n<\/p>\n<p>Papa Francisco: BENDICI\u00d3N URBI ET ORBI y MISA &#8211; Indulgencia Plenaria<\/p>\n<\/p>\n<p>El Papa Francisco ha decidido dar la bendici\u00f3n \u00abUrbi et Orbi\u00bb este viernes 27 de marzo, a la luz de la actual pandemia que mantiene al mundo en casa, y a los cat\u00f3licos lejos de recibir f\u00edsicamente los sacramentos. JOHANNES GROHE Universidad Pontificia de la Santa Cruz \u00abLa bendici\u00f3n &#8216;Urbi et Orbi&#8217; es conocida como la bendici\u00f3n Papal.<\/p>\n<\/p>\n<p>El pont\u00edfice la imparte desde la logia de bendiciones de la Bas\u00edlica de San Pedro. Es dada a la ciudad de Roma y al mundo entero. La misma bendici\u00f3n se da en el d\u00eda de la Natividad del Se\u00f1or y en el Domingo de Pascua de la Resurrecci\u00f3n\u00bb.<\/p>\n<\/p>\n<p>Marcos 4:35-41 Reina-Valera 1960 (RVR1960)<\/p>\n<p>Jes\u00fas calma la tempestad<\/p>\n<p>(Mt. 8.23-27; Lc. 8.22-25)<\/p>\n<p>35 Aquel d\u00eda, cuando lleg\u00f3 la noche, les dijo: Pasemos al otro lado.<\/p>\n<\/p>\n<p>36 Y despidiendo a la multitud, le tomaron como estaba, en la barca; y hab\u00eda tambi\u00e9n con \u00e9l otras barcas.<\/p>\n<\/p>\n<p>37 Pero se levant\u00f3 una gran tempestad de viento, y echaba las olas en la barca, de tal manera que ya se anegaba.<\/p>\n<\/p>\n<p>38 Y \u00e9l estaba en la popa, durmiendo sobre un cabezal; y le despertaron, y le dijeron: Maestro, \u00bfno tienes cuidado que perecemos?<\/p>\n<\/p>\n<p>39 Y levant\u00e1ndose, reprendi\u00f3 al viento, y dijo al mar: Calla, enmudece. Y ces\u00f3 el viento, y se hizo grande bonanza.<\/p>\n<\/p>\n<p>40 Y les dijo: \u00bfPor qu\u00e9 est\u00e1is as\u00ed amedrentados? \u00bfC\u00f3mo no ten\u00e9is fe?<\/p>\n<p>41 Entonces temieron con gran temor, y se dec\u00edan el uno al otro: \u00bfQui\u00e9n es \u00e9ste, que aun el viento y el mar le obedecen?<\/p>\n<\/p>\n<p>Marcos 4:35-40 Dios Habla Hoy (DHH)<\/p>\n<p>Jes\u00fas calma la tormenta<\/p>\n<p>35 Al anochecer de aquel mismo d\u00eda, Jes\u00fas dijo a sus disc\u00edpulos:<\/p>\n<\/p>\n<p>?Vamos al otro lado del lago.<\/p>\n<\/p>\n<p>36 Entonces dejaron a la gente y llevaron a Jes\u00fas en la barca en que ya estaba; y tambi\u00e9n otras barcas lo acompa\u00f1aban. 37 En esto se desat\u00f3 una tormenta, con un viento tan fuerte que las olas ca\u00edan sobre la barca, de modo que se llenaba de agua. 38 Pero Jes\u00fas se hab\u00eda dormido en la parte de atr\u00e1s, apoyado sobre una almohada. Lo despertaron y le dijeron:<\/p>\n<\/p>\n<p>?\u00a1Maestro! \u00bfNo te importa que nos estemos hundiendo?<\/p>\n<\/p>\n<p>39 Jes\u00fas se levant\u00f3 y dio una orden al viento, y dijo al mar:<\/p>\n<\/p>\n<p>?\u00a1Silencio! \u00a1Qu\u00e9date quieto!<\/p>\n<\/p>\n<p>El viento se calm\u00f3, y todo qued\u00f3 completamente tranquilo. 40 Despu\u00e9s dijo Jes\u00fas a los disc\u00edpulos:<\/p>\n<\/p>\n<p>?\u00bfPor qu\u00e9 est\u00e1n asustados? \u00bfTodav\u00eda no tienen fe?<\/p>\n<\/p>\n<p>_____________________<\/p>\n<\/p>\n<p>Fuente: Oraci\u00f3n Cat\u00f3lica Oficial &#8211; Reina Valera -biblegateway<\/p>\n<\/p>\n<p>La Redaccion | marzo 28, 2020 de 1:47 am<\/p>\n<h6> 2020-03-28 12:02:11 <\/h6>\n<p><!--\n<link rel=\"stylesheet\" href=\"css\/bootstrap.min.css\">\n\n\n<ul class=\"pagination\">\n\t    \n\t\n\n<li >\n\t<a href='?page_no=640'>Previous<\/a>\n\t<\/li>\n\n\n       \n    \n\n<li><a href='?page_no=1'>1<\/a><\/li>\n\n\n\n<li><a href='?page_no=2'>2<\/a><\/li>\n\n\n\n<li><a>...<\/a><\/li>\n\n\n\n<li><a href='?page_no=639'>639<\/a><\/li>\n\n\n\n<li><a href='?page_no=640'>640<\/a><\/li>\n\n\n\n<li class='active'><a>641<\/a><\/li>\n\n\n\n<li><a href='?page_no=642'>642<\/a><\/li>\n\n\n\n<li><a href='?page_no=643'>643<\/a><\/li>\n\n\n\n<li><a>...<\/a><\/li>\n\n\n\n<li><a href='?page_no=22911'>22911<\/a><\/li>\n\n\n\n<li><a href='?page_no=22912'>22912<\/a><\/li>\n\n    \n\t\n\n<li >\n\t<a href='?page_no=642'>Next<\/a>\n\t<\/li>\n\n\n    \n\n<li><a href='?page_no=22912'>Last &rsaquo;&rsaquo;<\/a><\/li>\n\n<\/ul>\n\n\n--><br \/>\n<\/body><\/p>\n","protected":false},"excerpt":{"rendered":"<p>Entrada nueva en Periodico Oficial del PRM BENDICI\u00d3N URBI ET ORBI y MISA ? Indulgencia Plenaria por La Redaccion Papa Francisco: BENDICI\u00d3N URBI ET ORBI y MISA &#8211; Indulgencia Plenaria El Papa Francisco ha decidido dar la bendici\u00f3n \u00abUrbi et Orbi\u00bb este viernes 27 de marzo, a la luz de la actual pandemia que mantiene [&hellip;]<\/p>\n","protected":false},"author":3,"featured_media":0,"comment_status":"open","ping_status":"open","sticky":false,"template":"","format":"standard","meta":{"footnotes":""},"categories":[21],"tags":[],"class_list":["post-54251","post","type-post","status-publish","format-standard","hentry","category-cultura"],"_links":{"self":[{"href":"https:\/\/diariodominicano.com\/index.php?rest_route=\/wp\/v2\/posts\/54251","targetHints":{"allow":["GET"]}}],"collection":[{"href":"https:\/\/diariodominicano.com\/index.php?rest_route=\/wp\/v2\/posts"}],"about":[{"href":"https:\/\/diariodominicano.com\/index.php?rest_route=\/wp\/v2\/types\/post"}],"author":[{"embeddable":true,"href":"https:\/\/diariodominicano.com\/index.php?rest_route=\/wp\/v2\/users\/3"}],"replies":[{"embeddable":true,"href":"https:\/\/diariodominicano.com\/index.php?rest_route=%2Fwp%2Fv2%2Fcomments&post=54251"}],"version-history":[{"count":0,"href":"https:\/\/diariodominicano.com\/index.php?rest_route=\/wp\/v2\/posts\/54251\/revisions"}],"wp:attachment":[{"href":"https:\/\/diariodominicano.com\/index.php?rest_route=%2Fwp%2Fv2%2Fmedia&parent=54251"}],"wp:term":[{"taxonomy":"category","embeddable":true,"href":"https:\/\/diariodominicano.com\/index.php?rest_route=%2Fwp%2Fv2%2Fcategories&post=54251"},{"taxonomy":"post_tag","embeddable":true,"href":"https:\/\/diariodominicano.com\/index.php?rest_route=%2Fwp%2Fv2%2Ftags&post=54251"}],"curies":[{"name":"wp","href":"https:\/\/api.w.org\/{rel}","templated":true}]}}