{"id":54239,"date":"2020-11-10T13:26:08","date_gmt":"2020-11-10T13:26:08","guid":{"rendered":"http:\/\/diariodominicano.ddns.net\/?p=54239"},"modified":"2020-11-10T13:26:08","modified_gmt":"2020-11-10T13:26:08","slug":"rectora-de-la-uasd-agradece-al-presidente-abinader-aportes-para-la-construccion-de-la-ciudad-universitaria-en-la-vega","status":"publish","type":"post","link":"https:\/\/diariodominicano.com\/?p=54239","title":{"rendered":"Rectora de la UASD agradece al presidente Abinader aportes para la construcci\u00f3n de la Ciudad Universitaria en La Vega"},"content":{"rendered":"<p><body><\/p>\n<p><img decoding=\"async\" src=\"img3\/AbinaderyEmmaPolanco10-11-20.jpeg\" \/>  <\/p>\n<p><span class=\"text1noticias\">diariodominicano.com<\/span> <\/p>\n<p><span class=\"text1noticias\"> <\/span><\/p>\n<p><span class=\"text1noticias\">Santo Domingo, R. D., 10 de noviembre, 2020.-  La rectora de la Universidad Aut\u00f3noma de Santo Domingo (UASD), Emma Polanco, agradeci\u00f3 este lunes al presidente Luis Abinader la partida presupuestaria extraordinaria dispuesta para terminar las edificaciones de la Ciudad Universitaria en La Vega.<\/span><\/p>\n<p><span class=\"text1noticias\"> <\/span><\/p>\n<p><span class=\"text1noticias\">\u00abCon esta decisi\u00f3n, se\u00f1or Presidente, la juventud y todos los ciudadanos de la Ciudad Ol\u00edmpica de La Vega ven aproximarse el momento en que se convierte en realidad uno de sus m\u00e1s grandes anhelados y merecidos sue\u00f1os de florecimiento cient\u00edfico y cultural, progreso social y desarrollo econ\u00f3mico\u00bb, dijo la acad\u00e9mica.<\/span><\/p>\n<p><span class=\"text1noticias\"> <\/span><\/p>\n<p><span class=\"text1noticias\">La rectora Polanco agradeci\u00f3 a trav\u00e9s de un comunicado al mandatario la generosa atenci\u00f3n que viene prestando a la UASD desde los primeros d\u00edas de su ascenso a la Presidencia de la Rep\u00fablica. <\/span><\/p>\n<p><span class=\"text1noticias\"> <\/span><\/p>\n<p><span class=\"text1noticias\">En esta ocasi\u00f3n, agreg\u00f3, esa atenci\u00f3n se manifiesta a trav\u00e9s de la cinco veces centenaria ciudad de La Vega, y dijo esperar, que se siga replicando en otras localidades donde est\u00e1 presente la Universidad Primera de Am\u00e9rica.<\/span><\/p>\n<p><span class=\"text1noticias\"> <\/span><\/p>\n<p><span class=\"text1noticias\">\u00abLos uasdianos estamos seguros de que la historia sabr\u00e1 compensarle con similar generosidad, su gran voluntad de servicio hacia nuestra Alma Mater\u00bb, se\u00f1ala el documento.<\/span><\/p>\n<p><span class=\"text1noticias\"> <\/span><\/p>\n<p><span class=\"text1noticias\">El presidente Abinader, en una amplia jornada de trabajo desarrollada el domingo en La Vega, dispuso RD$24 millones para concluir la construcci\u00f3n de la casa de altos estudios estatal.<\/span><\/p>\n<p><span class=\"text1noticias\"> <\/span><\/p>\n<p><span class=\"text1noticias\">Anteriormente, el 26 de agosto pasado, el presidente Abinader tambi\u00e9n dispuso RD$234.5 millones como apoyo financiero y log\u00edstico para desarrollar programa acad\u00e9mico virtual de <\/span>la UASD.<\/p>\n<\/p>\n<p>Fuente: Presidencia de la Rep\u00fablica Dominicana<\/p>\n<p>Noticias<\/p>\n<h6> 2020-11-10 13:26:08 <\/h6>\n<p><!--\n<link rel=\"stylesheet\" href=\"css\/bootstrap.min.css\">\n\n\n<ul class=\"pagination\">\n\t    \n\t\n\n<li >\n\t<a href='?page_no=63'>Previous<\/a>\n\t<\/li>\n\n\n       \n    \n\n<li><a href='?page_no=1'>1<\/a><\/li>\n\n\n\n<li><a href='?page_no=2'>2<\/a><\/li>\n\n\n\n<li><a>...<\/a><\/li>\n\n\n\n<li><a href='?page_no=62'>62<\/a><\/li>\n\n\n\n<li><a href='?page_no=63'>63<\/a><\/li>\n\n\n\n<li class='active'><a>64<\/a><\/li>\n\n\n\n<li><a href='?page_no=65'>65<\/a><\/li>\n\n\n\n<li><a href='?page_no=66'>66<\/a><\/li>\n\n\n\n<li><a>...<\/a><\/li>\n\n\n\n<li><a href='?page_no=22911'>22911<\/a><\/li>\n\n\n\n<li><a href='?page_no=22912'>22912<\/a><\/li>\n\n    \n\t\n\n<li >\n\t<a href='?page_no=65'>Next<\/a>\n\t<\/li>\n\n\n    \n\n<li><a href='?page_no=22912'>Last &rsaquo;&rsaquo;<\/a><\/li>\n\n<\/ul>\n\n\n--><br \/>\n<\/body><\/p>\n","protected":false},"excerpt":{"rendered":"<p>diariodominicano.com Santo Domingo, R. D., 10 de noviembre, 2020.- La rectora de la Universidad Aut\u00f3noma de Santo Domingo (UASD), Emma Polanco, agradeci\u00f3 este lunes al presidente Luis Abinader la partida presupuestaria extraordinaria dispuesta para terminar las edificaciones de la Ciudad Universitaria en La Vega. \u00abCon esta decisi\u00f3n, se\u00f1or Presidente, la juventud y todos los ciudadanos [&hellip;]<\/p>\n","protected":false},"author":3,"featured_media":0,"comment_status":"open","ping_status":"open","sticky":false,"template":"","format":"standard","meta":{"footnotes":""},"categories":[21],"tags":[],"class_list":["post-54239","post","type-post","status-publish","format-standard","hentry","category-cultura"],"_links":{"self":[{"href":"https:\/\/diariodominicano.com\/index.php?rest_route=\/wp\/v2\/posts\/54239","targetHints":{"allow":["GET"]}}],"collection":[{"href":"https:\/\/diariodominicano.com\/index.php?rest_route=\/wp\/v2\/posts"}],"about":[{"href":"https:\/\/diariodominicano.com\/index.php?rest_route=\/wp\/v2\/types\/post"}],"author":[{"embeddable":true,"href":"https:\/\/diariodominicano.com\/index.php?rest_route=\/wp\/v2\/users\/3"}],"replies":[{"embeddable":true,"href":"https:\/\/diariodominicano.com\/index.php?rest_route=%2Fwp%2Fv2%2Fcomments&post=54239"}],"version-history":[{"count":0,"href":"https:\/\/diariodominicano.com\/index.php?rest_route=\/wp\/v2\/posts\/54239\/revisions"}],"wp:attachment":[{"href":"https:\/\/diariodominicano.com\/index.php?rest_route=%2Fwp%2Fv2%2Fmedia&parent=54239"}],"wp:term":[{"taxonomy":"category","embeddable":true,"href":"https:\/\/diariodominicano.com\/index.php?rest_route=%2Fwp%2Fv2%2Fcategories&post=54239"},{"taxonomy":"post_tag","embeddable":true,"href":"https:\/\/diariodominicano.com\/index.php?rest_route=%2Fwp%2Fv2%2Ftags&post=54239"}],"curies":[{"name":"wp","href":"https:\/\/api.w.org\/{rel}","templated":true}]}}