{"id":542289,"date":"2024-07-02T10:15:32","date_gmt":"2024-07-02T14:15:32","guid":{"rendered":"https:\/\/diariodominicano.com\/?p=542289"},"modified":"2024-07-02T10:15:40","modified_gmt":"2024-07-02T14:15:40","slug":"unidad-hidrometeorologica-de-haiti-umh-beryl-no-representa-un-gran-peligro-para-haiti","status":"publish","type":"post","link":"https:\/\/diariodominicano.com\/?p=542289","title":{"rendered":"Unidad Hidrometeorol\u00f3gica de Hait\u00ed (UMH): \u00a0Beryl no representa un gran peligro para Hait\u00ed"},"content":{"rendered":"\n<p>diariodominicano.com<\/p>\n\n\n\n<p>Puerto Pr\u00edncipe, 2 jul (Prensa Latina) La Unidad Hidrometeorol\u00f3gica de Hait\u00ed (UMH) considera que el hurac\u00e1n Beryl est\u00e1 lejos de ser un peligro para el pa\u00eds antillano, donde hoy sigue bajo vigilancia.<\/p>\n\n\n\n<p>El coordinador de la UMH, Marcelin Esterlin explic\u00f3 que la costa sur est\u00e1 en la fase de alerta cicl\u00f3nica, teniendo en cuenta su baja presi\u00f3n y que los vientos pueden alcanzar los 215 kil\u00f3metros por hora.<\/p>\n\n\n\n<p>Con un movimiento hacia el oeste, Beryl no representa un gran peligro para Hait\u00ed ya que se encuentra en alta mar, argument\u00f3 el experto.<\/p>\n\n\n\n<p>Sin embargo, puntualiza Esterlin, su trayectoria podr\u00eda afectar la zona costera sur a trav\u00e9s de las lluvias, el viento y podr\u00eda presentarse en forma de cicl\u00f3n.<\/p>\n\n\n\n<p>Invit\u00f3 a las autoridades estatales a tomar medidas para proteger a la poblaci\u00f3n durante la temporada de huracanes que inici\u00f3 el 1 de junio y finalizar\u00e1 el 30 de noviembre.<\/p>\n\n\n\n<p>\u00abHay que limpiar las cloacas, proteger las riberas de los r\u00edos para evitar inundaciones con el fin de proteger la vida y los bienes de la ciudadan\u00eda en esta etapa lluviosa\u00bb, se\u00f1al\u00f3 Esterlin citado por el diario digital Le National.<\/p>\n\n\n\n<p>Pidi\u00f3 no perder de vista a las poblaciones asentadas cerca de r\u00edos y barrancos teniendo en cuenta su m\u00e9todo de construcci\u00f3n an\u00e1rquica que ellos adelantan por su cuenta.<\/p>\n\n\n\n<p>mem\/joe<\/p>\n","protected":false},"excerpt":{"rendered":"<p>diariodominicano.com Puerto Pr\u00edncipe, 2 jul (Prensa Latina) La Unidad Hidrometeorol\u00f3gica de Hait\u00ed (UMH) considera que el hurac\u00e1n Beryl est\u00e1 lejos de ser un peligro para el pa\u00eds antillano, donde hoy sigue bajo vigilancia. El coordinador de la UMH, Marcelin Esterlin explic\u00f3 que la costa sur est\u00e1 en la fase de alerta cicl\u00f3nica, teniendo en cuenta [&hellip;]<\/p>\n","protected":false},"author":5,"featured_media":542292,"comment_status":"closed","ping_status":"closed","sticky":true,"template":"","format":"standard","meta":{"footnotes":""},"categories":[112,23,27],"tags":[],"class_list":["post-542289","post","type-post","status-publish","format-standard","has-post-thumbnail","hentry","category-haiti","category-internacional","category-portada"],"_links":{"self":[{"href":"https:\/\/diariodominicano.com\/index.php?rest_route=\/wp\/v2\/posts\/542289","targetHints":{"allow":["GET"]}}],"collection":[{"href":"https:\/\/diariodominicano.com\/index.php?rest_route=\/wp\/v2\/posts"}],"about":[{"href":"https:\/\/diariodominicano.com\/index.php?rest_route=\/wp\/v2\/types\/post"}],"author":[{"embeddable":true,"href":"https:\/\/diariodominicano.com\/index.php?rest_route=\/wp\/v2\/users\/5"}],"replies":[{"embeddable":true,"href":"https:\/\/diariodominicano.com\/index.php?rest_route=%2Fwp%2Fv2%2Fcomments&post=542289"}],"version-history":[{"count":1,"href":"https:\/\/diariodominicano.com\/index.php?rest_route=\/wp\/v2\/posts\/542289\/revisions"}],"predecessor-version":[{"id":542294,"href":"https:\/\/diariodominicano.com\/index.php?rest_route=\/wp\/v2\/posts\/542289\/revisions\/542294"}],"wp:featuredmedia":[{"embeddable":true,"href":"https:\/\/diariodominicano.com\/index.php?rest_route=\/wp\/v2\/media\/542292"}],"wp:attachment":[{"href":"https:\/\/diariodominicano.com\/index.php?rest_route=%2Fwp%2Fv2%2Fmedia&parent=542289"}],"wp:term":[{"taxonomy":"category","embeddable":true,"href":"https:\/\/diariodominicano.com\/index.php?rest_route=%2Fwp%2Fv2%2Fcategories&post=542289"},{"taxonomy":"post_tag","embeddable":true,"href":"https:\/\/diariodominicano.com\/index.php?rest_route=%2Fwp%2Fv2%2Ftags&post=542289"}],"curies":[{"name":"wp","href":"https:\/\/api.w.org\/{rel}","templated":true}]}}