{"id":542280,"date":"2024-07-02T09:57:57","date_gmt":"2024-07-02T13:57:57","guid":{"rendered":"https:\/\/diariodominicano.com\/?p=542280"},"modified":"2024-07-02T10:03:26","modified_gmt":"2024-07-02T14:03:26","slug":"galenos-instan-usar-suplementos-incentivan-produccion-de-glutation-para-mejorar-la-salud-poblacion-de-rd","status":"publish","type":"post","link":"https:\/\/diariodominicano.com\/?p=542280","title":{"rendered":"Galenos instan usar suplementos incentivan producci\u00f3n de Glutati\u00f3n para mejorar la salud poblaci\u00f3n de RD"},"content":{"rendered":"\n<p>Desde la izquierda, el nutricionista y diabet\u00f3logo Antonio Contreras, el empresario Ra\u00fal Tufik y la cirujana ortomolecular Ana Laura R\u00edos.<\/p>\n\n\n\n<p><em><strong>Anuncian un simposio sobre el tema con tres cient\u00edficos internacionales, organizado por la compa\u00f1\u00eda de biotecnolog\u00eda canadiense Immunotec.<\/strong><\/em><\/p>\n\n\n\n<figure class=\"wp-block-image size-large\"><img loading=\"lazy\" decoding=\"async\" width=\"880\" height=\"1024\" src=\"https:\/\/diariodominicano.com\/wp-content\/uploads\/2024\/07\/Foto-2-el-nutricionista-Antonio-Contreras-el-empresario-Raul-Tufik-y-la-cirujana-Ana-Laura-Rios-880x1024.jpg\" alt=\"\" class=\"wp-image-542283\" srcset=\"https:\/\/diariodominicano.com\/wp-content\/uploads\/2024\/07\/Foto-2-el-nutricionista-Antonio-Contreras-el-empresario-Raul-Tufik-y-la-cirujana-Ana-Laura-Rios-880x1024.jpg 880w, https:\/\/diariodominicano.com\/wp-content\/uploads\/2024\/07\/Foto-2-el-nutricionista-Antonio-Contreras-el-empresario-Raul-Tufik-y-la-cirujana-Ana-Laura-Rios-258x300.jpg 258w, https:\/\/diariodominicano.com\/wp-content\/uploads\/2024\/07\/Foto-2-el-nutricionista-Antonio-Contreras-el-empresario-Raul-Tufik-y-la-cirujana-Ana-Laura-Rios-768x894.jpg 768w, https:\/\/diariodominicano.com\/wp-content\/uploads\/2024\/07\/Foto-2-el-nutricionista-Antonio-Contreras-el-empresario-Raul-Tufik-y-la-cirujana-Ana-Laura-Rios-1319x1536.jpg 1319w, https:\/\/diariodominicano.com\/wp-content\/uploads\/2024\/07\/Foto-2-el-nutricionista-Antonio-Contreras-el-empresario-Raul-Tufik-y-la-cirujana-Ana-Laura-Rios-816x950.jpg 816w, https:\/\/diariodominicano.com\/wp-content\/uploads\/2024\/07\/Foto-2-el-nutricionista-Antonio-Contreras-el-empresario-Raul-Tufik-y-la-cirujana-Ana-Laura-Rios.jpg 1718w\" sizes=\"auto, (max-width: 880px) 100vw, 880px\" \/><\/figure>\n\n\n\n<p><strong>Santo Domingo, RD.-<\/strong>\u00a0M\u00e9dicos de la empresa internacional de biotecnolog\u00eda Immunotec instaron el lunes a la poblaci\u00f3n de Rep\u00fablica dominicana  a utilizar suplementos que promuevan el Glutati\u00f3n, conocido como la \u00abmol\u00e9cula de la vida\u00bb, que es un trip\u00e9ptido compuesto por \u00e1cido glut\u00e1mico, glicina y ciste\u00edna, es crucial y se encuentra en todas las c\u00e9lulas del cuerpo humano.<\/p>\n\n\n\n<p>Esta sustancia juega un papel vital en la desintoxicaci\u00f3n celular y la regulaci\u00f3n del sistema inmunol\u00f3gico, entre otros procesos biol\u00f3gicos, informaron el empresario Ra\u00fal Tufik; la cirujana ortomolecular Ana Laura R\u00edos, y el nutricionista y diabet\u00f3logo Antonio Contreras, en un encuentro en el que informaron que el s\u00e1bado 13 de este mes el pa\u00eds se convertir\u00e1 en el epicentro del conocimiento sobre salud y bienestar con el Primer Simposio de Glutati\u00f3n.<\/p>\n\n\n\n<p>Manifestaron que este evento contar\u00e1 con la participaci\u00f3n de tres destacados cient\u00edficos internacionales, reunir\u00e1 a profesionales de la medicina para discutir los avances y aplicaciones del Glutati\u00f3n en la Rep\u00fablica Dominicana, y organizado por la empresa canadiense Immunotec, en el hotel W&amp;P, en la avenida Sarasota n\u00famero 53, en el horario de 8:00 a 11:30 de la ma\u00f1ana.<\/p>\n\n\n\n<p>El simposio contar\u00e1 con las exposiciones de los destacados cient\u00edficos internacionales Ricardo Garc\u00eda Pelayo, m\u00e9dico cirujano mexicano especializado en medicina natural y enzimoterapia; Luisa Cristina Torres, de Colombia, experta en inmunolog\u00eda y rehabilitaci\u00f3n cardiovascular; y Jairo Guerrero, neum\u00f3logo pediatra y m\u00e9dico integrativo.<\/p>\n\n\n\n<p>Durante el simposio se compartir\u00e1n casos de estudios donde se muestra una mejor\u00eda importante, as\u00ed como las aplicaciones de las hoy ya 80 patentes de uso cl\u00ednico, demostrando los beneficios de esta mol\u00e9cula en la vida diaria.<\/p>\n\n\n\n<p>Ra\u00fal Tufik, explic\u00f3 que este simposio tendr\u00e1 un cupo limitado para 150 personas. La inscripci\u00f3n tiene un costo de 1,500 pesos, y los interesados pueden llamar al n\u00famero 849-207-7999.<\/p>\n\n\n\n<p>A\u00f1adi\u00f3 que el domingo 14 de julio se llevar\u00e1 a cabo un evento adicional dirigido a empresarios y emprendedores, para expandir el conocimiento sobre el Glutati\u00f3n y sus beneficios, para inscribirse v\u00eda Instagram en la cuenta: @raultufikoficial. Immunotec busca nuevos socios para poder llevar esta informaci\u00f3n y este respaldo a m\u00e1s familias en el pa\u00eds y otras naciones, este a\u00f1o estar\u00e1 expandi\u00e9ndose a los pa\u00edses europeos de Suiza, Alemania, Francia y Austria.<\/p>\n\n\n\n<p>Por su parte, la doctora Ana Laura R\u00edos destac\u00f3 los beneficios del Glutati\u00f3n, y mencion\u00f3 su capacidad antioxidante que ayuda a neutralizar radicales libres y compuestos oxidantes, protegiendo las c\u00e9lulas y el ADN. Adem\u00e1s, mejora la funci\u00f3n inmunol\u00f3gica y promueve la salud del h\u00edgado, siendo fundamental en la prevenci\u00f3n de enfermedades cr\u00f3nicas como el c\u00e1ncer y las enfermedades cardiovasculares.<\/p>\n\n\n\n<p>R\u00edos se\u00f1al\u00f3 que Immunotec ha desarrollado productos que aumentan los niveles de Glutati\u00f3n de manera natural en el cuerpo humano, entre estos productos se encuentra Immunocal, un precursor del Glutati\u00f3n cient\u00edficamente comprobado.<\/p>\n\n\n\n<p>El prop\u00f3sito del simposio es compartir conocimientos cient\u00edficos sobre el Glutati\u00f3n y su aplicaci\u00f3n en diversas condiciones de salud. Immunotec, con 45 a\u00f1os de investigaci\u00f3n y m\u00e1s de 80 patentes, es pionera en el estudio del Glutati\u00f3n, incluyendo recientes patentes en c\u00e1ncer y autismo otorgadas en abril de 2024.<\/p>\n\n\n\n<p>Los productos de Immunotec est\u00e1n disponibles en Rep\u00fablica Dominicana a trav\u00e9s de un grupo de asesores capacitados, cuyas informaciones se pueden obtener llamando al n\u00famero 849-207-7999 o v\u00eda WhatsApp.<\/p>\n\n\n\n<p>El Glutati\u00f3n ha sido objeto de m\u00e1s de 80,000 art\u00edculos cient\u00edficos que avalan sus beneficios, posicion\u00e1ndolo como un elemento clave en la prevenci\u00f3n y tratamiento de diversas enfermedades cr\u00f3nicas.<\/p>\n\n\n\n<p>Immunotec tambi\u00e9n ha lanzado una l\u00ednea deportiva adoptada por equipos internacionales como el Inter de Miami y el Club Am\u00e9rica de M\u00e9xico, destacando su compromiso con la salud y el bienestar en diversas \u00e1reas.<\/p>\n\n\n\n<figure class=\"wp-block-embed is-type-video is-provider-youtube wp-block-embed-youtube wp-embed-aspect-16-9 wp-has-aspect-ratio\"><div class=\"wp-block-embed__wrapper\">\n<iframe loading=\"lazy\" title=\"Galenos instan usar suplementos incentiven producci\u00f3n de Glutati\u00f3n para mejorar la salud poblaci\u00f3n\" width=\"616\" height=\"347\" src=\"https:\/\/www.youtube.com\/embed\/ZpCM4m7ptdA?feature=oembed\" frameborder=\"0\" allow=\"accelerometer; autoplay; clipboard-write; encrypted-media; gyroscope; picture-in-picture; web-share\" referrerpolicy=\"strict-origin-when-cross-origin\" allowfullscreen><\/iframe>\n<\/div><\/figure>\n\n\n\n<p>Enver L\u00f3pez Milander<\/p>\n\n\n\n<p><a target=\"_blank\" href=\"mailto:enverolm@gmail.com\" rel=\"noreferrer noopener\">enverolm@gmail.com<\/a><\/p>\n","protected":false},"excerpt":{"rendered":"<p>Desde la izquierda, el nutricionista y diabet\u00f3logo Antonio Contreras, el empresario Ra\u00fal Tufik y la cirujana ortomolecular Ana Laura R\u00edos. Anuncian un simposio sobre el tema con tres cient\u00edficos internacionales, organizado por la compa\u00f1\u00eda de biotecnolog\u00eda canadiense Immunotec. Santo Domingo, RD.-\u00a0M\u00e9dicos de la empresa internacional de biotecnolog\u00eda Immunotec instaron el lunes a la poblaci\u00f3n de [&hellip;]<\/p>\n","protected":false},"author":28,"featured_media":542281,"comment_status":"closed","ping_status":"closed","sticky":true,"template":"","format":"standard","meta":{"footnotes":""},"categories":[36,25,27],"tags":[],"class_list":["post-542280","post","type-post","status-publish","format-standard","has-post-thumbnail","hentry","category-hombresmujeresycosas","category-gente","category-portada"],"_links":{"self":[{"href":"https:\/\/diariodominicano.com\/index.php?rest_route=\/wp\/v2\/posts\/542280","targetHints":{"allow":["GET"]}}],"collection":[{"href":"https:\/\/diariodominicano.com\/index.php?rest_route=\/wp\/v2\/posts"}],"about":[{"href":"https:\/\/diariodominicano.com\/index.php?rest_route=\/wp\/v2\/types\/post"}],"author":[{"embeddable":true,"href":"https:\/\/diariodominicano.com\/index.php?rest_route=\/wp\/v2\/users\/28"}],"replies":[{"embeddable":true,"href":"https:\/\/diariodominicano.com\/index.php?rest_route=%2Fwp%2Fv2%2Fcomments&post=542280"}],"version-history":[{"count":3,"href":"https:\/\/diariodominicano.com\/index.php?rest_route=\/wp\/v2\/posts\/542280\/revisions"}],"predecessor-version":[{"id":542286,"href":"https:\/\/diariodominicano.com\/index.php?rest_route=\/wp\/v2\/posts\/542280\/revisions\/542286"}],"wp:featuredmedia":[{"embeddable":true,"href":"https:\/\/diariodominicano.com\/index.php?rest_route=\/wp\/v2\/media\/542281"}],"wp:attachment":[{"href":"https:\/\/diariodominicano.com\/index.php?rest_route=%2Fwp%2Fv2%2Fmedia&parent=542280"}],"wp:term":[{"taxonomy":"category","embeddable":true,"href":"https:\/\/diariodominicano.com\/index.php?rest_route=%2Fwp%2Fv2%2Fcategories&post=542280"},{"taxonomy":"post_tag","embeddable":true,"href":"https:\/\/diariodominicano.com\/index.php?rest_route=%2Fwp%2Fv2%2Ftags&post=542280"}],"curies":[{"name":"wp","href":"https:\/\/api.w.org\/{rel}","templated":true}]}}