{"id":542099,"date":"2024-07-01T21:13:07","date_gmt":"2024-07-02T01:13:07","guid":{"rendered":"https:\/\/diariodominicano.com\/?p=542099"},"modified":"2024-07-01T21:13:11","modified_gmt":"2024-07-02T01:13:11","slug":"el-carabobeno-antonio-colina-la-nueva-promesa-de-la-musica-llanera-venezolana","status":"publish","type":"post","link":"https:\/\/diariodominicano.com\/?p=542099","title":{"rendered":"El Carabobe\u00f1o: Antonio Colina: La Nueva Promesa de la M\u00fasica Llanera Venezolana"},"content":{"rendered":"\n<p>Con un estilo aut\u00e9ntico y una voz que resuena en lo m\u00e1s profundo del alma, Antonio Colina se ha posicionado como la nueva promesa de la m\u00fasica llanera en Venezuela. Este talentoso cantante ha cautivado a audiencias con su pasi\u00f3n por la m\u00fasica y su compromiso con las tradiciones venezolanas.<\/p>\n\n\n\n<p>Con \u00e9xitos como \u00abNuestro Joropo\u00bb, \u00abD\u00e9jala Ir\u00bb, \u00abRealidades\u00bb y \u00abPerd\u00f3name\u00bb, Antonio Colina ha demostrado su versatilidad y habilidad para transmitir emociones a trav\u00e9s de sus letras y melod\u00edas. Cada canci\u00f3n es un testimonio de su profundo amor por la cultura llanera y su deseo de compartirlo con el mundo.<\/p>\n\n\n\n<p>Pero la m\u00fasica es solo una faceta de este talentoso artista. Adem\u00e1s de ser cantante, Antonio Colina es un empresario exitoso en la industria de insumos m\u00e9dicos, donde ha demostrado su capacidad para liderar e innovar. Su visi\u00f3n empresarial se combina con su pasi\u00f3n por motivar a otros, convirti\u00e9ndolo en un l\u00edder inspirador para muchos j\u00f3venes venezolanos.<\/p>\n\n\n\n<p>A nivel personal, Antonio Colina es un hombre comprometido. Est\u00e1 casado y es padre de un hijo llamado Abel, quien es su fuente de inspiraci\u00f3n y motivaci\u00f3n constante para alcanzar sus sue\u00f1os.<\/p>\n\n\n\n<p>Pr\u00f3ximamente, Antonio Colina est\u00e1 preparado para dar un paso importante en su carrera musical con el lanzamiento de su primer video oficial. Aunque ya cuenta con una s\u00f3lida presencia en plataformas de m\u00fasica con videos lyric y audios oficiales, este pr\u00f3ximo lanzamiento promete cautivar a\u00fan m\u00e1s a su audiencia y consolidar su posici\u00f3n como uno de los artistas m\u00e1s destacados de la m\u00fasica venezolana.<\/p>\n\n\n\n<p>Para m\u00e1s informaci\u00f3n sobre Antonio Colina y sus pr\u00f3ximos proyectos, se invita a los interesados \u200b\u200ba seguirlo en sus redes sociales y estar atentos a las novedades que tiene preparadas para el pr\u00f3ximo a\u00f1o.<\/p>\n","protected":false},"excerpt":{"rendered":"<p>Con un estilo aut\u00e9ntico y una voz que resuena en lo m\u00e1s profundo del alma, Antonio Colina se ha posicionado como la nueva promesa de la m\u00fasica llanera en Venezuela. Este talentoso cantante ha cautivado a audiencias con su pasi\u00f3n por la m\u00fasica y su compromiso con las tradiciones venezolanas. Con \u00e9xitos como \u00abNuestro Joropo\u00bb, [&hellip;]<\/p>\n","protected":false},"author":7,"featured_media":542105,"comment_status":"closed","ping_status":"closed","sticky":true,"template":"","format":"standard","meta":{"footnotes":""},"categories":[25],"tags":[],"class_list":["post-542099","post","type-post","status-publish","format-standard","has-post-thumbnail","hentry","category-gente"],"_links":{"self":[{"href":"https:\/\/diariodominicano.com\/index.php?rest_route=\/wp\/v2\/posts\/542099","targetHints":{"allow":["GET"]}}],"collection":[{"href":"https:\/\/diariodominicano.com\/index.php?rest_route=\/wp\/v2\/posts"}],"about":[{"href":"https:\/\/diariodominicano.com\/index.php?rest_route=\/wp\/v2\/types\/post"}],"author":[{"embeddable":true,"href":"https:\/\/diariodominicano.com\/index.php?rest_route=\/wp\/v2\/users\/7"}],"replies":[{"embeddable":true,"href":"https:\/\/diariodominicano.com\/index.php?rest_route=%2Fwp%2Fv2%2Fcomments&post=542099"}],"version-history":[{"count":1,"href":"https:\/\/diariodominicano.com\/index.php?rest_route=\/wp\/v2\/posts\/542099\/revisions"}],"predecessor-version":[{"id":542131,"href":"https:\/\/diariodominicano.com\/index.php?rest_route=\/wp\/v2\/posts\/542099\/revisions\/542131"}],"wp:featuredmedia":[{"embeddable":true,"href":"https:\/\/diariodominicano.com\/index.php?rest_route=\/wp\/v2\/media\/542105"}],"wp:attachment":[{"href":"https:\/\/diariodominicano.com\/index.php?rest_route=%2Fwp%2Fv2%2Fmedia&parent=542099"}],"wp:term":[{"taxonomy":"category","embeddable":true,"href":"https:\/\/diariodominicano.com\/index.php?rest_route=%2Fwp%2Fv2%2Fcategories&post=542099"},{"taxonomy":"post_tag","embeddable":true,"href":"https:\/\/diariodominicano.com\/index.php?rest_route=%2Fwp%2Fv2%2Ftags&post=542099"}],"curies":[{"name":"wp","href":"https:\/\/api.w.org\/{rel}","templated":true}]}}