{"id":54206,"date":"2020-03-29T19:29:30","date_gmt":"2020-03-29T19:29:30","guid":{"rendered":"http:\/\/diariodominicano.ddns.net\/?p=54206"},"modified":"2020-03-29T19:29:30","modified_gmt":"2020-03-29T19:29:30","slug":"educacion-inicia-este-lunes-segunda-etapa-entrega-kits-de-alimentos-crudos","status":"publish","type":"post","link":"https:\/\/diariodominicano.com\/?p=54206","title":{"rendered":"Educaci\u00f3n inicia este lunes segunda etapa entrega Kits de alimentos crudos"},"content":{"rendered":"<p><body><\/p>\n<p><img decoding=\"async\" src=\"img3\/Inabie29-8.jpg\" \/>  <\/p>\n<p><strong><span class=\"text1noticias\"> <\/span>diariodominicano.com<\/strong><\/p>\n<p><strong> Educaci\u00f3n inicia este lunes segunda etapa entrega Kits de alimentos crudos<\/strong><\/p>\n<p><strong><span class=\"text1noticias\">Santo Domingo, R. D., 29 de marzo, 2020.-<\/span><\/strong><span class=\"text1noticias\"> El Ministerio de Educaci\u00f3n (MINERD), a trav\u00e9s del Instituto Nacional de Bienestar Estudiantil (INABIE), iniciara este lunes, la segunda etapa de entrega a nivel nacional de aproximadamente un mill\u00f3n trescientos mil kits de alimentos crudos a los padres, madres y tutores de los estudiantes de las escuelas p\u00fablicas que est\u00e1n en la modalidad de Jornada Escolar Extendida.<\/span><\/p>\n<p><span class=\"text1noticias\"> <\/span><\/p>\n<p><span class=\"text1noticias\"> La entrega se realizara, tal como fue programada para ser distribuidas durante el per\u00edodo de suspensi\u00f3n de la docencia debido al Estado de Emergencia decretado por el Presidente Danilo Medina, por la incidencia en el pa\u00eds del Coronavirus (COVID 19) a fin de garantizarles la alimentaci\u00f3n a los educandos de esa modalidad escolar.<\/span><\/p>\n<p><span class=\"text1noticias\"> <\/span><\/p>\n<p><span class=\"text1noticias\">El licenciado Ren\u00e9 J\u00e1quez Gil, Director Ejecutivo del INABIE Inform\u00f3 que a partir de este lunes 30, el INABIE estar\u00e1 entregando 1 mill\u00f3n 300 mil kits alimenticios; a los estudiantes de   Jornada Escolar Extendida.\u00bb Estimamos que estos kits, los proveedores los estar\u00edan suministrando a los centros educativos p\u00fablicos del pa\u00eds de la siguiente manera: un 40 por ciento, el lunes 30 de marzo; otro 40 por ciento, el martes 31, y el restante 20 por ciento, al mi\u00e9rcoles 1ero de abril\u00bb. <\/span><\/p>\n<p><span class=\"text1noticias\"> <\/span><\/p>\n<p><span class=\"text1noticias\"> De igual forma, J\u00e1quez Gil, indic\u00f3 que este mismo m\u00e9todo se utilizar\u00e1, haciendo los ajustes necesarios, durante el proceso, hasta completar tres entregas una por cada semana*. <\/span><\/p>\n<p><span class=\"text1noticias\"> <\/span><\/p>\n<p><span class=\"text1noticias\">En ese sentido, se\u00f1al\u00f3 que, por cada estudiante de estos centros educativos p\u00fablicos, el padre, madre o tutor, recibir\u00e1 un kit una vez a la semana, en sustituci\u00f3n de las raciones cocidas que se entrega diariamente de forma ordinaria en los centros p\u00fablicos, como una medida de optimizar la seguridad alimentaria y nutricional de los estudiantes y contribuir as\u00ed a disminuir los riesgos de contagio y propagaci\u00f3n del COVID 19 en los actores del Sistema Educativo Dominicano. <\/span><\/p>\n<p><span class=\"text1noticias\"> <\/span><\/p>\n<p><span class=\"text1noticias\">El Director Ejecutivo del INABIE, indic\u00f3 que durante la primera etapa, el proceso se desarroll\u00f3 de manera exitosa, cumpliendo con todos los protocolos establecidos por el Ministerio de Salud P\u00fablica.<\/span><\/p>\n<p><span class=\"text1noticias\"> <\/span><\/p>\n<p><span class=\"text1noticias\">Sin embargo, J\u00e1quez Gil afirmo\u00bb De igual manera informamos a la Comunidad Educativa y la sociedad en sentido general que la entidad est\u00e1 en la mejor disposici\u00f3n de hacer cualquier ajuste necesario en el m\u00e9todo implementado para la entrega de las raciones alimenticias y nutricionales, siempre cuidando y respetando los protocolos de salud, pues el objetivo, adem\u00e1s de entregar los alimentos crudos a la poblaci\u00f3n estudiantil, es sobre todo cuidar la salud de nuestra gente\u00bb.<\/span><\/p>\n<p><span class=\"text1noticias\"> <\/span><\/p>\n<p><span class=\"text1noticias\">Asimismo, dijo que los Kits de Alimentaci\u00f3n Escolar, al igual que en la Primera Etapa, contienen: arroz, leguminosas (habichuelas, arvejas, lentejas, otros), pastas alimenticias, sardinas en salsa de tomate, lata de ma\u00edz, harina de ma\u00edz y aceite. Adicional a este kit, cada estudiante de los centros educativos p\u00fablicos, recibir\u00e1 leche l\u00edquida UHT y panes o galletas. <\/span><\/p>\n<p><span class=\"text1noticias\"> <\/span><\/p>\n<p><span class=\"text1noticias\">El Director del INABIE, indic\u00f3 que los productos alimenticios, deben cumplir con las fichas t\u00e9cnicas establecidas en los pliegos de licitaci\u00f3n y contratos, y tambi\u00e9n estar debidamente empacados en fundas pl\u00e1sticas, resistentes, preferiblemente transparentes y cerradas (nudo, tie, wrap, selladora, etc.) evitar roturas de las mismas.<\/span><\/p>\n<p><span class=\"text1noticias\"> <\/span><\/p>\n<p><span class=\"text1noticias\">J\u00e1quez Gil, hizo un llamado a los suplidores del PAE para que mantengan la consulta y el contacto permanente con el INABIE y estar atentos a los cambios que podr\u00edan hacerse al men\u00fa debido a la escasez de algunos productos, para lo cual habr\u00e1 un producto sustituto que pueda compensar y sr sustituido en cada caso.<\/span><\/p>\n<p><span class=\"text1noticias\"> <\/span><\/p>\n<p><span class=\"text1noticias\"> Pidi\u00f3 a los suplidores, mantener la coordinaci\u00f3n con la Direcci\u00f3n de los centros educativos de acuerdo al protocolo establecido por el INABIE y a los Directores Regionales y de los Directores de Distritos, que instruyan a los\/las Directores (as) de centros educativos, para que la entrega se haga de acuerdo al calendario establecido por esa instituci\u00f3n. <\/span><\/p>\n<p><span class=\"text1noticias\"> <\/span><\/p>\n<p><span class=\"text1noticias\">El director del INABIE, se\u00f1al\u00f3 que para el \u00e9xito de la jornada se necesita contar con el respaldo, el apoyo y la disposici\u00f3n de los actores y el orden la disciplina mostrados por la comunidad. Al tiempo de reiterar a los proveedores que entre este lunes y mi\u00e9rcoles de los corrientes deben completar la meta de entrega, seg\u00fan el calendario y la coordinaci\u00f3n con los directores de centros.<\/span><\/p>\n<p><span class=\"text1noticias\"> <\/span><\/p>\n<p><span class=\"text1noticias\"> <\/span><\/p>\n<p><span class=\"text1noticias\"> <\/span><\/p>\n<p><span class=\"text1noticias\">Departamento de Comunicaci\u00f3n y Relaciones P\u00fablicas<\/span><\/p>\n<p><span class=\"text1noticias\"> <\/span><\/p>\n<p><span class=\"text1noticias\">29 de marzo del 2020<\/span><\/p>\n<p><span class=\"text1noticias\"> <\/span><\/p>\n<p><span class=\"text1noticias\"> <\/span><\/p>\n<p><span class=\"text1noticias\"> <\/span><\/p>\n<p><span class=\"text1noticias\"> <\/span><\/p>\n<p><span class=\"text1noticias\"> <\/span><\/p>\n<p><span class=\"text1noticias\"> <\/span><\/p>\n<p><span class=\"text1noticias\"> <\/span><\/p>\n<p><span class=\"text1noticias\"> Licda. Magdalena Nu\u00f1e<\/span>z<\/p>\n<\/p>\n<p>Enc. Relaciones Publicas<\/p>\n<h6> 2020-03-29 19:29:30 <\/h6>\n<p><!--\n<link rel=\"stylesheet\" href=\"css\/bootstrap.min.css\">\n\n\n<ul class=\"pagination\">\n\t    \n\t\n\n<li >\n\t<a href='?page_no=636'>Previous<\/a>\n\t<\/li>\n\n\n       \n    \n\n<li><a href='?page_no=1'>1<\/a><\/li>\n\n\n\n<li><a href='?page_no=2'>2<\/a><\/li>\n\n\n\n<li><a>...<\/a><\/li>\n\n\n\n<li><a href='?page_no=635'>635<\/a><\/li>\n\n\n\n<li><a href='?page_no=636'>636<\/a><\/li>\n\n\n\n<li class='active'><a>637<\/a><\/li>\n\n\n\n<li><a href='?page_no=638'>638<\/a><\/li>\n\n\n\n<li><a href='?page_no=639'>639<\/a><\/li>\n\n\n\n<li><a>...<\/a><\/li>\n\n\n\n<li><a href='?page_no=22911'>22911<\/a><\/li>\n\n\n\n<li><a href='?page_no=22912'>22912<\/a><\/li>\n\n    \n\t\n\n<li >\n\t<a href='?page_no=638'>Next<\/a>\n\t<\/li>\n\n\n    \n\n<li><a href='?page_no=22912'>Last &rsaquo;&rsaquo;<\/a><\/li>\n\n<\/ul>\n\n\n--><br \/>\n<\/body><\/p>\n","protected":false},"excerpt":{"rendered":"<p>diariodominicano.com Educaci\u00f3n inicia este lunes segunda etapa entrega Kits de alimentos crudos Santo Domingo, R. D., 29 de marzo, 2020.- El Ministerio de Educaci\u00f3n (MINERD), a trav\u00e9s del Instituto Nacional de Bienestar Estudiantil (INABIE), iniciara este lunes, la segunda etapa de entrega a nivel nacional de aproximadamente un mill\u00f3n trescientos mil kits de alimentos crudos [&hellip;]<\/p>\n","protected":false},"author":3,"featured_media":0,"comment_status":"open","ping_status":"open","sticky":false,"template":"","format":"standard","meta":{"footnotes":""},"categories":[21],"tags":[],"class_list":["post-54206","post","type-post","status-publish","format-standard","hentry","category-cultura"],"_links":{"self":[{"href":"https:\/\/diariodominicano.com\/index.php?rest_route=\/wp\/v2\/posts\/54206","targetHints":{"allow":["GET"]}}],"collection":[{"href":"https:\/\/diariodominicano.com\/index.php?rest_route=\/wp\/v2\/posts"}],"about":[{"href":"https:\/\/diariodominicano.com\/index.php?rest_route=\/wp\/v2\/types\/post"}],"author":[{"embeddable":true,"href":"https:\/\/diariodominicano.com\/index.php?rest_route=\/wp\/v2\/users\/3"}],"replies":[{"embeddable":true,"href":"https:\/\/diariodominicano.com\/index.php?rest_route=%2Fwp%2Fv2%2Fcomments&post=54206"}],"version-history":[{"count":0,"href":"https:\/\/diariodominicano.com\/index.php?rest_route=\/wp\/v2\/posts\/54206\/revisions"}],"wp:attachment":[{"href":"https:\/\/diariodominicano.com\/index.php?rest_route=%2Fwp%2Fv2%2Fmedia&parent=54206"}],"wp:term":[{"taxonomy":"category","embeddable":true,"href":"https:\/\/diariodominicano.com\/index.php?rest_route=%2Fwp%2Fv2%2Fcategories&post=54206"},{"taxonomy":"post_tag","embeddable":true,"href":"https:\/\/diariodominicano.com\/index.php?rest_route=%2Fwp%2Fv2%2Ftags&post=54206"}],"curies":[{"name":"wp","href":"https:\/\/api.w.org\/{rel}","templated":true}]}}