{"id":542007,"date":"2024-07-01T12:53:54","date_gmt":"2024-07-01T16:53:54","guid":{"rendered":"https:\/\/diariodominicano.com\/?p=542007"},"modified":"2024-07-01T12:53:59","modified_gmt":"2024-07-01T16:53:59","slug":"dictan-garantia-economica-e-impedimento-de-salida-contra-imputado-por-incidente-de-transito-registrado-en-el-sector-evaristo-morales","status":"publish","type":"post","link":"https:\/\/diariodominicano.com\/?p=542007","title":{"rendered":"Dictan garant\u00eda, econ\u00f3mica e impedimento de salida contra imputado por incidente de transito registrado en el sector Evaristo Morales"},"content":{"rendered":"\n<p>diariodominicano.com<\/p>\n\n\n\n<p><strong>Santo Domingo, R. D., 1 de julio,<\/strong>\u2002<strong>2024.-<\/strong>\u00a0La Sala IV del Tribunal Especial de Tr\u00e1nsito del Distrito Nacional, adscrita al Centro Asistencial al Automovilista, orden\u00f3 libertad condicional a Reynner Jos\u00e9 Eusebio Rosario, se\u00f1alado como el ch\u00f3fer que impact\u00f3 con el veh\u00edculo que conduc\u00eda a una yipeta Mercedes Benz, la cual se precipit\u00f3 a un hoyo en el sector Evaristo Morales, causando la muerte de dos personas y dejando a otras dos heridas.<\/p>\n\n\n\n<p>Como medida de coerci\u00f3n, la jueza Elianny Mena Ure\u00f1a, acogi\u00f3 la solicitud del Ministerio P\u00fablico y dispuso que Reynner Jos\u00e9 Eusebio Rosario pague una garant\u00eda econ\u00f3mica de un mill\u00f3n de pesos, impedimento de salida del pa\u00eds y presentaci\u00f3n peri\u00f3dica hasta concluir las investigaciones.<\/p>\n\n\n\n<p>El imputado es se\u00f1alado como el responsable del accidente que cobr\u00f3 la vida de dos personas, haciendo uso de conducci\u00f3n temeraria o descuidada, en violaci\u00f3n a los art\u00edculos 220 y 303 (numerales 4 y 5) de la Ley 63-17 de Movilidad, Transporte Terrestre, Tr\u00e1nsito y Seguridad Vial de la Rep\u00fablica Dominicana.<\/p>\n\n\n\n<p>De acuerdo con la instancia, el accidente ocurri\u00f3 el domingo 23 de junio, a las 2:30 de la madrugada, cuando la yipeta Mercedes Benz, color blanco, en la que se desplazaban las v\u00edctimas, fue impactada por el carro Toyota Corolla, color gris, y cay\u00f3 en un hoyo que fue cavado para la construcci\u00f3n de un edificio en la calle Roberto Pastoriza, esquina Jos\u00e9 Tapia Brea, del sector Evaristo Morales del Distrito Nacional.<\/p>\n\n\n\n<p>Dicho incidente cobr\u00f3 la vida de Roberto Encarnaci\u00f3n y una mujer a\u00fan no identificada formalmente por sus familiares ante la Fiscal\u00eda de Tr\u00e1nsito del Distrito Nacional. De igual manera, resultaron heridos Dany Hidalgo Paredes y Yonelis Ram\u00edrez. Al respecto, las autoridades hacen un llamado, nuevamente, a los familiares de la occisa para que pasen por el Centro del Automovilista para informarles adecuadamente sobre el proceso.<\/p>\n\n\n\n<p><strong>Direcci\u00f3n General de Comunicaci\u00f3n, Prensa, y RRPP<\/strong><strong><\/strong><\/p>\n\n\n\n<p>Ministerio P\u00fablico.&nbsp;R.D.<\/p>\n\n\n\n<p>Lunes, 1 de julio de 2024<\/p>\n","protected":false},"excerpt":{"rendered":"<p>diariodominicano.com Santo Domingo, R. D., 1 de julio,\u20022024.-\u00a0La Sala IV del Tribunal Especial de Tr\u00e1nsito del Distrito Nacional, adscrita al Centro Asistencial al Automovilista, orden\u00f3 libertad condicional a Reynner Jos\u00e9 Eusebio Rosario, se\u00f1alado como el ch\u00f3fer que impact\u00f3 con el veh\u00edculo que conduc\u00eda a una yipeta Mercedes Benz, la cual se precipit\u00f3 a un hoyo [&hellip;]<\/p>\n","protected":false},"author":5,"featured_media":294574,"comment_status":"closed","ping_status":"closed","sticky":true,"template":"","format":"standard","meta":{"footnotes":""},"categories":[24,27],"tags":[],"class_list":["post-542007","post","type-post","status-publish","format-standard","has-post-thumbnail","hentry","category-justicia-y-derecho","category-portada"],"_links":{"self":[{"href":"https:\/\/diariodominicano.com\/index.php?rest_route=\/wp\/v2\/posts\/542007","targetHints":{"allow":["GET"]}}],"collection":[{"href":"https:\/\/diariodominicano.com\/index.php?rest_route=\/wp\/v2\/posts"}],"about":[{"href":"https:\/\/diariodominicano.com\/index.php?rest_route=\/wp\/v2\/types\/post"}],"author":[{"embeddable":true,"href":"https:\/\/diariodominicano.com\/index.php?rest_route=\/wp\/v2\/users\/5"}],"replies":[{"embeddable":true,"href":"https:\/\/diariodominicano.com\/index.php?rest_route=%2Fwp%2Fv2%2Fcomments&post=542007"}],"version-history":[{"count":1,"href":"https:\/\/diariodominicano.com\/index.php?rest_route=\/wp\/v2\/posts\/542007\/revisions"}],"predecessor-version":[{"id":542008,"href":"https:\/\/diariodominicano.com\/index.php?rest_route=\/wp\/v2\/posts\/542007\/revisions\/542008"}],"wp:featuredmedia":[{"embeddable":true,"href":"https:\/\/diariodominicano.com\/index.php?rest_route=\/wp\/v2\/media\/294574"}],"wp:attachment":[{"href":"https:\/\/diariodominicano.com\/index.php?rest_route=%2Fwp%2Fv2%2Fmedia&parent=542007"}],"wp:term":[{"taxonomy":"category","embeddable":true,"href":"https:\/\/diariodominicano.com\/index.php?rest_route=%2Fwp%2Fv2%2Fcategories&post=542007"},{"taxonomy":"post_tag","embeddable":true,"href":"https:\/\/diariodominicano.com\/index.php?rest_route=%2Fwp%2Fv2%2Ftags&post=542007"}],"curies":[{"name":"wp","href":"https:\/\/api.w.org\/{rel}","templated":true}]}}