{"id":541995,"date":"2024-07-01T12:07:04","date_gmt":"2024-07-01T16:07:04","guid":{"rendered":"https:\/\/diariodominicano.com\/?p=541995"},"modified":"2024-07-01T12:07:11","modified_gmt":"2024-07-01T16:07:11","slug":"ministerio-publico-y-finjus-firman-acuerdo-de-cooperacion-para-el-desarrollo-de-iniciativas-que-propicien-los-medios-alternos-de-resolucion-de-conflicto","status":"publish","type":"post","link":"https:\/\/diariodominicano.com\/?p=541995","title":{"rendered":"Ministerio P\u00fablico y Finjus firman acuerdo de cooperaci\u00f3n para el desarrollo de iniciativas que propicien los medios alternos de resoluci\u00f3n de conflicto"},"content":{"rendered":"\n<p>diariodominicano.com<\/p>\n\n\n\n<p><strong>Santo Domingo, R. D., 1 de julio, 2024.-<\/strong>\u00a0La Procuradur\u00eda General de la Rep\u00fablica y la Fundaci\u00f3n Institucionalidad y Justicia (Finjus), con el apoyo del Gobierno de los Estados Unidos de Am\u00e9rica, trav\u00e9s de la Agencia de los Estados Unidos para el Desarrollo Internacional (USAID), firmaron un acuerdo de cooperaci\u00f3n, cuyo objetivo est\u00e1 centrado en contribuir con el\u00a0 desarrollo de iniciativas que propicien los medios alternos de resoluci\u00f3n de conflictos.<\/p>\n\n\n\n<p>El acuerdo fue firmado este viernes por la titular del Ministerio P\u00fablico, la procuradora general de la Rep\u00fablica, la magistrada Miriam Germ\u00e1n Brito y el presidente de Finjus, Servio Tulio Casta\u00f1os Guzm\u00e1n, en un acto celebrado en la Escuela Nacional del Ministerio P\u00fablico.<\/p>\n\n\n\n<p>\u201cLa mediaci\u00f3n y la conciliaci\u00f3n como herramientas de gesti\u00f3n pac\u00edfica, nos ofrece la posibilidad de abordar los conflictos de manera constructiva facilitando el di\u00e1logo entre las partes y promoviendo sus soluciones consensuadas, que satisfagan los intereses\u201d, indic\u00f3 Germ\u00e1n Brito, sobre la importancia del fortalecimiento de los medios alternos de resoluci\u00f3n de conflictos.<\/p>\n\n\n\n<p>La titular del Ministerio P\u00fablico se\u00f1al\u00f3 que, debido a la complejidad de las relaciones sociales en la actualidad, la b\u00fasqueda de mecanismos alternos a la soluci\u00f3n de conflictos se torna cada vez m\u00e1s relevanteC.<\/p>\n\n\n\n<p>Germ\u00e1n Brito, tambi\u00e9n se\u00f1al\u00f3, que la mediaci\u00f3n y la conciliaci\u00f3n, como herramientas complementarias de la acci\u00f3n judicial tradicional, les permitir\u00e1 a los miembros del Ministerio P\u00fablico abordar los conflictos con mayor eficacia y sensibilidad, reduciendo la carga de los tribunales ordinarios y contribuyendo a una justicia m\u00e1s expedita.<\/p>\n\n\n\n<p>\u201cEstoy convencida que, a trav\u00e9s de un trabajo colaborativo y el compromiso institucional, lograremos fortalecer significativamente los servicios de mediaci\u00f3n y conciliaci\u00f3n en la Rep\u00fablica Dominicana, contribuyendo a la creaci\u00f3n de una sociedad m\u00e1s pac\u00edfica y humana\u201d, explic\u00f3 Germ\u00e1n Brito.<\/p>\n\n\n\n<p>En el marco de la firma del acuerdo, tambi\u00e9n fue impartido el taller te\u00f3rico-practico en materia de mediaci\u00f3n de conflictos, elaborado por Finjus, del cual la magistrada Germ\u00e1n Brito destac\u00f3 su contribuci\u00f3n para dicho objetivo.<\/p>\n\n\n\n<p>El estudio diagn\u00f3stico realizado por Finjus, ha arrojado luz sobre la actividad de estos mecanismos en Santo Este y Santiago.<\/p>\n\n\n\n<p>Sus hallazgos y recomendaciones nos brindan una base s\u00f3lida para avanzar en la implementaci\u00f3n de estrategias que fortalezcan la mediaci\u00f3n y la conciliaci\u00f3n en el \u00e1mbito de la justicia dominicana.<\/p>\n\n\n\n<p>Por su parte, Casta\u00f1os Guzm\u00e1n destac\u00f3 la colaboraci\u00f3n de la USAID y resalt\u00f3 la importancia de trabajar de la mano con el Ministerio P\u00fablico, en la b\u00fasqueda de herramientas que contribuyan con la agilizaci\u00f3n, efectividad y descarga de los tribunales ordinarios a trav\u00e9s de medidas alternas de resoluci\u00f3n de conflictos en las fiscal\u00edas comunitarias y en propiciar diversos procesos que incidan en la descongesti\u00f3n y desjudicializaci\u00f3n de los conflictos comunitarios.<\/p>\n\n\n\n<p>\u201cDebemos acercar el sistema de justicia a la poblaci\u00f3n y mejorar los niveles de conflictividad en las comunidades, que permita asegurar la descongesti\u00f3n de los tribunales ordinarios y la restauraci\u00f3n de convivencia ciudadana, por eso nos pareci\u00f3 sumamente importante trabajar de la mano con el Ministerio P\u00fablico\u201d precis\u00f3 el presidente de Finjus.<\/p>\n\n\n\n<p>El acuerdo<\/p>\n\n\n\n<p>Mediante este acuerdo, ambas instituciones trabajar\u00e1n en la difusi\u00f3n de herramientas innovadoras que contribuyan a disminuir los \u00edndices de violencia; desarrollar mecanismos para hacer eficiente la labor de mediaci\u00f3n y conciliaci\u00f3n; as\u00ed como facilitar la participaci\u00f3n de las organizaciones sociales y comunitarias en la difusi\u00f3n y uso de los mecanismos alternos de resoluciones para evitar la judicializaci\u00f3n de los mismos.<\/p>\n\n\n\n<p>Para alcanzar dicho objetivo ser\u00e1n impartidas acciones formativas, como talleres, seminarios, cursos y cualquier otra modalidad que se considere pertinente para que los miembros del Ministerio P\u00fablico tengan el manejo eficiente de los mecanismos alternos de resoluci\u00f3n de conflictos.<\/p>\n\n\n\n<p>Tambi\u00e9n ser\u00e1n desarrollados estudios de investigaci\u00f3n y diagn\u00f3stico de las necesidades en materia de mecanismos alternos de resoluci\u00f3n de conflictos en las comunidades, para contribuir a los objetivos se\u00f1alados anteriormente.<\/p>\n\n\n\n<p>Adem\u00e1s, se trabajar\u00e1 en el desarrollo de iniciativas locales con universidades, centros de mediaci\u00f3n, sistema escolar u otros, para la observaci\u00f3n ciudadana sobre los mecanismos alternos de soluci\u00f3n de conflictos para garantizar su extensi\u00f3n y apoyo social.<\/p>\n\n\n\n<p>A trav\u00e9s de este convenio, que tendr\u00e1 una duraci\u00f3n de 12 meses y que podr\u00e1 ser renovado por este mismo espacio de tiempo, tras su conclusi\u00f3n, el Ministerio P\u00fablico coordinar\u00e1 la selecci\u00f3n del personal a capacitar y gestionar\u00e1 el otorgamiento de los permisos necesarios, atendiendo a las fases y temas acordados, as\u00ed como a facilitar las instalaciones adecuadas para la realizaci\u00f3n de los programas de capacitaci\u00f3n.<\/p>\n\n\n\n<p>Finjus, por su parte, apoyar\u00e1 al Ministerio P\u00fablico con el dise\u00f1o e implementaci\u00f3n de programas de formaci\u00f3n en mediaci\u00f3n, adaptados a las necesidades y requerimientos espec\u00edficos de las Fiscal\u00edas y contribuir\u00e1 con los facilitadores, materiales y recursos que pudieren ser necesarios para los programas de capacitaci\u00f3n requeridos, con el apoyo del Gobierno de los Estados Unidos de Am\u00e9rica, trav\u00e9s de la Agencia de los Estados Unidos para el Desarrollo Internacional (USAID).<\/p>\n\n\n\n<p><strong>Direcci\u00f3n General de Comunicaci\u00f3n, Prensa, y RRPP<\/strong><strong><\/strong><\/p>\n\n\n\n<p>Ministerio P\u00fablico.&nbsp;R.D.<\/p>\n\n\n\n<p>Lunes, 1 de julio de 2024<\/p>\n","protected":false},"excerpt":{"rendered":"<p>diariodominicano.com Santo Domingo, R. D., 1 de julio, 2024.-\u00a0La Procuradur\u00eda General de la Rep\u00fablica y la Fundaci\u00f3n Institucionalidad y Justicia (Finjus), con el apoyo del Gobierno de los Estados Unidos de Am\u00e9rica, trav\u00e9s de la Agencia de los Estados Unidos para el Desarrollo Internacional (USAID), firmaron un acuerdo de cooperaci\u00f3n, cuyo objetivo est\u00e1 centrado en [&hellip;]<\/p>\n","protected":false},"author":5,"featured_media":541996,"comment_status":"closed","ping_status":"closed","sticky":true,"template":"","format":"standard","meta":{"footnotes":""},"categories":[24,27],"tags":[],"class_list":["post-541995","post","type-post","status-publish","format-standard","has-post-thumbnail","hentry","category-justicia-y-derecho","category-portada"],"_links":{"self":[{"href":"https:\/\/diariodominicano.com\/index.php?rest_route=\/wp\/v2\/posts\/541995","targetHints":{"allow":["GET"]}}],"collection":[{"href":"https:\/\/diariodominicano.com\/index.php?rest_route=\/wp\/v2\/posts"}],"about":[{"href":"https:\/\/diariodominicano.com\/index.php?rest_route=\/wp\/v2\/types\/post"}],"author":[{"embeddable":true,"href":"https:\/\/diariodominicano.com\/index.php?rest_route=\/wp\/v2\/users\/5"}],"replies":[{"embeddable":true,"href":"https:\/\/diariodominicano.com\/index.php?rest_route=%2Fwp%2Fv2%2Fcomments&post=541995"}],"version-history":[{"count":1,"href":"https:\/\/diariodominicano.com\/index.php?rest_route=\/wp\/v2\/posts\/541995\/revisions"}],"predecessor-version":[{"id":541997,"href":"https:\/\/diariodominicano.com\/index.php?rest_route=\/wp\/v2\/posts\/541995\/revisions\/541997"}],"wp:featuredmedia":[{"embeddable":true,"href":"https:\/\/diariodominicano.com\/index.php?rest_route=\/wp\/v2\/media\/541996"}],"wp:attachment":[{"href":"https:\/\/diariodominicano.com\/index.php?rest_route=%2Fwp%2Fv2%2Fmedia&parent=541995"}],"wp:term":[{"taxonomy":"category","embeddable":true,"href":"https:\/\/diariodominicano.com\/index.php?rest_route=%2Fwp%2Fv2%2Fcategories&post=541995"},{"taxonomy":"post_tag","embeddable":true,"href":"https:\/\/diariodominicano.com\/index.php?rest_route=%2Fwp%2Fv2%2Ftags&post=541995"}],"curies":[{"name":"wp","href":"https:\/\/api.w.org\/{rel}","templated":true}]}}