{"id":541847,"date":"2024-06-30T23:07:49","date_gmt":"2024-07-01T03:07:49","guid":{"rendered":"https:\/\/diariodominicano.com\/?p=541847"},"modified":"2024-06-30T23:08:24","modified_gmt":"2024-07-01T03:08:24","slug":"el-pld-en-new-jersey-celebra-el-115-aniversario-del-natalicio-del-profesor-juan-bosch","status":"publish","type":"post","link":"https:\/\/diariodominicano.com\/?p=541847","title":{"rendered":"El PLD en\u00a0 New Jersey celebra el 115 aniversario del natalicio del Profesor Juan Bosch"},"content":{"rendered":"\n<p><em>El PLD en New Jersey realiza ofrenda floral ante el busto del patricio Juan Pablo Duarte, celebrando la Confraternidad Pelede\u00edsta.<\/em><em><\/em><\/p>\n\n\n\n<p><strong>La Seccional del Partido de la Liberaci\u00f3n Dominicana (PLD) en &nbsp;New Jersey,<\/strong>&nbsp;&nbsp;Estado Jard\u00edn, &nbsp;y desafiando la altas temperaturas de un verano altamente caluroso y humedad intensa,&nbsp; los dirigentes del PLD &nbsp;rindieron tributo a su fundador y l\u00edder hist\u00f3rico en la fecha de aniversario.<\/p>\n\n\n\n<p>Para la celebraci\u00f3n realizaron una ofrenda floral en el parque Juan Pablo Duarte, ubicado en la ciudad de Paterson, siguiendo as\u00ed la tradici\u00f3n de celebrar el d\u00eda de la Confraternidad Pelede\u00edsta y el D\u00eda del Maestro.<\/p>\n\n\n\n<figure class=\"wp-block-image size-large\"><img loading=\"lazy\" decoding=\"async\" width=\"1024\" height=\"768\" src=\"https:\/\/diariodominicano.com\/wp-content\/uploads\/2024\/06\/New-Jersey-2-1024x768.jpeg\" alt=\"\" class=\"wp-image-541850\" srcset=\"https:\/\/diariodominicano.com\/wp-content\/uploads\/2024\/06\/New-Jersey-2-1024x768.jpeg 1024w, https:\/\/diariodominicano.com\/wp-content\/uploads\/2024\/06\/New-Jersey-2-300x225.jpeg 300w, https:\/\/diariodominicano.com\/wp-content\/uploads\/2024\/06\/New-Jersey-2-768x576.jpeg 768w, https:\/\/diariodominicano.com\/wp-content\/uploads\/2024\/06\/New-Jersey-2-1536x1152.jpeg 1536w, https:\/\/diariodominicano.com\/wp-content\/uploads\/2024\/06\/New-Jersey-2-816x612.jpeg 816w, https:\/\/diariodominicano.com\/wp-content\/uploads\/2024\/06\/New-Jersey-2.jpeg 2048w\" sizes=\"auto, (max-width: 1024px) 100vw, 1024px\" \/><\/figure>\n\n\n\n<p>\u201cCon esta ofrenda honramos al Profesor Juan Bosch, fundador y gu\u00eda de nuestro Partido y ejemplo de vida a emular de un l\u00edder entregado a su patria; adem\u00e1s promovemos la unidad de nuestro partido para trabajar unificados y tener un congreso partidario exitoso, junto a los j\u00f3venes innovadores con el apoyo y la experiencia de los compa\u00f1eros veteranos\u201d, expres\u00f3 Marcos Montilla presidente de la Seccional del PLD en New Jersey.<\/p>\n\n\n\n<p>&nbsp;\u00c1ngel Hern\u00e1ndez, en representaci\u00f3n de la Juventud Pelede\u00edsta, reafirm\u00f3 su compromiso con el legado del Profesor Juan Bosch y llam\u00f3 a los J\u00f3venes Dominicanos a organizarse y hacer vida pol\u00edtica, &nbsp;para mantener latente el pensamiento del fundador del PLD.<\/p>\n\n\n\n<p>En la ofrenda participaron los miembros del Comit\u00e9 Central Ronney Mart\u00ednez, Marcos Montilla, Juan Sim\u00e9,&nbsp;&nbsp; Juan Aquino, y los dirigentes&nbsp;&nbsp;Tito B\u00e1ez, H\u00e9ctor Vicioso, Manuel Rosario, Mirian Sim\u00e9, Mar\u00eda Sim\u00e9,&nbsp;&nbsp;Jos\u00e9 Almonte ((Jay).<\/p>\n\n\n\n<p>Tambi\u00e9n estuvieron presentes los dirigentes Rafael Natera, \u00c1ngel Hern\u00e1ndez, Jos\u00e9 Fernando Cordero, Leonel Melo, Luis Encarnaci\u00f3n; y Evans Espinal.<\/p>\n\n\n\n<p><strong>SECRETARIA DE COMUNICACIONES<\/strong><\/p>\n\n\n\n<p><strong>30 DE JUNIO DE 2024<\/strong><\/p>\n","protected":false},"excerpt":{"rendered":"<p>El PLD en New Jersey realiza ofrenda floral ante el busto del patricio Juan Pablo Duarte, celebrando la Confraternidad Pelede\u00edsta. La Seccional del Partido de la Liberaci\u00f3n Dominicana (PLD) en &nbsp;New Jersey,&nbsp;&nbsp;Estado Jard\u00edn, &nbsp;y desafiando la altas temperaturas de un verano altamente caluroso y humedad intensa,&nbsp; los dirigentes del PLD &nbsp;rindieron tributo a su fundador [&hellip;]<\/p>\n","protected":false},"author":28,"featured_media":541848,"comment_status":"closed","ping_status":"closed","sticky":false,"template":"","format":"standard","meta":{"footnotes":""},"categories":[26,22],"tags":[],"class_list":["post-541847","post","type-post","status-publish","format-standard","has-post-thumbnail","hentry","category-efemerides","category-politica"],"_links":{"self":[{"href":"https:\/\/diariodominicano.com\/index.php?rest_route=\/wp\/v2\/posts\/541847","targetHints":{"allow":["GET"]}}],"collection":[{"href":"https:\/\/diariodominicano.com\/index.php?rest_route=\/wp\/v2\/posts"}],"about":[{"href":"https:\/\/diariodominicano.com\/index.php?rest_route=\/wp\/v2\/types\/post"}],"author":[{"embeddable":true,"href":"https:\/\/diariodominicano.com\/index.php?rest_route=\/wp\/v2\/users\/28"}],"replies":[{"embeddable":true,"href":"https:\/\/diariodominicano.com\/index.php?rest_route=%2Fwp%2Fv2%2Fcomments&post=541847"}],"version-history":[{"count":2,"href":"https:\/\/diariodominicano.com\/index.php?rest_route=\/wp\/v2\/posts\/541847\/revisions"}],"predecessor-version":[{"id":541851,"href":"https:\/\/diariodominicano.com\/index.php?rest_route=\/wp\/v2\/posts\/541847\/revisions\/541851"}],"wp:featuredmedia":[{"embeddable":true,"href":"https:\/\/diariodominicano.com\/index.php?rest_route=\/wp\/v2\/media\/541848"}],"wp:attachment":[{"href":"https:\/\/diariodominicano.com\/index.php?rest_route=%2Fwp%2Fv2%2Fmedia&parent=541847"}],"wp:term":[{"taxonomy":"category","embeddable":true,"href":"https:\/\/diariodominicano.com\/index.php?rest_route=%2Fwp%2Fv2%2Fcategories&post=541847"},{"taxonomy":"post_tag","embeddable":true,"href":"https:\/\/diariodominicano.com\/index.php?rest_route=%2Fwp%2Fv2%2Ftags&post=541847"}],"curies":[{"name":"wp","href":"https:\/\/api.w.org\/{rel}","templated":true}]}}