{"id":541845,"date":"2024-06-30T23:04:31","date_gmt":"2024-07-01T03:04:31","guid":{"rendered":"https:\/\/diariodominicano.com\/?p=541845"},"modified":"2024-06-30T23:04:35","modified_gmt":"2024-07-01T03:04:35","slug":"expresidenta-argentina-resalto-legado-de-peron","status":"publish","type":"post","link":"https:\/\/diariodominicano.com\/?p=541845","title":{"rendered":"Expresidenta argentina resalt\u00f3 legado de Per\u00f3n"},"content":{"rendered":"\n<p>Buenos Aires, 30 jun (Prensa Latina) La expresidenta argentina Cristina Fern\u00e1ndez resalt\u00f3 hoy el legado del general Juan Domingo Per\u00f3n (1895-1974), quien concibi\u00f3 una patria justa, libre y soberana.<\/p>\n\n\n\n<ul class=\"wp-block-list\">\n<li><a href=\"https:\/\/www.prensa-latina.cu\/2024\/06\/30\/\"><time>junio 30, 2024 | 21:47<\/time><\/a><\/li>\n<\/ul>\n\n\n\n<ul class=\"wp-block-list\">\n<li><a href=\"https:\/\/www.prensa-latina.cu\/2024\/06\/30\/expresidenta-argentina-resalto-legado-de-peron\/#\"><\/a><\/li>\n\n\n\n<li><a href=\"https:\/\/www.prensa-latina.cu\/2024\/06\/30\/expresidenta-argentina-resalto-legado-de-peron\/#\"><\/a><\/li>\n\n\n\n<li><a href=\"https:\/\/www.prensa-latina.cu\/2024\/06\/30\/expresidenta-argentina-resalto-legado-de-peron\/#\"><\/a><\/li>\n\n\n\n<li><a href=\"https:\/\/www.prensa-latina.cu\/2024\/06\/30\/expresidenta-argentina-resalto-legado-de-peron\/#\"><\/a><\/li>\n<\/ul>\n\n\n\n<p>En una entrevista concedida al canal Gelatina, la exmandataria record\u00f3 el impacto que produjo la muerte del tres veces jefe de Estado, hace 50 a\u00f1os, y el inmenso vac\u00edo que dej\u00f3 en un momento dif\u00edcil del pa\u00eds.<\/p>\n\n\n\n<p>Fue un fin de ciclo muy duro. El pueblo se identificaba con \u00e9l de manera muy fuerte. La sociedad cre\u00eda en el trabajo y el estudio como la forma de progreso, de movilidad social ascendente. Esa Argentina se cay\u00f3 el 24 de marzo de 1976 (golpe de Estado que dio inicio a la \u00faltima dictadura c\u00edvico-militar, de 1976 a 1983), afirm\u00f3.<\/p>\n\n\n\n<p>Fern\u00e1ndez indic\u00f3 que Per\u00f3n impuls\u00f3 una postura nacional, comprendi\u00f3 los problemas locales y supo resolverlos teniendo en cuenta las caracter\u00edsticas propias.<\/p>\n\n\n\n<p>Construy\u00f3 una doctrina y visualiz\u00f3 claramente cu\u00e1l ser\u00eda el rol del Fondo Monetario Internacional (FMI). Propuso la comunidad organizada, donde se articulan arm\u00f3nicamente los derechos y la vida de los individuos con los del colectivo, se\u00f1al\u00f3.<\/p>\n\n\n\n<p>Por otra parte, dijo que el peronismo sufri\u00f3 y contin\u00faa padeciendo la proscripci\u00f3n.<\/p>\n\n\n\n<p>Se invalida a quienes tienen representaci\u00f3n para llevar adelante un proceso de construcci\u00f3n pol\u00edtica. En toda la regi\u00f3n fueron sustituidos los golpes militares por los partidos judiciales, afirm\u00f3.<\/p>\n\n\n\n<p>Sobre la situaci\u00f3n actual, la exjefa de Estado resalt\u00f3 la importancia de discutir entre todas las fuerzas pol\u00edticas c\u00f3mo salir de un contexto marcado por la crisis socioecon\u00f3mica y un fuerte endeudamiento.<\/p>\n\n\n\n<p>Adem\u00e1s, coment\u00f3 que Argentina tiene un presidente (Javier Milei) que sigue atado a un mundo que no existe.<\/p>\n\n\n\n<p>Lo que m\u00e1s me preocupa es c\u00f3mo se posiciona esta naci\u00f3n con este Gobierno y esta sociedad frente a un mundo que viene cambiando, que se va a reacomodando geopol\u00edticamente en bloques, apunt\u00f3.<\/p>\n\n\n\n<p>Nos est\u00e1n proponiendo un pa\u00eds que no tiene nada que ver con la realidad. No compran alimentos ni medicamentos, y suspendieron la obra p\u00fablica. El super\u00e1vit es falso e insostenible, a\u00f1adi\u00f3.<\/p>\n\n\n\n<p>Tenemos que discutir qu\u00e9 hacemos con la deuda con el FMI. Debemos 400 mil millones de d\u00f3lares y la mayor\u00eda es como moneda dura. Plantean un modelo extractivista que no se concilia con lo que ocurre, agreg\u00f3.<\/p>\n\n\n\n<p>Tambi\u00e9n afirm\u00f3 que Milei es sostenido solo por los capitales, pero sus pol\u00edticas est\u00e1n fracasando.<\/p>\n\n\n\n<p>Asimismo, resalt\u00f3 la importancia de la integraci\u00f3n regional y de pertenecer a plataformas como el grupo Brics, lo cual fue anulado por la gesti\u00f3n de La Libertad Avanza.<\/p>\n\n\n\n<p>npg\/gas<\/p>\n","protected":false},"excerpt":{"rendered":"<p>Buenos Aires, 30 jun (Prensa Latina) La expresidenta argentina Cristina Fern\u00e1ndez resalt\u00f3 hoy el legado del general Juan Domingo Per\u00f3n (1895-1974), quien concibi\u00f3 una patria justa, libre y soberana. En una entrevista concedida al canal Gelatina, la exmandataria record\u00f3 el impacto que produjo la muerte del tres veces jefe de Estado, hace 50 a\u00f1os, y [&hellip;]<\/p>\n","protected":false},"author":28,"featured_media":379701,"comment_status":"closed","ping_status":"closed","sticky":false,"template":"","format":"standard","meta":{"footnotes":""},"categories":[26,23],"tags":[],"class_list":["post-541845","post","type-post","status-publish","format-standard","has-post-thumbnail","hentry","category-efemerides","category-internacional"],"_links":{"self":[{"href":"https:\/\/diariodominicano.com\/index.php?rest_route=\/wp\/v2\/posts\/541845","targetHints":{"allow":["GET"]}}],"collection":[{"href":"https:\/\/diariodominicano.com\/index.php?rest_route=\/wp\/v2\/posts"}],"about":[{"href":"https:\/\/diariodominicano.com\/index.php?rest_route=\/wp\/v2\/types\/post"}],"author":[{"embeddable":true,"href":"https:\/\/diariodominicano.com\/index.php?rest_route=\/wp\/v2\/users\/28"}],"replies":[{"embeddable":true,"href":"https:\/\/diariodominicano.com\/index.php?rest_route=%2Fwp%2Fv2%2Fcomments&post=541845"}],"version-history":[{"count":1,"href":"https:\/\/diariodominicano.com\/index.php?rest_route=\/wp\/v2\/posts\/541845\/revisions"}],"predecessor-version":[{"id":541846,"href":"https:\/\/diariodominicano.com\/index.php?rest_route=\/wp\/v2\/posts\/541845\/revisions\/541846"}],"wp:featuredmedia":[{"embeddable":true,"href":"https:\/\/diariodominicano.com\/index.php?rest_route=\/wp\/v2\/media\/379701"}],"wp:attachment":[{"href":"https:\/\/diariodominicano.com\/index.php?rest_route=%2Fwp%2Fv2%2Fmedia&parent=541845"}],"wp:term":[{"taxonomy":"category","embeddable":true,"href":"https:\/\/diariodominicano.com\/index.php?rest_route=%2Fwp%2Fv2%2Fcategories&post=541845"},{"taxonomy":"post_tag","embeddable":true,"href":"https:\/\/diariodominicano.com\/index.php?rest_route=%2Fwp%2Fv2%2Ftags&post=541845"}],"curies":[{"name":"wp","href":"https:\/\/api.w.org\/{rel}","templated":true}]}}