{"id":541824,"date":"2024-06-30T22:32:22","date_gmt":"2024-07-01T02:32:22","guid":{"rendered":"https:\/\/diariodominicano.com\/?p=541824"},"modified":"2024-06-30T22:32:30","modified_gmt":"2024-07-01T02:32:30","slug":"911-reporta-activa-plan-de-contingencia-ante-posible-paso-del-huracan-beryl","status":"publish","type":"post","link":"https:\/\/diariodominicano.com\/?p=541824","title":{"rendered":"911 reporta activa Plan de Contingencia ante posible paso del hurac\u00e1n Beryl"},"content":{"rendered":"\n<p>Informa incluye implementaci\u00f3n de protocolos preventivos y la gesti\u00f3n de recursos \u00a0para fortalecer las \u00e1reas clave de la entidad.<\/p>\n\n\n\n<figure class=\"wp-block-image size-large\"><img loading=\"lazy\" decoding=\"async\" width=\"1024\" height=\"683\" src=\"https:\/\/diariodominicano.com\/wp-content\/uploads\/2024\/06\/911-activa-Plan-de-Contingencia-ante-posible-paso-del-huracain-Beryl-2-1024x683.jpeg\" alt=\"\" class=\"wp-image-541826\" srcset=\"https:\/\/diariodominicano.com\/wp-content\/uploads\/2024\/06\/911-activa-Plan-de-Contingencia-ante-posible-paso-del-huracain-Beryl-2-1024x683.jpeg 1024w, https:\/\/diariodominicano.com\/wp-content\/uploads\/2024\/06\/911-activa-Plan-de-Contingencia-ante-posible-paso-del-huracain-Beryl-2-300x200.jpeg 300w, https:\/\/diariodominicano.com\/wp-content\/uploads\/2024\/06\/911-activa-Plan-de-Contingencia-ante-posible-paso-del-huracain-Beryl-2-768x512.jpeg 768w, https:\/\/diariodominicano.com\/wp-content\/uploads\/2024\/06\/911-activa-Plan-de-Contingencia-ante-posible-paso-del-huracain-Beryl-2-1536x1024.jpeg 1536w, https:\/\/diariodominicano.com\/wp-content\/uploads\/2024\/06\/911-activa-Plan-de-Contingencia-ante-posible-paso-del-huracain-Beryl-2-2048x1365.jpeg 2048w, https:\/\/diariodominicano.com\/wp-content\/uploads\/2024\/06\/911-activa-Plan-de-Contingencia-ante-posible-paso-del-huracain-Beryl-2-816x544.jpeg 816w\" sizes=\"auto, (max-width: 1024px) 100vw, 1024px\" \/><\/figure>\n\n\n\n<p><strong>Santo Domingo,<strong>30 de junio de 2024<\/strong> . &#8211;<\/strong>\u00a0Con la amenaza del hurac\u00e1n Beryl a Rep\u00fablica Dominicana, el Sistema Nacional de Atenci\u00f3n a Emergencias y Seguridad 911 inform\u00f3 que  ha activado medidas de contingencia para enfrentar los posibles efectos de este fen\u00f3meno hidrometeorol\u00f3gico y garantizar una respuesta \u00e1gil y eficaz a la ciudadan\u00eda.<\/p>\n\n\n\n<p>El Plan de Contingencia incluye la implementaci\u00f3n de protocolos preventivos y la gesti\u00f3n de recursos adicionales para fortalecer las \u00e1reas clave de la entidad.<\/p>\n\n\n\n<p>En este contexto, se han supervisado directamente las labores de los principales departamentos para asegurar la disponibilidad del personal y de los equipos necesarios, lo que permite la continuidad de las operaciones y la correcta coordinaci\u00f3n con las instituciones de respuesta y agencias de enlace.<\/p>\n\n\n\n<p>En una nota informativa precis\u00f3 que el  servicio de emergencias mantiene un monitoreo constante a trav\u00e9s de su sistema de videovigilancia, que junto a la Divisi\u00f3n de Aeronaves Tripuladas a Distancia (DRONES), est\u00e1n a disposici\u00f3n del Centro de Operaciones de Emergencia (COE), la Alcald\u00eda del Distrito Nacional y otras instituciones de respuesta, para supervisar las zonas vulnerables.<\/p>\n\n\n\n<p>Adem\u00e1s, se ha reforzado con brigadas adicionales para el soporte de la red de radiocomunicaciones estrat\u00e9gicas para una comunicaci\u00f3n segura y estable entre las agencias de emergencias del Estado.<\/p>\n\n\n\n<p>El Sistema 911\u2002se\u00f1al\u00f3 que tiene como m\u00e1xima prioridad la seguridad y el bienestar de la poblaci\u00f3n, por lo que hace un llamado a todos los ciudadanos y residentes para que sigan las recomendaciones de las autoridades competentes y est\u00e9n atentos a los avisos y boletines oficiales.<\/p>\n\n\n\n<p><strong>Direcci\u00f3n de Comunicaciones\u00a0<\/strong>|\u2002\u00a0<a href=\"mailto:prensa@911.gob.do\" target=\"_blank\" rel=\"noreferrer noopener\">prensa@911.gob.do<\/a><\/p>\n","protected":false},"excerpt":{"rendered":"<p>Informa incluye implementaci\u00f3n de protocolos preventivos y la gesti\u00f3n de recursos \u00a0para fortalecer las \u00e1reas clave de la entidad. Santo Domingo,30 de junio de 2024 . &#8211;\u00a0Con la amenaza del hurac\u00e1n Beryl a Rep\u00fablica Dominicana, el Sistema Nacional de Atenci\u00f3n a Emergencias y Seguridad 911 inform\u00f3 que ha activado medidas de contingencia para enfrentar los [&hellip;]<\/p>\n","protected":false},"author":28,"featured_media":541825,"comment_status":"closed","ping_status":"closed","sticky":true,"template":"","format":"standard","meta":{"footnotes":""},"categories":[20,25,27],"tags":[],"class_list":["post-541824","post","type-post","status-publish","format-standard","has-post-thumbnail","hentry","category-dominicana-hoy","category-gente","category-portada"],"_links":{"self":[{"href":"https:\/\/diariodominicano.com\/index.php?rest_route=\/wp\/v2\/posts\/541824","targetHints":{"allow":["GET"]}}],"collection":[{"href":"https:\/\/diariodominicano.com\/index.php?rest_route=\/wp\/v2\/posts"}],"about":[{"href":"https:\/\/diariodominicano.com\/index.php?rest_route=\/wp\/v2\/types\/post"}],"author":[{"embeddable":true,"href":"https:\/\/diariodominicano.com\/index.php?rest_route=\/wp\/v2\/users\/28"}],"replies":[{"embeddable":true,"href":"https:\/\/diariodominicano.com\/index.php?rest_route=%2Fwp%2Fv2%2Fcomments&post=541824"}],"version-history":[{"count":1,"href":"https:\/\/diariodominicano.com\/index.php?rest_route=\/wp\/v2\/posts\/541824\/revisions"}],"predecessor-version":[{"id":541827,"href":"https:\/\/diariodominicano.com\/index.php?rest_route=\/wp\/v2\/posts\/541824\/revisions\/541827"}],"wp:featuredmedia":[{"embeddable":true,"href":"https:\/\/diariodominicano.com\/index.php?rest_route=\/wp\/v2\/media\/541825"}],"wp:attachment":[{"href":"https:\/\/diariodominicano.com\/index.php?rest_route=%2Fwp%2Fv2%2Fmedia&parent=541824"}],"wp:term":[{"taxonomy":"category","embeddable":true,"href":"https:\/\/diariodominicano.com\/index.php?rest_route=%2Fwp%2Fv2%2Fcategories&post=541824"},{"taxonomy":"post_tag","embeddable":true,"href":"https:\/\/diariodominicano.com\/index.php?rest_route=%2Fwp%2Fv2%2Ftags&post=541824"}],"curies":[{"name":"wp","href":"https:\/\/api.w.org\/{rel}","templated":true}]}}