{"id":541816,"date":"2024-06-30T21:57:10","date_gmt":"2024-07-01T01:57:10","guid":{"rendered":"https:\/\/diariodominicano.com\/?p=541816"},"modified":"2024-06-30T21:57:18","modified_gmt":"2024-07-01T01:57:18","slug":"destacan-legado-de-juan-bosch-en-el-115-aniversario-de-su-natalicio-pld","status":"publish","type":"post","link":"https:\/\/diariodominicano.com\/?p=541816","title":{"rendered":"Destacan legado de Juan Bosch en el 115 Aniversario de su Natalicio: PLD"},"content":{"rendered":"\n<p><em>Los valores forjados a la luz del Pensamiento Boschista deben trascender el discurso y consolidarse como pr\u00e1cticas de vida.<\/em><\/p>\n\n\n\n<figure class=\"wp-block-image size-full\"><img loading=\"lazy\" decoding=\"async\" width=\"623\" height=\"1024\" src=\"https:\/\/diariodominicano.com\/wp-content\/uploads\/2024\/06\/Anivers-Don-Juan-36.jpeg\" alt=\"\" class=\"wp-image-541818\" srcset=\"https:\/\/diariodominicano.com\/wp-content\/uploads\/2024\/06\/Anivers-Don-Juan-36.jpeg 623w, https:\/\/diariodominicano.com\/wp-content\/uploads\/2024\/06\/Anivers-Don-Juan-36-183x300.jpeg 183w\" sizes=\"auto, (max-width: 623px) 100vw, 623px\" \/><\/figure>\n\n\n\n<p><strong>Alejandrina Germ\u00e1n, miembro del Comit\u00e9 Pol\u00edtico del Partido de la Liberaci\u00f3n Dominicana (PLD),<\/strong>&nbsp;destac\u00f3 el legado del Profesor Juan Bosch, quien dedic\u00f3 su vida a la construcci\u00f3n de valores pol\u00edticos, sociales y culturales que contribuyeron con la libertad, la democracia y el bienestar social en la Rep\u00fablica Dominicana.<\/p>\n\n\n\n<p>\u00abEl Profesor Juan Bosch dedic\u00f3 toda su vida a estos principios, siguiendo los pasos de nuestros patricios Juan Pablo Duarte, Francisco del Rosario S\u00e1nchez y Mat\u00edas Ram\u00f3n Mella\u00bb, afirm\u00f3 la dirigente pelede\u00edsta durante la emotiva ceremonia de ofrenda floral ante el busto del fundador del PLD, realizada en la Casa Nacional Reinaldo Pared P\u00e9rez en conmemoraci\u00f3n del 115 aniversario de su nacimiento.<\/p>\n\n\n\n<p>La titular de la Secretar\u00eda de Formaci\u00f3n Pol\u00edtica del PLD record\u00f3 la admiraci\u00f3n que Bosch profesaba por figuras hist\u00f3ricas como Juan Pablo Duarte, Sim\u00f3n Bol\u00edvar, M\u00e1ximo G\u00f3mez, Jos\u00e9 Mart\u00ed, y Eugenio Mar\u00eda de Hostos. Subray\u00f3 que Bosch no solo estudi\u00f3 y valor\u00f3 sus aportes, sino que aplic\u00f3 sus ense\u00f1anzas en su propia vida y pr\u00e1ctica pol\u00edtica.<\/p>\n\n\n\n<figure class=\"wp-block-image size-full is-resized\"><img loading=\"lazy\" decoding=\"async\" width=\"1024\" height=\"766\" src=\"https:\/\/diariodominicano.com\/wp-content\/uploads\/2024\/06\/DSC_6265.jpg\" alt=\"\" class=\"wp-image-541819\" style=\"width:616px;height:auto\" srcset=\"https:\/\/diariodominicano.com\/wp-content\/uploads\/2024\/06\/DSC_6265.jpg 1024w, https:\/\/diariodominicano.com\/wp-content\/uploads\/2024\/06\/DSC_6265-300x224.jpg 300w, https:\/\/diariodominicano.com\/wp-content\/uploads\/2024\/06\/DSC_6265-768x575.jpg 768w, https:\/\/diariodominicano.com\/wp-content\/uploads\/2024\/06\/DSC_6265-816x610.jpg 816w\" sizes=\"auto, (max-width: 1024px) 100vw, 1024px\" \/><\/figure>\n\n\n\n<p>\u00abEl pensamiento de Hostos influy\u00f3 profundamente en Bosch, llev\u00e1ndole a construir una visi\u00f3n pol\u00edtica centrada en la democracia y la justicia social\u00bb, explic\u00f3 Germ\u00e1n.<\/p>\n\n\n\n<p>En su intervenci\u00f3n, Alejandrina Germ\u00e1n enfatiz\u00f3 la importancia de la educaci\u00f3n en la obra de Bosch, describi\u00e9ndola como un instrumento fundamental para el logro de la concienciaci\u00f3n social. \u00abPara Bosch, la educaci\u00f3n y la formaci\u00f3n en valores eran esenciales para el ejercicio de la democracia y la ciudadan\u00eda\u00bb, se\u00f1al\u00f3.<\/p>\n\n\n\n<p>Adem\u00e1s, destac\u00f3 la visi\u00f3n de Bosch sobre la organizaci\u00f3n y el rol de los partidos pol\u00edticos, resaltando su decisi\u00f3n de fundar el PLD para cumplir con la misi\u00f3n hist\u00f3rica de continuar la obra de los trinitarios y promover el desarrollo integral de los dominicanos. \u00abEl PLD, bajo la gu\u00eda de Bosch, se convirti\u00f3 en un modelo de educaci\u00f3n para la participaci\u00f3n pol\u00edtica y en una fuerza comprometida con la construcci\u00f3n de una sociedad democr\u00e1tica y justa\u00bb, agreg\u00f3.<\/p>\n\n\n\n<p>Germ\u00e1n concluy\u00f3 su intervenci\u00f3n instando a los presentes a seguir el ejemplo de Bosch, a encarnar sus valores y a trabajar incansablemente por el bienestar colectivo del pueblo dominicano. \u00abLos valores forjados a la luz del Pensamiento Bochista deben trascender el discurso y consolidarse como pr\u00e1cticas de vida\u00bb, enfatiz\u00f3.<\/p>\n\n\n\n<p>El acto, que tuvo lugar en la Casa Nacional del PLD, cont\u00f3 con la asistencia de miembros del Comit\u00e9 Pol\u00edtico, del Comit\u00e9 Central, presidentes de comit\u00e9s intermedios y de base, as\u00ed como de dirigentes de las seccionales de la organizaci\u00f3n en el extranjero, quienes se unieron a miembros de las bases del PLD para rendir homenaje al legado imperecedero del Profesor Juan Bosch.<\/p>\n\n\n\n<p><strong>SECRETARIA DE COMUNICACIONES<\/strong><\/p>\n\n\n\n<p><strong>30 DE JUNIO 2024&nbsp;<\/strong><\/p>\n","protected":false},"excerpt":{"rendered":"<p>Los valores forjados a la luz del Pensamiento Boschista deben trascender el discurso y consolidarse como pr\u00e1cticas de vida. Alejandrina Germ\u00e1n, miembro del Comit\u00e9 Pol\u00edtico del Partido de la Liberaci\u00f3n Dominicana (PLD),&nbsp;destac\u00f3 el legado del Profesor Juan Bosch, quien dedic\u00f3 su vida a la construcci\u00f3n de valores pol\u00edticos, sociales y culturales que contribuyeron con la [&hellip;]<\/p>\n","protected":false},"author":2,"featured_media":541817,"comment_status":"closed","ping_status":"closed","sticky":false,"template":"","format":"standard","meta":{"footnotes":""},"categories":[26,22],"tags":[],"class_list":["post-541816","post","type-post","status-publish","format-standard","has-post-thumbnail","hentry","category-efemerides","category-politica"],"_links":{"self":[{"href":"https:\/\/diariodominicano.com\/index.php?rest_route=\/wp\/v2\/posts\/541816","targetHints":{"allow":["GET"]}}],"collection":[{"href":"https:\/\/diariodominicano.com\/index.php?rest_route=\/wp\/v2\/posts"}],"about":[{"href":"https:\/\/diariodominicano.com\/index.php?rest_route=\/wp\/v2\/types\/post"}],"author":[{"embeddable":true,"href":"https:\/\/diariodominicano.com\/index.php?rest_route=\/wp\/v2\/users\/2"}],"replies":[{"embeddable":true,"href":"https:\/\/diariodominicano.com\/index.php?rest_route=%2Fwp%2Fv2%2Fcomments&post=541816"}],"version-history":[{"count":1,"href":"https:\/\/diariodominicano.com\/index.php?rest_route=\/wp\/v2\/posts\/541816\/revisions"}],"predecessor-version":[{"id":541820,"href":"https:\/\/diariodominicano.com\/index.php?rest_route=\/wp\/v2\/posts\/541816\/revisions\/541820"}],"wp:featuredmedia":[{"embeddable":true,"href":"https:\/\/diariodominicano.com\/index.php?rest_route=\/wp\/v2\/media\/541817"}],"wp:attachment":[{"href":"https:\/\/diariodominicano.com\/index.php?rest_route=%2Fwp%2Fv2%2Fmedia&parent=541816"}],"wp:term":[{"taxonomy":"category","embeddable":true,"href":"https:\/\/diariodominicano.com\/index.php?rest_route=%2Fwp%2Fv2%2Fcategories&post=541816"},{"taxonomy":"post_tag","embeddable":true,"href":"https:\/\/diariodominicano.com\/index.php?rest_route=%2Fwp%2Fv2%2Ftags&post=541816"}],"curies":[{"name":"wp","href":"https:\/\/api.w.org\/{rel}","templated":true}]}}