{"id":541763,"date":"2024-06-30T19:58:34","date_gmt":"2024-06-30T23:58:34","guid":{"rendered":"https:\/\/diariodominicano.com\/?p=541763"},"modified":"2024-06-30T20:04:27","modified_gmt":"2024-07-01T00:04:27","slug":"30-de-junio-de-1996-leonel-fernandez-gana-la-presidencia-de-la-republica-enfrentado-con-jose-francisco-pena-gomez","status":"publish","type":"post","link":"https:\/\/diariodominicano.com\/?p=541763","title":{"rendered":"30 de junio de 1996: Leonel Fern\u00e1ndez\u00a0  gana la presidencia de la Rep\u00fablica enfrentado con Jos\u00e9 Francisco Pe\u00f1a G\u00f3mez"},"content":{"rendered":"\n<p>Por H\u00e9ctor Tineo Nolasco<\/p>\n\n\n\n<p>Diariodominicano.com<\/p>\n\n\n\n<p><\/p>\n\n\n\n<p>SANTO DOMINGO, el 30 de Junio de 1996, el doctor Leonel Fern\u00e1ndez, candidato presidencial del Partido de la Liberaci\u00f3n Dominicana (PLD) y el Partido Reformista&nbsp; Social Cristiano (PRSC) derrot\u00f3 en segunda vuelta&nbsp; al candidato presidencial del Partido Revolucionario Dominicano y el Acuerdo de Santo Domingo,&nbsp; doctor Jos\u00e9 Francisco Pe\u00f1a G\u00f3mez.<\/p>\n\n\n\n<p>El binomio Leonel Fern\u00e1ndez Reyna-Jaime David Fern\u00e1ndez Mirabal,&nbsp; gan\u00f3 la Presidencia al&nbsp; recibir de los electores y electoras&nbsp; un mill\u00f3n 466,382 votos, contra un mill\u00f3n 394,641 sufragios del&nbsp; binomio Jos\u00e9 Francisco Pe\u00f1a G\u00f3mez-Fernando Alvarez Bogaert.&nbsp; De esa manera, el PLD fundado en 1973,&nbsp; llegar\u00eda&nbsp; por primera a la Presidencia de la Rep\u00fablica, el 16 de agosto de 1996.<\/p>\n\n\n\n<p>En los comicios hubo mil 45 votos observados y 18,829 votos nulos.<\/p>\n\n\n\n<p>Las elecciones del 16 de mayo&nbsp; se realizaron en&nbsp; 9,956 colegios electorales. Con un padr\u00f3n electoral &nbsp; 3 millones 750 mil 502 personas.&nbsp;<\/p>\n\n\n\n<p>En la primera vuelta ninguno de los candidatos logr\u00f3&nbsp; el 50 m\u00e1s uno de los votos, como establec\u00eda la reforma&nbsp; constitucional de 1994. En consecuencia, la segunda vuelta fue programada para el 30 de junio de 1996.<\/p>\n\n\n\n<figure class=\"wp-block-image size-full\"><img loading=\"lazy\" decoding=\"async\" width=\"226\" height=\"223\" src=\"https:\/\/diariodominicano.com\/wp-content\/uploads\/2022\/06\/Pena-Gomez-Joven.jpg\" alt=\"\" class=\"wp-image-361181\" srcset=\"https:\/\/diariodominicano.com\/wp-content\/uploads\/2022\/06\/Pena-Gomez-Joven.jpg 226w, https:\/\/diariodominicano.com\/wp-content\/uploads\/2022\/06\/Pena-Gomez-Joven-88x88.jpg 88w\" sizes=\"auto, (max-width: 226px) 100vw, 226px\" \/><\/figure>\n\n\n\n<p>&nbsp;El Acuerdo de Santo Domingo, con su candidato presidencial&nbsp; Jos\u00e9 Francisco Pe\u00f1a G\u00f3mez obtuvo&nbsp; un&nbsp; mill\u00f3n 270 mil votos (47%); el PLD&nbsp;&nbsp; y aliados alcanzaron&nbsp; un&nbsp; mill\u00f3n 76 mil 872&nbsp; para un 38%,&nbsp; y el Partido Reformista Social Cristiano (PRSC) &nbsp; y aliados&nbsp; 420 mil 560 votos para un 14.9%.&nbsp; Un&nbsp; 20.16 por ciento de los aptos para sufragar no acudi\u00f3 a las urnas.<\/p>\n\n\n\n<p>Para la segunda vuelta electoral el Senado escogi\u00f3 la&nbsp; madrugada del 27 de octubre de 1994, a los nuevos miembros de&nbsp; la JCE&nbsp; para organizar&nbsp; las elecciones de 1996.&nbsp; El&nbsp; nuevo bufete de la JCE, calificado de&nbsp; \u0093inmanejable e incorruptible, lo encabez\u00f3 &nbsp; C\u00e9sar Estrella Sadhal\u00e1 y lo&nbsp; completaron &nbsp; Rafael Vallejo&nbsp; Santelises, Juan Sully Bonelly,&nbsp; Aura Celeste Fern\u00e1ndez y Luis Mora.&nbsp;&nbsp;&nbsp; Jorge Subero Isa, suplente del presidente y los suplentes&nbsp; Francisco D\u00edaz Morales, Luis Arias, Margarita Gil&nbsp; y Rafael C\u00e1ceres Rodr\u00edguez.<\/p>\n\n\n\n<p>El 30 de junio de 1996, en la segunda vuelta el&nbsp; PLD gan\u00f3 la Presidencia al&nbsp; recibir de los electores y electoras&nbsp; un mill\u00f3n 466,382 votos, contra un mill\u00f3n 394,641 sufragios del PRD.&nbsp; Hubo 1,045 votos observados y 18,829 votos nulos.<\/p>\n\n\n\n<p><strong>Los comicios que gan\u00f3 el PLD aliado&nbsp; con el PRSC<\/strong><\/p>\n\n\n\n<p><strong>Superada la&nbsp; crisis post electoral de&nbsp; 1994,&nbsp; cuya soluci\u00f3n oblig\u00f3 a recortar&nbsp; dos a\u00f1os al Gobierno que encabezaba&nbsp; el presidente Balaguer,&nbsp; y celebrar&nbsp; elecciones presidenciales el 16 de mayo de 1996, como no hubo ganador en primera vuelta, el&nbsp; 30 de junio de 1996 <\/strong>&nbsp;fueron aliados el&nbsp; PRSC-PLD, tras la firma&nbsp; del&nbsp; Frente Patri\u00f3tico&nbsp; para&nbsp; competir&nbsp; contra el PRD. El Frente Patri\u00f3tico fue anunciado&nbsp; en un acto p\u00fablico, en el Palacio de los Deportes, encabezados por los l\u00edderes Balaguer, del PRSC y&nbsp; Bosch del PLD.<\/p>\n\n\n\n<p>El Acuerdo de Santo Domingo, fue a la segunda vuelta con sus candidatos&nbsp; Pe\u00f1a G\u00f3mez y Alvarez Bogaert&nbsp; y el Frente Patri\u00f3tico con&nbsp; el binomio&nbsp; Leonel Fern\u00e1ndez&nbsp; y Jaime David Fern\u00e1ndez Mirabal.<\/p>\n\n\n\n<p>En el acto&nbsp; del Frente Patri\u00f3tico&nbsp; fue que Balaguer dijo: Para que la Presidencia no caiga en manos que no sean verdaderamente dominicanas\u0094 y proclam\u00f3 que el camino malo estaba cerrado, refiri\u00e9ndose a Pe\u00f1a G\u00f3mez.<\/p>\n\n\n\n<p>El peri\u00f3dico estadounidense&nbsp; The New York Times, que en marzo hab\u00eda pedido el retiro del l\u00edder&nbsp; reformista, en su editorial del 13 de junio de 1996,&nbsp; acus\u00f3 a Balaguer de racista.&nbsp;<\/p>\n\n\n\n<p>Sostuvo&nbsp; que Balaguer, \u201ccon 89 a\u00f1os y virtualmente ciego ha formado un pacto (Frente Patri\u00f3tico) con su por largo tiempo archirival&nbsp; para prevenir la victoria de Pe\u00f1a G\u00f3mez\u201d. A su juicio: el&nbsp; pacto era la \u00faltima diablura de Balaguer&nbsp; compatible con sus 60 a\u00f1os de vida p\u00fablica.<\/p>\n\n\n\n<p>De igual modo, le critic\u00f3 al siete veces presidente,&nbsp; su servicio a la dictadura&nbsp; de Trujillo&nbsp; y se\u00f1al\u00f3 que&nbsp; ganando favores en Washington, hac\u00eda golpes, promovi\u00f3 golpes, intimid\u00f3 oponentes, manipul\u00f3&nbsp; y compr\u00f3 votos de adversarios.<\/p>\n\n\n\n<p>No obstante, apunt\u00f3&nbsp;&nbsp; que tanto Pe\u00f1a como&nbsp; Fern\u00e1ndez, de 59 y 43 a\u00f1os respectivamente, ten\u00edan&nbsp; s\u00f3lidas credenciales, y que Fern\u00e1ndez era considerado moderado, hablaba para los grupos de la clase media dominicana; mientras, Pe\u00f1a ten\u00eda obvios sentimientos populistas.&nbsp; El editorial concluy\u00f3: \u0093es una l\u00e1stima que las maquinaciones de dos amargados octogenarios puedan traer nuevos sentimientos y enfrentamientos, en alusi\u00f3n a Joaqu\u00edn Balaguer y a Juan Bosch.<\/p>\n\n\n\n<p>Balaguer dijo que el&nbsp; editorial de New Yok&nbsp; Times no le merec\u00eda ning\u00fan comentario, pero&nbsp; Vincho Castillo lo conden\u00f3, por entender que vert\u00eda calificativos infamantes y desconsiderados contra Balaguer y&nbsp; Bosch.<\/p>\n\n\n\n<p>Pe\u00f1a G\u00f3mez,&nbsp; difund\u00eda la idea de que el Frente Patri\u00f3tico era&nbsp; una cruel injusticia y una maniobra para impedirle llegar al poder.&nbsp; Y su compa\u00f1ero de boleta \u00c1lvarez Bogaert lo calific\u00f3 de diab\u00f3lico.<\/p>\n\n\n\n<p>Balaguer llam\u00f3 a votar por Leonel. El PLD gan\u00f3 la Presidencia al&nbsp; obtener un mill\u00f3n 466,382 votos, contra un mill\u00f3n 394,641 sufragios del PRD.&nbsp; Hubo 1,045 votos observados y 18,829 votos nulos.<\/p>\n\n\n\n<p>Leonel&nbsp;&nbsp;Fern\u00e1ndez&nbsp; gobern\u00f3 el pa\u00eds&nbsp; de 1996-2000 y luego por dos per\u00edodos consecutivos&nbsp; de 2004-2008 y 2008-2012.<\/p>\n\n\n\n<p><strong>Propuestas de los candidatos de 1996<\/strong><\/p>\n\n\n\n<p>&nbsp;El&nbsp;&nbsp; PRD con su eslogan \u0093Primero la gente, promet\u00eda&nbsp; ocuparse&nbsp; de la persona como eje del desarrollo, \u0093el crecimiento econ\u00f3mico con equidad y justicia social. Un&nbsp; Gobierno compartido, con la participaci\u00f3n activa de la sociedad civil y la democratizaci\u00f3n y modernizaci\u00f3n del Estado.<\/p>\n\n\n\n<p>El&nbsp; PLD present\u00f3&nbsp; como propuesta&nbsp; Servir al partido para servir al pueblo, para&nbsp; ocuparse del desarrollo democr\u00e1tico, sustentable y socialmente justo, la humanizaci\u00f3n del proceso de creaci\u00f3n y distribuci\u00f3n de riquezas.<\/p>\n\n\n\n<p>De igual modo prometi\u00f3&nbsp; la transformaci\u00f3n integral del pa\u00eds y una amplia reforma pol\u00edtica participativa y consensual.<\/p>\n\n\n\n<p>El PRSC ten\u00eda como propuesta \u0093Dominicanos al 2000\u0094 empe\u00f1ado en el desarrollo humano, la mejor distribuci\u00f3n de la riqueza, el crecimiento econ\u00f3mico y la reducci\u00f3n de la pobreza.<\/p>\n","protected":false},"excerpt":{"rendered":"<p>Por H\u00e9ctor Tineo Nolasco Diariodominicano.com SANTO DOMINGO, el 30 de Junio de 1996, el doctor Leonel Fern\u00e1ndez, candidato presidencial del Partido de la Liberaci\u00f3n Dominicana (PLD) y el Partido Reformista&nbsp; Social Cristiano (PRSC) derrot\u00f3 en segunda vuelta&nbsp; al candidato presidencial del Partido Revolucionario Dominicano y el Acuerdo de Santo Domingo,&nbsp; doctor Jos\u00e9 Francisco Pe\u00f1a G\u00f3mez. [&hellip;]<\/p>\n","protected":false},"author":2,"featured_media":365101,"comment_status":"closed","ping_status":"closed","sticky":true,"template":"","format":"standard","meta":{"footnotes":""},"categories":[26,22,27],"tags":[],"class_list":["post-541763","post","type-post","status-publish","format-standard","has-post-thumbnail","hentry","category-efemerides","category-politica","category-portada"],"_links":{"self":[{"href":"https:\/\/diariodominicano.com\/index.php?rest_route=\/wp\/v2\/posts\/541763","targetHints":{"allow":["GET"]}}],"collection":[{"href":"https:\/\/diariodominicano.com\/index.php?rest_route=\/wp\/v2\/posts"}],"about":[{"href":"https:\/\/diariodominicano.com\/index.php?rest_route=\/wp\/v2\/types\/post"}],"author":[{"embeddable":true,"href":"https:\/\/diariodominicano.com\/index.php?rest_route=\/wp\/v2\/users\/2"}],"replies":[{"embeddable":true,"href":"https:\/\/diariodominicano.com\/index.php?rest_route=%2Fwp%2Fv2%2Fcomments&post=541763"}],"version-history":[{"count":3,"href":"https:\/\/diariodominicano.com\/index.php?rest_route=\/wp\/v2\/posts\/541763\/revisions"}],"predecessor-version":[{"id":541768,"href":"https:\/\/diariodominicano.com\/index.php?rest_route=\/wp\/v2\/posts\/541763\/revisions\/541768"}],"wp:featuredmedia":[{"embeddable":true,"href":"https:\/\/diariodominicano.com\/index.php?rest_route=\/wp\/v2\/media\/365101"}],"wp:attachment":[{"href":"https:\/\/diariodominicano.com\/index.php?rest_route=%2Fwp%2Fv2%2Fmedia&parent=541763"}],"wp:term":[{"taxonomy":"category","embeddable":true,"href":"https:\/\/diariodominicano.com\/index.php?rest_route=%2Fwp%2Fv2%2Fcategories&post=541763"},{"taxonomy":"post_tag","embeddable":true,"href":"https:\/\/diariodominicano.com\/index.php?rest_route=%2Fwp%2Fv2%2Ftags&post=541763"}],"curies":[{"name":"wp","href":"https:\/\/api.w.org\/{rel}","templated":true}]}}