{"id":54162,"date":"2020-03-31T13:52:41","date_gmt":"2020-03-31T13:52:41","guid":{"rendered":"http:\/\/diariodominicano.ddns.net\/?p=54162"},"modified":"2020-03-31T13:52:41","modified_gmt":"2020-03-31T13:52:41","slug":"continua-en-dominicana-festival-virtual-musica-y-poesia-desde-casa","status":"publish","type":"post","link":"https:\/\/diariodominicano.com\/?p=54162","title":{"rendered":"Contin\u00faa en Dominicana Festival Virtual M\u00fasica y Poes\u00eda desde casa"},"content":{"rendered":"<p><body><\/p>\n<p><img decoding=\"async\" src=\"img3\/Poesiavirtual31-3.jpeg\" \/>  <\/p>\n<p>diariodominicano.com <\/p>\n<\/p>\n<p><span class=\"text1noticias\">Santo Domingo, 31 mar (Prensa Latina) El Festival Virtual M\u00fasica y Poes\u00eda desde Casa, evento cultural organizado por la situaci\u00f3n que se vive debido a la Covid-19, contin\u00faa hoy en Dominicana con la presentaci\u00f3n del cantante y compositor Mariano Lantigua.<\/span><\/p>\n<\/p>\n<p><span class=\"text1noticias\">Como cada noche desde la pasada semana, a las 21:00, hora local, dar\u00e1 inici\u00f3 el concierto que ser\u00e1 trasmitido a trav\u00e9s de las redes sociales del List\u00edn Diario y en esta ocasi\u00f3n deleitar\u00e1 al p\u00fablico con el l\u00edder del grupo Aljadaqui.<\/span><\/p>\n<\/p>\n<p><span class=\"text1noticias\">Seg\u00fan los organizadores del Festival, Lantigua cantar\u00e1 una selecci\u00f3n de los temas de Aljadaqui, y entre ellos se encuentran Ganas de amar, Se me va la vida, Si piensas volver, Paso la vida pensando, No me podr\u00e1s olvidar, Pena, Caricias prohibidas y La Mentirosa.<\/span><\/p>\n<\/p>\n<p><span class=\"text1noticias\">Hasta el momento se han presentado en estos conciertos virtuales el poeta dominicano Jos\u00e9 M\u00e1rmol, el<\/span><\/p>\n<p><span class=\"text1noticias\">narrador Jes\u00fas Paniagua, el poeta y ensayista Plinio Chain, la poeta radicada en Espa\u00f1a Marielys Duluc, el<\/span><\/p>\n<p><span class=\"text1noticias\">editor de Cultura List\u00edn Diario, Luis Beiro y el cantautor Pavel N\u00fa\u00f1ez.<\/span><\/p>\n<p><span class=\"text1noticias\">rgh\/ema<\/span><\/p>\n<p><span class=\"text1noticias\">Fecha: 31-03-2020<\/span><\/p>\n<h6> 2020-03-31 13:52:41 <\/h6>\n<p><!--\n<link rel=\"stylesheet\" href=\"css\/bootstrap.min.css\">\n\n\n<ul class=\"pagination\">\n\t    \n\t\n\n<li >\n\t<a href='?page_no=632'>Previous<\/a>\n\t<\/li>\n\n\n       \n    \n\n<li><a href='?page_no=1'>1<\/a><\/li>\n\n\n\n<li><a href='?page_no=2'>2<\/a><\/li>\n\n\n\n<li><a>...<\/a><\/li>\n\n\n\n<li><a href='?page_no=631'>631<\/a><\/li>\n\n\n\n<li><a href='?page_no=632'>632<\/a><\/li>\n\n\n\n<li class='active'><a>633<\/a><\/li>\n\n\n\n<li><a href='?page_no=634'>634<\/a><\/li>\n\n\n\n<li><a href='?page_no=635'>635<\/a><\/li>\n\n\n\n<li><a>...<\/a><\/li>\n\n\n\n<li><a href='?page_no=22911'>22911<\/a><\/li>\n\n\n\n<li><a href='?page_no=22912'>22912<\/a><\/li>\n\n    \n\t\n\n<li >\n\t<a href='?page_no=634'>Next<\/a>\n\t<\/li>\n\n\n    \n\n<li><a href='?page_no=22912'>Last &rsaquo;&rsaquo;<\/a><\/li>\n\n<\/ul>\n\n\n--><br \/>\n<\/body><\/p>\n","protected":false},"excerpt":{"rendered":"<p>diariodominicano.com Santo Domingo, 31 mar (Prensa Latina) El Festival Virtual M\u00fasica y Poes\u00eda desde Casa, evento cultural organizado por la situaci\u00f3n que se vive debido a la Covid-19, contin\u00faa hoy en Dominicana con la presentaci\u00f3n del cantante y compositor Mariano Lantigua. Como cada noche desde la pasada semana, a las 21:00, hora local, dar\u00e1 inici\u00f3 [&hellip;]<\/p>\n","protected":false},"author":3,"featured_media":0,"comment_status":"open","ping_status":"open","sticky":false,"template":"","format":"standard","meta":{"footnotes":""},"categories":[21],"tags":[],"class_list":["post-54162","post","type-post","status-publish","format-standard","hentry","category-cultura"],"_links":{"self":[{"href":"https:\/\/diariodominicano.com\/index.php?rest_route=\/wp\/v2\/posts\/54162","targetHints":{"allow":["GET"]}}],"collection":[{"href":"https:\/\/diariodominicano.com\/index.php?rest_route=\/wp\/v2\/posts"}],"about":[{"href":"https:\/\/diariodominicano.com\/index.php?rest_route=\/wp\/v2\/types\/post"}],"author":[{"embeddable":true,"href":"https:\/\/diariodominicano.com\/index.php?rest_route=\/wp\/v2\/users\/3"}],"replies":[{"embeddable":true,"href":"https:\/\/diariodominicano.com\/index.php?rest_route=%2Fwp%2Fv2%2Fcomments&post=54162"}],"version-history":[{"count":0,"href":"https:\/\/diariodominicano.com\/index.php?rest_route=\/wp\/v2\/posts\/54162\/revisions"}],"wp:attachment":[{"href":"https:\/\/diariodominicano.com\/index.php?rest_route=%2Fwp%2Fv2%2Fmedia&parent=54162"}],"wp:term":[{"taxonomy":"category","embeddable":true,"href":"https:\/\/diariodominicano.com\/index.php?rest_route=%2Fwp%2Fv2%2Fcategories&post=54162"},{"taxonomy":"post_tag","embeddable":true,"href":"https:\/\/diariodominicano.com\/index.php?rest_route=%2Fwp%2Fv2%2Ftags&post=54162"}],"curies":[{"name":"wp","href":"https:\/\/api.w.org\/{rel}","templated":true}]}}