{"id":54158,"date":"2017-06-16T13:12:55","date_gmt":"2017-06-16T13:12:55","guid":{"rendered":"http:\/\/diariodominicano.ddns.net\/?p=54158"},"modified":"2025-12-29T01:03:41","modified_gmt":"2025-12-29T05:03:41","slug":"felap-destaca-compromiso-prensa-latina-con-la-informacion-veraz","status":"publish","type":"post","link":"https:\/\/diariodominicano.com\/?p=54158","title":{"rendered":"Felap destaca compromiso Prensa Latina con la informaci\u00f3n veraz"},"content":{"rendered":"<p><body><\/p>\n<p><img decoding=\"async\" src=\"img3\/Prensa-Latina.jpg\" \/>  <\/p>\n<p>Buenos Aires, 16 jun (PL). La Federaci\u00f3n Latinoamericana de Periodistas (Felap) felicit\u00f3 hoy a Prensa Latina, en el 58 aniversario de su fundaci\u00f3n, por ser ejemplo de compromiso con la informaci\u00f3n veraz frente a la abrumadora mentira organizada.<\/p>\n<\/p>\n<p>&#8216;La visi\u00f3n de Fidel Castro y Che Guevara al impulsar la fundaci\u00f3n de Prensa Latina en los albores de la Revoluci\u00f3n cubana ha dado extraordinarios frutos a trav\u00e9s de estos 58 a\u00f1os, cuando la mentira organizada persiste en arropar el mundo&#8217;, declararon en conjunto el presidente de la Felap, el argentino Juan Carlos Cama\u00f1o; y su secretario general, el puertorrique\u00f1o Nelson del Castillo.<\/p>\n<\/p>\n<p>Los dirigentes de la organizaci\u00f3n hemisf\u00e9rica expresaron a los periodistas y trabajadores de la Agencia Informativa Latinoamericana, a trav\u00e9s de su presidente Luis Enrique Gonz\u00e1lez, sus deseos de muchos a\u00f1os de \u00e9xitos en su batalla por mantener la verdad como norte.<\/p>\n<\/p>\n<p>&#8216;Cuando cada vez parece m\u00e1s dif\u00edcil discernir entre la verdad dispersa y la mentira organizada, como indicaba nuestro inolvidable colega Ernesto Vera, Prensa Latina -como la Revoluci\u00f3n cubana en lo pol\u00edtico y social- sigue iluminando el camino del buen periodismo frente a los propagandistas del mal&#8217;, afirmaron los directivos federativos.<\/p>\n<\/p>\n<p>Indicaron que el periodista revolucionario argentino Jorge Ricardo Masetti traz\u00f3, como primer director de Prensa Latina, la ruta hacia un periodismo comprometido con la lucha de los pueblos por la justicia social.<\/p>\n<\/p>\n<p>&#8216;Los dirigentes de la Felap y los miles de integrantes de la organizaci\u00f3n celebramos como propios los \u00e9xitos de Prensa Latina y su plantilla de trabajadores porque nos une el objetivo com\u00fan de la lucha por la raz\u00f3n y la libertad&#8217;, expresaron Cama\u00f1o y Del Castillo en su mensaje de felicitaci\u00f3n.<\/p>\n<\/p>\n<p>Afirmaron que, en su andar en estos 58 a\u00f1os, Prensa Latina ha contribuido de manera puntual a quebrar el control de los grandes monopolios de la comunicaci\u00f3n sobre los acontecimientos en los pueblos del tercer mundo.<\/p>\n<h6> 2017-06-16 13:12:55 <\/h6>\n<p><!--\n<link rel=\"stylesheet\" href=\"css\/bootstrap.min.css\">\n\n\n<ul class=\"pagination\">\n\t    \n\t\n\n<li >\n\t<a href='?page_no=6325'>Previous<\/a>\n\t<\/li>\n\n\n       \n    \n\n<li><a href='?page_no=1'>1<\/a><\/li>\n\n\n\n<li><a href='?page_no=2'>2<\/a><\/li>\n\n\n\n<li><a>...<\/a><\/li>\n\n\n\n<li><a href='?page_no=6324'>6324<\/a><\/li>\n\n\n\n<li><a href='?page_no=6325'>6325<\/a><\/li>\n\n\n\n<li class='active'><a>6326<\/a><\/li>\n\n\n\n<li><a href='?page_no=6327'>6327<\/a><\/li>\n\n\n\n<li><a href='?page_no=6328'>6328<\/a><\/li>\n\n\n\n<li><a>...<\/a><\/li>\n\n\n\n<li><a href='?page_no=22911'>22911<\/a><\/li>\n\n\n\n<li><a href='?page_no=22912'>22912<\/a><\/li>\n\n    \n\t\n\n<li >\n\t<a href='?page_no=6327'>Next<\/a>\n\t<\/li>\n\n\n    \n\n<li><a href='?page_no=22912'>Last &rsaquo;&rsaquo;<\/a><\/li>\n\n<\/ul>\n\n\n--><br \/>\n<\/body><\/p>\n","protected":false},"excerpt":{"rendered":"<p>Buenos Aires, 16 jun (PL). La Federaci\u00f3n Latinoamericana de Periodistas (Felap) felicit\u00f3 hoy a Prensa Latina, en el 58 aniversario de su fundaci\u00f3n, por ser ejemplo de compromiso con la informaci\u00f3n veraz frente a la abrumadora mentira organizada. &#8216;La visi\u00f3n de Fidel Castro y Che Guevara al impulsar la fundaci\u00f3n de Prensa Latina en los [&hellip;]<\/p>\n","protected":false},"author":3,"featured_media":0,"comment_status":"open","ping_status":"open","sticky":false,"template":"","format":"standard","meta":{"footnotes":""},"categories":[21],"tags":[3556],"class_list":["post-54158","post","type-post","status-publish","format-standard","hentry","category-cultura","tag-prensa-latina"],"_links":{"self":[{"href":"https:\/\/diariodominicano.com\/index.php?rest_route=\/wp\/v2\/posts\/54158","targetHints":{"allow":["GET"]}}],"collection":[{"href":"https:\/\/diariodominicano.com\/index.php?rest_route=\/wp\/v2\/posts"}],"about":[{"href":"https:\/\/diariodominicano.com\/index.php?rest_route=\/wp\/v2\/types\/post"}],"author":[{"embeddable":true,"href":"https:\/\/diariodominicano.com\/index.php?rest_route=\/wp\/v2\/users\/3"}],"replies":[{"embeddable":true,"href":"https:\/\/diariodominicano.com\/index.php?rest_route=%2Fwp%2Fv2%2Fcomments&post=54158"}],"version-history":[{"count":1,"href":"https:\/\/diariodominicano.com\/index.php?rest_route=\/wp\/v2\/posts\/54158\/revisions"}],"predecessor-version":[{"id":657356,"href":"https:\/\/diariodominicano.com\/index.php?rest_route=\/wp\/v2\/posts\/54158\/revisions\/657356"}],"wp:attachment":[{"href":"https:\/\/diariodominicano.com\/index.php?rest_route=%2Fwp%2Fv2%2Fmedia&parent=54158"}],"wp:term":[{"taxonomy":"category","embeddable":true,"href":"https:\/\/diariodominicano.com\/index.php?rest_route=%2Fwp%2Fv2%2Fcategories&post=54158"},{"taxonomy":"post_tag","embeddable":true,"href":"https:\/\/diariodominicano.com\/index.php?rest_route=%2Fwp%2Fv2%2Ftags&post=54158"}],"curies":[{"name":"wp","href":"https:\/\/api.w.org\/{rel}","templated":true}]}}