{"id":541564,"date":"2024-06-29T15:06:02","date_gmt":"2024-06-29T19:06:02","guid":{"rendered":"https:\/\/diariodominicano.com\/?p=541564"},"modified":"2024-06-29T16:28:39","modified_gmt":"2024-06-29T20:28:39","slug":"procurador-de-la-pepca-wilson-camacho-califica-como-contundente-victoria-del-mp-el-envio-a-juicio-del-ex-procurador-jean-alain-rodriguez-y-otros-acusados-en-operacion-medusa","status":"publish","type":"post","link":"https:\/\/diariodominicano.com\/?p=541564","title":{"rendered":"Procurador de la PEPCA Wilson Camacho califica como contundente victoria del MP el env\u00edo a juicio del ex procurador Jean Alain Rodr\u00edguez y otros acusados en Operaci\u00f3n Medusa"},"content":{"rendered":"\n<p>ARCHIVO: Wilson Camacho. <em><u>La decisi\u00f3n fue dada a conocer la madrugada de este s\u00e1bado por el juez Amaury Mart\u00ednez, del Tercer Juzgado de la instrucci\u00f3n del Distrito Nacional<\/u><\/em><\/p>\n\n\n\n<p><strong>SANTO DOMINGO, Rep\u00fablica Dominicana.-<\/strong>&nbsp;El Procurador  de la Procuradur\u00eda Especializada&nbsp;&nbsp; de Persecuci\u00f3n&nbsp; de la Corrupci\u00f3n&nbsp; Administrativa,(PEPCA) , Wilson Camacho, calific\u00f3&nbsp; como&nbsp; una&nbsp; victoria&nbsp; contundente&nbsp; de parte&nbsp; del&nbsp; Ministerio&nbsp; P\u00fablico, la decisi\u00f3n del juez Amaury Mart\u00ednez, del Tercer Juzgado de la instrucci\u00f3n del Distrito Nacional, que env\u00eda a juicio al exprocurador Jean Alain Rodr\u00edguez y a otros acusados en Operaci\u00f3n Medusa.<\/p>\n\n\n\n<figure class=\"wp-block-image size-large\"><img loading=\"lazy\" decoding=\"async\" width=\"1024\" height=\"682\" src=\"https:\/\/diariodominicano.com\/wp-content\/uploads\/2024\/06\/Fallo-Audiencia-Caso-Medusa-1024x682.jpg\" alt=\"\" class=\"wp-image-541599\" srcset=\"https:\/\/diariodominicano.com\/wp-content\/uploads\/2024\/06\/Fallo-Audiencia-Caso-Medusa-1024x682.jpg 1024w, https:\/\/diariodominicano.com\/wp-content\/uploads\/2024\/06\/Fallo-Audiencia-Caso-Medusa-300x200.jpg 300w, https:\/\/diariodominicano.com\/wp-content\/uploads\/2024\/06\/Fallo-Audiencia-Caso-Medusa-768x512.jpg 768w, https:\/\/diariodominicano.com\/wp-content\/uploads\/2024\/06\/Fallo-Audiencia-Caso-Medusa-1536x1024.jpg 1536w, https:\/\/diariodominicano.com\/wp-content\/uploads\/2024\/06\/Fallo-Audiencia-Caso-Medusa-816x544.jpg 816w, https:\/\/diariodominicano.com\/wp-content\/uploads\/2024\/06\/Fallo-Audiencia-Caso-Medusa.jpg 2000w\" sizes=\"auto, (max-width: 1024px) 100vw, 1024px\" \/><\/figure>\n\n\n\n<p>La decisi\u00f3n de hoy es una contundente victoria del Ministerio P\u00fablico. Este es un caso, que, desde el principio, ha sido un proceso sobre probado y por eso ten\u00eda en la acusaci\u00f3n m\u00e1s de 10 mil p\u00e1ginas, que contienen la gran cantidad de pruebas con que cuenta el Ministerio P\u00fablico y que esperamos sean m\u00e1s que suficientes en el juicio para producir sentencia condenatoria con relaci\u00f3n a las personas que han sido enviada a juicio\u201d, dijo Camacho a su salida de la audiencia donde fue conocida la decisi\u00f3n del tribunal.<\/p>\n\n\n\n<p>La lectura del fallo del juez Mart\u00ednez inici\u00f3 pasada las 9:00 de la ma\u00f1ana del viernes y concluy\u00f3 en&nbsp; la madrugada de este s\u00e1bado, donde tras motivar el fondo y la forma de cada uno de los incidentes de los imputados, donde adem\u00e1s de a Rodr\u00edguez,&nbsp; emiti\u00f3 el&nbsp; auto de apertura a juicio en contra de&nbsp; Jhonatan Joel Rodr\u00edguez Imbert, Alfredo Alexander Solano Augusto, Javier Alejandro Forteza Ibarra, Rafael Antonio Mercedes Marte, Miguel Jos\u00e9 Moya y Braulio Michael Batista Barias.<\/p>\n\n\n\n<p>As\u00ed como tambi\u00e9n, ir\u00e1n a juicio Alejandro Mart\u00edn Rosa Llanes, Ram\u00f3n Lucrecio Burgos, Jhonatan Loander Medina Reyes, Isis Tapia, F\u00e9lix Antonio Rosario Labrada, Francis Ram\u00edrez Moreno, Rolando Rafael Sebel\u00e9n Torres, Jos\u00e9 Miguel Estrada Jackson, C\u00e9sar Nicol\u00e1s Rizik Pimentel y Jos\u00e9 Luis Liriano Adames.<\/p>\n\n\n\n<p>En la lectura de la decisi\u00f3n, el tribunal ponder\u00f3 los acuerdos previos presentados por el Ministerio P\u00fablico y mantiene la medida de coerci\u00f3n de Jonathan Joel Imbert, mientras que desestim\u00f3 la solicitud medida de coerci\u00f3n de prisi\u00f3n domiciliaria al acusado Jean Alain Rodr\u00edguez, adem\u00e1s de dictar auto de no a lugar a los terceros civilmente demandados.<\/p>\n\n\n\n<figure class=\"wp-block-image size-large\"><img loading=\"lazy\" decoding=\"async\" width=\"1024\" height=\"682\" src=\"https:\/\/diariodominicano.com\/wp-content\/uploads\/2024\/06\/Fallo-Audiencia-preliminar-Caso-Medusa-1024x682.jpg\" alt=\"\" class=\"wp-image-541601\" srcset=\"https:\/\/diariodominicano.com\/wp-content\/uploads\/2024\/06\/Fallo-Audiencia-preliminar-Caso-Medusa-1024x682.jpg 1024w, https:\/\/diariodominicano.com\/wp-content\/uploads\/2024\/06\/Fallo-Audiencia-preliminar-Caso-Medusa-300x200.jpg 300w, https:\/\/diariodominicano.com\/wp-content\/uploads\/2024\/06\/Fallo-Audiencia-preliminar-Caso-Medusa-768x512.jpg 768w, https:\/\/diariodominicano.com\/wp-content\/uploads\/2024\/06\/Fallo-Audiencia-preliminar-Caso-Medusa-1536x1024.jpg 1536w, https:\/\/diariodominicano.com\/wp-content\/uploads\/2024\/06\/Fallo-Audiencia-preliminar-Caso-Medusa-816x544.jpg 816w, https:\/\/diariodominicano.com\/wp-content\/uploads\/2024\/06\/Fallo-Audiencia-preliminar-Caso-Medusa.jpg 2000w\" sizes=\"auto, (max-width: 1024px) 100vw, 1024px\" \/><\/figure>\n\n\n\n<p>El procurador  de la Pepca destac\u00f3 la efectividad de los acuerdos alcanzados por el Ministerio P\u00fablico con las defensas de los acusados.<\/p>\n\n\n\n<p>\u201cEl tribunal envi\u00f3 a juicio a todos los acusados que no lograron acuerdos con el Ministerio P\u00fablico, excluyendo solo a una acusada, la cual el Ministerio P\u00fablico esperar\u00e1 la decisi\u00f3n \u00edntegra para decidir si apela o no esta decisi\u00f3n\u201d, dijo Camacho, quien se\u00f1al\u00f3 que el tribunal acogi\u00f3 todos los acuerdos presentados por el Ministerio P\u00fablico y resalt\u00f3 que estos acuerdos, constituyen un 54% de los acusados en este proceso, quienes salen con sentencias condenatorias en esta etapa, lo que indic\u00f3, es una contundente victoria del \u00f3rgano persecutor.<\/p>\n\n\n\n<p>\u201cEs una se\u00f1al y es una muestra m\u00e1s, de que el Ministerio P\u00fablico, cuando acuerda, lo hace siempre sobre la base que establece la constituci\u00f3n y las leyes. As\u00ed ha sucedido en este proceso y es por eso que el tribunal los ha acogido todos y as\u00ed sucede en todos los procesos que el Ministerio P\u00fablico llega a acuerdo con los acusados\u201d, afirm\u00f3 Camacho.<\/p>\n\n\n\n<p>El procurador adjunto, tambi\u00e9n precis\u00f3 que el Ministerio P\u00fablico contin\u00faa abierto a seguir realizando acuerdos en este proceso, que se avecina a juicio.<\/p>\n\n\n\n<p>\u201cNosotros hacemos acuerdo con cualquier persona que est\u00e9 dispuesta a admitir los hechos, lo hemos hecho ahora y estamos abierto a seguirlo haciendo en el juicio que se presenta para este caso\u201d.<\/p>\n\n\n\n<p>En el conocimiento del env\u00edo a juicio, fue presentada en una s\u00edntesis, las diferentes l\u00edneas de investigaci\u00f3n contra Jean Alain Rodr\u00edguez, por m\u00faltiples actos de corrupci\u00f3n, entre ellos, los procesos fraudulentos realizados para el desfalco al Estado dominicano, utilizando el Comit\u00e9 de Compras y Contrataciones de la Procuradur\u00eda General de la Rep\u00fablica durante su gesti\u00f3n entre 2016 y 2020.<\/p>\n\n\n\n<p>El exfuncionario y compartes son acusados de incurrir en actos de corrupci\u00f3n, soborno y lavado de activos durante&nbsp;&nbsp; su gesti\u00f3n como m\u00e1ximo representante del Ministerio P\u00fablico (2016-2020), proceso durante la cual, seg\u00fan el expediente acusatorio, fueron malversados seis mil millones de pesos.<\/p>\n\n\n\n<p>En la acusaci\u00f3n, figuran, adem\u00e1s, 41 personas f\u00edsicas y 22 empresas.<\/p>\n\n\n\n<p>El tribunal fijo la lectura integra de esta decisi\u00f3n para el 5 de agosto a las 9:00 de la ma\u00f1ana.<\/p>\n\n\n\n<p><strong>Direcci\u00f3n General de Comunicaci\u00f3n, Prensa, y RRPP<\/strong><strong><\/strong><\/p>\n\n\n\n<p>Ministerio P\u00fablico.&nbsp;R.D.<\/p>\n\n\n\n<p>S\u00e1bado, 29 de junio de 2024<\/p>\n","protected":false},"excerpt":{"rendered":"<p>ARCHIVO: Wilson Camacho. La decisi\u00f3n fue dada a conocer la madrugada de este s\u00e1bado por el juez Amaury Mart\u00ednez, del Tercer Juzgado de la instrucci\u00f3n del Distrito Nacional SANTO DOMINGO, Rep\u00fablica Dominicana.-&nbsp;El Procurador de la Procuradur\u00eda Especializada&nbsp;&nbsp; de Persecuci\u00f3n&nbsp; de la Corrupci\u00f3n&nbsp; Administrativa,(PEPCA) , Wilson Camacho, calific\u00f3&nbsp; como&nbsp; una&nbsp; victoria&nbsp; contundente&nbsp; de parte&nbsp; del&nbsp; Ministerio&nbsp; [&hellip;]<\/p>\n","protected":false},"author":2,"featured_media":541599,"comment_status":"closed","ping_status":"closed","sticky":true,"template":"","format":"standard","meta":{"footnotes":""},"categories":[24,29,27],"tags":[],"class_list":["post-541564","post","type-post","status-publish","format-standard","has-post-thumbnail","hentry","category-justicia-y-derecho","category-policiasucesos","category-portada"],"_links":{"self":[{"href":"https:\/\/diariodominicano.com\/index.php?rest_route=\/wp\/v2\/posts\/541564","targetHints":{"allow":["GET"]}}],"collection":[{"href":"https:\/\/diariodominicano.com\/index.php?rest_route=\/wp\/v2\/posts"}],"about":[{"href":"https:\/\/diariodominicano.com\/index.php?rest_route=\/wp\/v2\/types\/post"}],"author":[{"embeddable":true,"href":"https:\/\/diariodominicano.com\/index.php?rest_route=\/wp\/v2\/users\/2"}],"replies":[{"embeddable":true,"href":"https:\/\/diariodominicano.com\/index.php?rest_route=%2Fwp%2Fv2%2Fcomments&post=541564"}],"version-history":[{"count":3,"href":"https:\/\/diariodominicano.com\/index.php?rest_route=\/wp\/v2\/posts\/541564\/revisions"}],"predecessor-version":[{"id":541615,"href":"https:\/\/diariodominicano.com\/index.php?rest_route=\/wp\/v2\/posts\/541564\/revisions\/541615"}],"wp:featuredmedia":[{"embeddable":true,"href":"https:\/\/diariodominicano.com\/index.php?rest_route=\/wp\/v2\/media\/541599"}],"wp:attachment":[{"href":"https:\/\/diariodominicano.com\/index.php?rest_route=%2Fwp%2Fv2%2Fmedia&parent=541564"}],"wp:term":[{"taxonomy":"category","embeddable":true,"href":"https:\/\/diariodominicano.com\/index.php?rest_route=%2Fwp%2Fv2%2Fcategories&post=541564"},{"taxonomy":"post_tag","embeddable":true,"href":"https:\/\/diariodominicano.com\/index.php?rest_route=%2Fwp%2Fv2%2Ftags&post=541564"}],"curies":[{"name":"wp","href":"https:\/\/api.w.org\/{rel}","templated":true}]}}