{"id":541562,"date":"2024-06-29T14:59:05","date_gmt":"2024-06-29T18:59:05","guid":{"rendered":"https:\/\/diariodominicano.com\/?p=541562"},"modified":"2024-06-29T14:59:08","modified_gmt":"2024-06-29T18:59:08","slug":"ee-uu-saluda-en-el-dia-nacional-de-seychelles","status":"publish","type":"post","link":"https:\/\/diariodominicano.com\/?p=541562","title":{"rendered":"EE. UU: saluda en el D\u00eda Nacional de Seychelles"},"content":{"rendered":"\n<p>Antony J. Blinken, Secretario de Estado<\/p>\n\n\n\n<p><a href=\"https:\/\/lnks.gd\/l\/eyJhbGciOiJIUzI1NiJ9.eyJidWxsZXRpbl9saW5rX2lkIjoxMDEsInVyaSI6ImJwMjpjbGljayIsInVybCI6Imh0dHBzOi8vd3d3LnN0YXRlLmdvdiIsImJ1bGxldGluX2lkIjoiMjAyNDA2MjkuOTY5NDc0NjEifQ.UnHkp-_MrlcfMhXm0cd1lP4TQSEJrefl7XaerLoa43g\/s\/1375542893\/br\/245002694618-l\" target=\"_blank\" rel=\"noreferrer noopener\">Hogar<\/a>&nbsp;<a href=\"https:\/\/lnks.gd\/l\/eyJhbGciOiJIUzI1NiJ9.eyJidWxsZXRpbl9saW5rX2lkIjoxMDIsInVyaSI6ImJwMjpjbGljayIsInVybCI6Imh0dHBzOi8vd3d3LnN0YXRlLmdvdi9idXJlYXVzLW9mZmljZXMvdW5kZXItc2VjcmV0YXJ5LWZvci1wdWJsaWMtZGlwbG9tYWN5LWFuZC1wdWJsaWMtYWZmYWlycy9idXJlYXUtb2YtZ2xvYmFsLXB1YmxpYy1hZmZhaXJzL29mZmljZS1vZi10aGUtc3Bva2VzcGVyc29uLyIsImJ1bGxldGluX2lkIjoiMjAyNDA2MjkuOTY5NDc0NjEifQ.Cqr5mIFt5l7-T0-gZW0pnpcdLDSwVp35ic82xjGS8Gw\/s\/1375542893\/br\/245002694618-l\" target=\"_blank\" rel=\"noreferrer noopener\">Oficina del Portavoz<\/a>&nbsp;<a href=\"http:\/\/press-releases\/\" target=\"_blank\" rel=\"noreferrer noopener\">Comunicados de prensa<\/a>&nbsp;\u2026&nbsp;D\u00eda Nacional de Seychelles<\/p>\n\n\n\n<h1 class=\"wp-block-heading\">D\u00eda Nacional de Seychelles<\/h1>\n\n\n\n<p>Comunicado de prensa<\/p>\n\n\n\n<p>29 de junio de 2024<\/p>\n\n\n\n<p>Extiendo mis m\u00e1s cordiales felicitaciones al pueblo de Seychelles por el cuadrag\u00e9simo octavo aniversario de su independencia.<\/p>\n\n\n\n<p>Seychelles ha sido un firme defensor de una \u00c1frica pac\u00edfica, pr\u00f3spera y democr\u00e1tica. Estamos orgullosos de trabajar junto con usted para frustrar a los piratas y traficantes de drogas il\u00edcitas que amenazan la tranquilidad y el bienestar de la regi\u00f3n del Oc\u00e9ano \u00cdndico. Aplaudimos el trabajo ejemplar del gobierno de Seychelles para preservar los ecosistemas naturales y el entorno marino \u00fanico del pa\u00eds y al mismo tiempo promover una econom\u00eda azul sostenible. Valoramos enormemente la asociaci\u00f3n entre Seychelles y los Estados Unidos, una relaci\u00f3n que se profundiz\u00f3 con la reapertura de la Embajada de los Estados Unidos en Victoria en 2023, y le deseamos una feliz celebraci\u00f3n de su D\u00eda Nacional.<\/p>\n\n\n\n<p>29\/06\/2024 12:02 a.m.EDT<\/p>\n","protected":false},"excerpt":{"rendered":"<p>Antony J. Blinken, Secretario de Estado Hogar&nbsp;Oficina del Portavoz&nbsp;Comunicados de prensa&nbsp;\u2026&nbsp;D\u00eda Nacional de Seychelles D\u00eda Nacional de Seychelles Comunicado de prensa 29 de junio de 2024 Extiendo mis m\u00e1s cordiales felicitaciones al pueblo de Seychelles por el cuadrag\u00e9simo octavo aniversario de su independencia. Seychelles ha sido un firme defensor de una \u00c1frica pac\u00edfica, pr\u00f3spera y [&hellip;]<\/p>\n","protected":false},"author":2,"featured_media":482266,"comment_status":"closed","ping_status":"closed","sticky":false,"template":"","format":"standard","meta":{"footnotes":""},"categories":[26,23],"tags":[],"class_list":["post-541562","post","type-post","status-publish","format-standard","has-post-thumbnail","hentry","category-efemerides","category-internacional"],"_links":{"self":[{"href":"https:\/\/diariodominicano.com\/index.php?rest_route=\/wp\/v2\/posts\/541562","targetHints":{"allow":["GET"]}}],"collection":[{"href":"https:\/\/diariodominicano.com\/index.php?rest_route=\/wp\/v2\/posts"}],"about":[{"href":"https:\/\/diariodominicano.com\/index.php?rest_route=\/wp\/v2\/types\/post"}],"author":[{"embeddable":true,"href":"https:\/\/diariodominicano.com\/index.php?rest_route=\/wp\/v2\/users\/2"}],"replies":[{"embeddable":true,"href":"https:\/\/diariodominicano.com\/index.php?rest_route=%2Fwp%2Fv2%2Fcomments&post=541562"}],"version-history":[{"count":1,"href":"https:\/\/diariodominicano.com\/index.php?rest_route=\/wp\/v2\/posts\/541562\/revisions"}],"predecessor-version":[{"id":541563,"href":"https:\/\/diariodominicano.com\/index.php?rest_route=\/wp\/v2\/posts\/541562\/revisions\/541563"}],"wp:featuredmedia":[{"embeddable":true,"href":"https:\/\/diariodominicano.com\/index.php?rest_route=\/wp\/v2\/media\/482266"}],"wp:attachment":[{"href":"https:\/\/diariodominicano.com\/index.php?rest_route=%2Fwp%2Fv2%2Fmedia&parent=541562"}],"wp:term":[{"taxonomy":"category","embeddable":true,"href":"https:\/\/diariodominicano.com\/index.php?rest_route=%2Fwp%2Fv2%2Fcategories&post=541562"},{"taxonomy":"post_tag","embeddable":true,"href":"https:\/\/diariodominicano.com\/index.php?rest_route=%2Fwp%2Fv2%2Ftags&post=541562"}],"curies":[{"name":"wp","href":"https:\/\/api.w.org\/{rel}","templated":true}]}}