{"id":54151,"date":"2020-04-01T00:36:45","date_gmt":"2020-04-01T00:36:45","guid":{"rendered":"http:\/\/diariodominicano.ddns.net\/?p=54151"},"modified":"2020-04-01T00:36:45","modified_gmt":"2020-04-01T00:36:45","slug":"juan-pablo-duarte-apoya-el-gobierno-de-la-restauracion-2","status":"publish","type":"post","link":"https:\/\/diariodominicano.com\/?p=54151","title":{"rendered":"Juan Pablo Duarte apoya el Gobierno de la Restauraci\u00f3n"},"content":{"rendered":"<p><body><\/p>\n<p><img decoding=\"async\" src=\"img3\/Duarte-Sanchez-Mella.jpg\" \/>  <\/p>\n<p><strong>Diariodominicano.com<\/strong><\/p>\n<p><strong>Juan Pablo Duarte  apoya el Gobierno de la Restauraci\u00f3n  <\/strong><\/p>\n<p><strong>Asimismo, el Gobierno de la Restauraci\u00f3n  recibi\u00f3 con benepl\u00e1cito  el ofrecimiento de ayuda que le hizo Juan Pablo Duarte.<\/strong><\/p>\n<p><strong>Por H\u00e9ctor Tineo Nolasco<\/strong><\/p>\n<p><strong>Diariodominicano.com<\/strong><\/p>\n<p><strong>  SANTIAGO DE LOS CABALLEROS, el 1 de abril de  1864<\/strong>, el  Gobierno de la Restauraci\u00f3n emiti\u00f3 un mensaje de salutaci\u00f3n al pr\u00f3cer Juan Pablo Duarte, quien hab\u00eda venido al pa\u00eds para apoyar la lucha por la soberan\u00eda nacional.<\/p>\n<\/p>\n<p>    Asimismo, el Gobierno de la Restauraci\u00f3n  recibi\u00f3 con benepl\u00e1cito  el ofrecimiento de ayuda que le hizo Juan Pablo Duarte.<\/p>\n<\/p>\n<p>      El  patricio  Duarte y varios colaboradores llegaron a Guayub\u00edn. Hab\u00eda   retornado  al pa\u00eds procedente de Venezuela, el d\u00eda 28 de marzo de 1864, con el prop\u00f3sito de integrarse a la Guerra de la Restauraci\u00f3n.<\/p>\n<\/p>\n<p>    Junto a  Duarte vinieron su hermano Vicente Celestino Duarte, Manuel Rodr\u00edguez Obj\u00edo, su t\u00edo Mariano Diez y el venezolano Candelario Oquendo.<\/p>\n<\/p>\n<p>     Duarte desde que se enter\u00f3 de los planes de anexar Rep\u00fablica Dominicana  a Espa\u00f1a, se manifest\u00f3 en contra y de inmediato se solidariz\u00f3 con las acciones de los restauradores.<\/p>\n<\/p>\n<p>   Cuando estall\u00f3 la Guerra de la Restauraci\u00f3n hizo m\u00faltiples esfuerzos para entrar al pa\u00eds y sumarse a las filas patri\u00f3ticas.<\/p>\n<\/p>\n<p>     Duarte retorn\u00f3  al pa\u00eds despu\u00e9s de permanecer casi 20 a\u00f1os exiliado en Caracas, Venezuela.<\/p>\n<h6> 2020-04-01 00:36:45 <\/h6>\n<p><!--\n<link rel=\"stylesheet\" href=\"css\/bootstrap.min.css\">\n\n\n<ul class=\"pagination\">\n\t    \n\t\n\n<li >\n\t<a href='?page_no=631'>Previous<\/a>\n\t<\/li>\n\n\n       \n    \n\n<li><a href='?page_no=1'>1<\/a><\/li>\n\n\n\n<li><a href='?page_no=2'>2<\/a><\/li>\n\n\n\n<li><a>...<\/a><\/li>\n\n\n\n<li><a href='?page_no=630'>630<\/a><\/li>\n\n\n\n<li><a href='?page_no=631'>631<\/a><\/li>\n\n\n\n<li class='active'><a>632<\/a><\/li>\n\n\n\n<li><a href='?page_no=633'>633<\/a><\/li>\n\n\n\n<li><a href='?page_no=634'>634<\/a><\/li>\n\n\n\n<li><a>...<\/a><\/li>\n\n\n\n<li><a href='?page_no=22911'>22911<\/a><\/li>\n\n\n\n<li><a href='?page_no=22912'>22912<\/a><\/li>\n\n    \n\t\n\n<li >\n\t<a href='?page_no=633'>Next<\/a>\n\t<\/li>\n\n\n    \n\n<li><a href='?page_no=22912'>Last &rsaquo;&rsaquo;<\/a><\/li>\n\n<\/ul>\n\n\n--><br \/>\n<\/body><\/p>\n","protected":false},"excerpt":{"rendered":"<p>Diariodominicano.com Juan Pablo Duarte apoya el Gobierno de la Restauraci\u00f3n Asimismo, el Gobierno de la Restauraci\u00f3n recibi\u00f3 con benepl\u00e1cito el ofrecimiento de ayuda que le hizo Juan Pablo Duarte. Por H\u00e9ctor Tineo Nolasco Diariodominicano.com SANTIAGO DE LOS CABALLEROS, el 1 de abril de 1864, el Gobierno de la Restauraci\u00f3n emiti\u00f3 un mensaje de salutaci\u00f3n al [&hellip;]<\/p>\n","protected":false},"author":3,"featured_media":0,"comment_status":"open","ping_status":"open","sticky":false,"template":"","format":"standard","meta":{"footnotes":""},"categories":[21],"tags":[],"class_list":["post-54151","post","type-post","status-publish","format-standard","hentry","category-cultura"],"_links":{"self":[{"href":"https:\/\/diariodominicano.com\/index.php?rest_route=\/wp\/v2\/posts\/54151","targetHints":{"allow":["GET"]}}],"collection":[{"href":"https:\/\/diariodominicano.com\/index.php?rest_route=\/wp\/v2\/posts"}],"about":[{"href":"https:\/\/diariodominicano.com\/index.php?rest_route=\/wp\/v2\/types\/post"}],"author":[{"embeddable":true,"href":"https:\/\/diariodominicano.com\/index.php?rest_route=\/wp\/v2\/users\/3"}],"replies":[{"embeddable":true,"href":"https:\/\/diariodominicano.com\/index.php?rest_route=%2Fwp%2Fv2%2Fcomments&post=54151"}],"version-history":[{"count":0,"href":"https:\/\/diariodominicano.com\/index.php?rest_route=\/wp\/v2\/posts\/54151\/revisions"}],"wp:attachment":[{"href":"https:\/\/diariodominicano.com\/index.php?rest_route=%2Fwp%2Fv2%2Fmedia&parent=54151"}],"wp:term":[{"taxonomy":"category","embeddable":true,"href":"https:\/\/diariodominicano.com\/index.php?rest_route=%2Fwp%2Fv2%2Fcategories&post=54151"},{"taxonomy":"post_tag","embeddable":true,"href":"https:\/\/diariodominicano.com\/index.php?rest_route=%2Fwp%2Fv2%2Ftags&post=54151"}],"curies":[{"name":"wp","href":"https:\/\/api.w.org\/{rel}","templated":true}]}}