{"id":541453,"date":"2024-06-28T23:26:38","date_gmt":"2024-06-29T03:26:38","guid":{"rendered":"https:\/\/diariodominicano.com\/?p=541453"},"modified":"2024-06-28T23:26:41","modified_gmt":"2024-06-29T03:26:41","slug":"primer-tribunal-colegiado-de-santo-domingo-este-condena-a-20-anos-de-prision-a-un-hombre-que-mato-a-su-madre-y-dejo-a-su-padre-gravemente-herido","status":"publish","type":"post","link":"https:\/\/diariodominicano.com\/?p=541453","title":{"rendered":"Primer Tribunal Colegiado de Santo Domingo Este condena a  20 a\u00f1os de prisi\u00f3n a un hombre que mat\u00f3 a su madre y dej\u00f3 a su padre gravemente herido"},"content":{"rendered":"\n<p><strong>SANTO DOMINGO ESTE, Rep\u00fablica Dominicana. \u2013<\/strong>\u00a0La Fiscal\u00eda de Santo Domingo Este y Norte obtuvo una condena de 20 a\u00f1os de prisi\u00f3n, en contra de un hombre. que, con un tubo, de varios golpes mat\u00f3 a su madre y dej\u00f3 a su padre gravemente herido, en un hecho ocurrido en el a\u00f1o 2022, en San Isidro, de Santo Domingo Este.\u00a0\u00a0\u00a0\u00a0<\/p>\n\n\n\n<p><\/p>\n\n\n\n<p>La condena fue dictada por el Primer Tribunal Colegiado de esta jurisdicci\u00f3n, integrado por los jueces Elizabeth Esperanza Rodr\u00edguez Espinal, Flor E. Batista Polo y Jos\u00e9 Leonel Asencio Quezada, en contra de Osiris Rafael Jim\u00e9nez Collado, por los hechos cometidos en perjuicio de sus progenitores, Ramona Altagracia Morel (occisa), de 75 a\u00f1os de edad, y Oseide Jim\u00e9nez Genao, de 72 a\u00f1os, a quien dej\u00f3 gravemente herido.<\/p>\n\n\n\n<p>Durante el juicio, el Ministerio P\u00fablico, representado por el fiscal litigante Franklyn C\u00e9spedes, mostr\u00f3 ante el tribunal que el hoy procesado violent\u00f3 los art\u00edculos 2, 295 y 304 II del C\u00f3digo Penal Dominicano, sobre homicidio.<\/p>\n\n\n\n<p>La investigaci\u00f3n relata que el suceso ocurri\u00f3 el d\u00eda 12 de abril del a\u00f1o 2022, alrededor de las 09:10 de la ma\u00f1ana, mientras estaban en su residencia.<\/p>\n\n\n\n<p>Relata que, en esos momentos inici\u00f3 una discusi\u00f3n, en la que el encartado empez\u00f3 a tirar los trastes y luego cogi\u00f3 un tubo y empez\u00f3 a golpear brutalmente a su madre, a la que le propin\u00f3 varios golpes en diferentes partes del cuerpo hasta quitarle la vida y continu\u00f3 golpeando a su padre a quien dej\u00f3 gravemente herido, con lesiones curables en un per\u00edodo de 5 a 6 meses, como consta en el certificado m\u00e9dico legal No.65884, d\/f 13-04-2022.<\/p>\n\n\n\n<p>La condena deber\u00e1 ser cumplida por el procesado en la Penitenciar\u00eda Nacional de La Victoria.<\/p>\n\n\n\n<p><strong>Direcci\u00f3n General de Comunicaci\u00f3n, Prensa, y RRPP<\/strong><strong><\/strong><\/p>\n\n\n\n<p>Ministerio P\u00fablico.&nbsp;R.D.<\/p>\n\n\n\n<p>Viernes, 28 de junio de 2024<\/p>\n\n\n\n<p>&#8230;<\/p>\n","protected":false},"excerpt":{"rendered":"<p>SANTO DOMINGO ESTE, Rep\u00fablica Dominicana. \u2013\u00a0La Fiscal\u00eda de Santo Domingo Este y Norte obtuvo una condena de 20 a\u00f1os de prisi\u00f3n, en contra de un hombre. que, con un tubo, de varios golpes mat\u00f3 a su madre y dej\u00f3 a su padre gravemente herido, en un hecho ocurrido en el a\u00f1o 2022, en San Isidro, [&hellip;]<\/p>\n","protected":false},"author":2,"featured_media":329468,"comment_status":"closed","ping_status":"closed","sticky":false,"template":"","format":"standard","meta":{"footnotes":""},"categories":[24,29],"tags":[],"class_list":["post-541453","post","type-post","status-publish","format-standard","has-post-thumbnail","hentry","category-justicia-y-derecho","category-policiasucesos"],"_links":{"self":[{"href":"https:\/\/diariodominicano.com\/index.php?rest_route=\/wp\/v2\/posts\/541453","targetHints":{"allow":["GET"]}}],"collection":[{"href":"https:\/\/diariodominicano.com\/index.php?rest_route=\/wp\/v2\/posts"}],"about":[{"href":"https:\/\/diariodominicano.com\/index.php?rest_route=\/wp\/v2\/types\/post"}],"author":[{"embeddable":true,"href":"https:\/\/diariodominicano.com\/index.php?rest_route=\/wp\/v2\/users\/2"}],"replies":[{"embeddable":true,"href":"https:\/\/diariodominicano.com\/index.php?rest_route=%2Fwp%2Fv2%2Fcomments&post=541453"}],"version-history":[{"count":1,"href":"https:\/\/diariodominicano.com\/index.php?rest_route=\/wp\/v2\/posts\/541453\/revisions"}],"predecessor-version":[{"id":541454,"href":"https:\/\/diariodominicano.com\/index.php?rest_route=\/wp\/v2\/posts\/541453\/revisions\/541454"}],"wp:featuredmedia":[{"embeddable":true,"href":"https:\/\/diariodominicano.com\/index.php?rest_route=\/wp\/v2\/media\/329468"}],"wp:attachment":[{"href":"https:\/\/diariodominicano.com\/index.php?rest_route=%2Fwp%2Fv2%2Fmedia&parent=541453"}],"wp:term":[{"taxonomy":"category","embeddable":true,"href":"https:\/\/diariodominicano.com\/index.php?rest_route=%2Fwp%2Fv2%2Fcategories&post=541453"},{"taxonomy":"post_tag","embeddable":true,"href":"https:\/\/diariodominicano.com\/index.php?rest_route=%2Fwp%2Fv2%2Ftags&post=541453"}],"curies":[{"name":"wp","href":"https:\/\/api.w.org\/{rel}","templated":true}]}}