{"id":541448,"date":"2024-06-28T23:21:11","date_gmt":"2024-06-29T03:21:11","guid":{"rendered":"https:\/\/diariodominicano.com\/?p=541448"},"modified":"2024-06-28T23:21:54","modified_gmt":"2024-06-29T03:21:54","slug":"comma-conmemora-el-dia-internacional-del-arbol-2","status":"publish","type":"post","link":"https:\/\/diariodominicano.com\/?p=541448","title":{"rendered":"COMMA conmemora el D\u00eda Internacional del \u00c1rbol"},"content":{"rendered":"\n<p>Por: Elis Peralta<br>Santo Domingo, RD. &#8211; \u00a0Consideramos este de dia de suma importancia para hablar de los principales pulmones del mundo \u0308Los \u00c1rboles.<\/p>\n\n\n\n<figure class=\"wp-block-image size-large\"><img loading=\"lazy\" decoding=\"async\" width=\"473\" height=\"1024\" src=\"https:\/\/diariodominicano.com\/wp-content\/uploads\/2024\/06\/Imagen-de-WhatsApp-2024-06-27-a-las-18.58.56_2632d1df-473x1024.jpg\" alt=\"\" class=\"wp-image-541451\" srcset=\"https:\/\/diariodominicano.com\/wp-content\/uploads\/2024\/06\/Imagen-de-WhatsApp-2024-06-27-a-las-18.58.56_2632d1df-473x1024.jpg 473w, https:\/\/diariodominicano.com\/wp-content\/uploads\/2024\/06\/Imagen-de-WhatsApp-2024-06-27-a-las-18.58.56_2632d1df-139x300.jpg 139w, https:\/\/diariodominicano.com\/wp-content\/uploads\/2024\/06\/Imagen-de-WhatsApp-2024-06-27-a-las-18.58.56_2632d1df.jpg 591w\" sizes=\"auto, (max-width: 473px) 100vw, 473px\" \/><\/figure>\n\n\n\n<p>Como Congreso Mundial del Medio Ambiente, nos sentimos comprometidos en dar a conocer a trav\u00e9s de este art\u00edculo la importancia de los \u00e1rboles y bosques ya que son fuentes purificadoras del aire y contribuyen a regular el clima. Su importancia e impacto sobre el medio ambiente son de un valor incalculable.<\/p>\n\n\n\n<p>En el a\u00f1o 1840 Suecia fue el primer pa\u00eds que celebr\u00f3 el D\u00eda del \u00c1rbol, para generar conciencia sobre la importancia de los recursos forestales y de los \u00e1rboles. Estos h\u00e9roes verdes contribuyen a disminuir la contaminaci\u00f3n ambiental y clim\u00e1tica generada por el hombre, protegen el suelo y son esenciales para lograr un desarrollo sostenible, siendo imprescindibles para la vida.<\/p>\n\n\n\n<p>\u00bfpor qu\u00e9 los \u00e1rboles son tan importantes para el planeta?<br>\u2022 Liberan el ox\u00edgeno y transforman el di\u00f3xido de carbono (CO2) en biomasa, reduciendo el efecto invernadero.<br>\u2022 Son reguladores de los ciclos hidrol\u00f3gicos contribuyendo a evitar inundaciones.<br>\u2022 Previenen la erosi\u00f3n de los suelos, favoreciendo el desarrollo de la agricultura.<br>\u2022 Constituyen el h\u00e1bitat de especies de plantas, aves, mam\u00edferos, reptiles y anfibios.<br>\u2022 En las zonas selv\u00e1ticas contribuyen a formar un ambiente h\u00famedo.<br>\u2022 Contribuyen a regular el clima, reduciendo los efectos del cambio clim\u00e1tico.<br>\u2022 Son una fuente de materia prima para la elaboraci\u00f3n de medicinas, alimentos, papel, combustible (madera y carb\u00f3n), fibras y otros materiales naturales como corcho, resinas y caucho (L\u00e1tex).<br>Estas razones y muchas otras m\u00e1s nos invitan al deber de cuidar los bosques<br>\u00bfSabes de las curiosidades sobre los \u00e1rboles y bosques?<br>\u2022 Dependiendo de la especie los \u00e1rboles se desarrollan plenamente al llegar a los 40 o 50 a\u00f1os.<br>\u2022 En las zonas o regiones fr\u00edas mantienen a roedores y aves.<br>\u2022 A nivel mundial cerca del 78% de los bosques primarios han sido destruidos por la mano del hombre y el 22% restante se ha visto afectado por la extracci\u00f3n de madera.<br>\u2022 El 12% de los bosques del mundo est\u00e1n dise\u00f1ados para la conservaci\u00f3n de la diversidad biol\u00f3gica.<br>\u2022 Se estima que los bosques constituyen un reservorio vital de carbono, acumulando unas 289 gigatoneladas de este elemento.<br>\u2022 Ocupan grandes extensiones que alcanzan el 28,5% de las tierras, a excepci\u00f3n de la Ant\u00e1rtida y Groenlandia.<br>\u2022 La mitad de los bosques en el mundo est\u00e1n ubicados en los tr\u00f3picos y el resto en zonas templadas y boreales.<br>\u2022 Europa y Am\u00e9rica del Sur tienen la mayor superficie forestal, seguidos de Am\u00e9rica del Norte y \u00c1frica.<br>\u2022 La deforestaci\u00f3n de bosques y \u00e1rboles producen un 15% de emisi\u00f3n de CO2 anual en todo el mundo, superando a la generada por veh\u00edculos, barcos y otros medios de transporte.<\/p>\n\n\n\n<p>Es alarmante la desaparici\u00f3n de grandes superficies de arb\u00f3reas alrededor del mundo, por los procesos de deforestaci\u00f3n generados por el hombre de manera indiscriminada y por razones clim\u00e1ticas (sequ\u00edas, huracanes, vientos, lluvias de granitos), estimada en diecis\u00e9is millones de hect\u00e1reas anuales (aproximadamente un tercio de los bosques del mundo).<\/p>\n\n\n\n<p>Las alteraciones producidas por el cambio clim\u00e1tico generan niveles de acumulaci\u00f3n de combustible en los bosques, incrementando la incidencia, durabilidad e intensidad de los incendios forestales.<\/p>\n\n\n\n<p>Por otra parte, la tala indiscriminada afecta la p\u00e9rdida del h\u00e1bitat de diversas especies animales y vegetales, disminuyendo la fertilidad de los suelos y la posibilidad de regeneraci\u00f3n de superficies arb\u00f3reas.<\/p>\n\n\n\n<p>Hoy el Congreso Mundial del Medio Ambiente nos presentamos con el objetivo principal de promover una conciencia de protecci\u00f3n y conservaci\u00f3n de estos ecosistemas (bosques y \u00e1rboles) mediante un uso adecuado de los recursos naturales existentes. Es fundamental que los gobiernos del mundo apliquen medidas y pol\u00edticas que contribuyan a frenar los efectos del cambio clim\u00e1tico y la tala\u00a0indiscriminada.<\/p>\n\n\n\n<p>Libre Press<\/p>\n\n\n\n<p><a target=\"_blank\" href=\"mailto:libropress@gmail.com\" rel=\"noreferrer noopener\">libropress@gmail.com<\/a><\/p>\n","protected":false},"excerpt":{"rendered":"<p>Por: Elis PeraltaSanto Domingo, RD. &#8211; \u00a0Consideramos este de dia de suma importancia para hablar de los principales pulmones del mundo \u0308Los \u00c1rboles. Como Congreso Mundial del Medio Ambiente, nos sentimos comprometidos en dar a conocer a trav\u00e9s de este art\u00edculo la importancia de los \u00e1rboles y bosques ya que son fuentes purificadoras del aire [&hellip;]<\/p>\n","protected":false},"author":2,"featured_media":541449,"comment_status":"closed","ping_status":"closed","sticky":false,"template":"","format":"standard","meta":{"footnotes":""},"categories":[20,25],"tags":[],"class_list":["post-541448","post","type-post","status-publish","format-standard","has-post-thumbnail","hentry","category-dominicana-hoy","category-gente"],"_links":{"self":[{"href":"https:\/\/diariodominicano.com\/index.php?rest_route=\/wp\/v2\/posts\/541448","targetHints":{"allow":["GET"]}}],"collection":[{"href":"https:\/\/diariodominicano.com\/index.php?rest_route=\/wp\/v2\/posts"}],"about":[{"href":"https:\/\/diariodominicano.com\/index.php?rest_route=\/wp\/v2\/types\/post"}],"author":[{"embeddable":true,"href":"https:\/\/diariodominicano.com\/index.php?rest_route=\/wp\/v2\/users\/2"}],"replies":[{"embeddable":true,"href":"https:\/\/diariodominicano.com\/index.php?rest_route=%2Fwp%2Fv2%2Fcomments&post=541448"}],"version-history":[{"count":2,"href":"https:\/\/diariodominicano.com\/index.php?rest_route=\/wp\/v2\/posts\/541448\/revisions"}],"predecessor-version":[{"id":541452,"href":"https:\/\/diariodominicano.com\/index.php?rest_route=\/wp\/v2\/posts\/541448\/revisions\/541452"}],"wp:featuredmedia":[{"embeddable":true,"href":"https:\/\/diariodominicano.com\/index.php?rest_route=\/wp\/v2\/media\/541449"}],"wp:attachment":[{"href":"https:\/\/diariodominicano.com\/index.php?rest_route=%2Fwp%2Fv2%2Fmedia&parent=541448"}],"wp:term":[{"taxonomy":"category","embeddable":true,"href":"https:\/\/diariodominicano.com\/index.php?rest_route=%2Fwp%2Fv2%2Fcategories&post=541448"},{"taxonomy":"post_tag","embeddable":true,"href":"https:\/\/diariodominicano.com\/index.php?rest_route=%2Fwp%2Fv2%2Ftags&post=541448"}],"curies":[{"name":"wp","href":"https:\/\/api.w.org\/{rel}","templated":true}]}}