{"id":541442,"date":"2024-06-28T23:13:09","date_gmt":"2024-06-29T03:13:09","guid":{"rendered":"https:\/\/diariodominicano.com\/?p=541442"},"modified":"2024-06-28T23:15:19","modified_gmt":"2024-06-29T03:15:19","slug":"los-arboles-y-su-importancia-para-la-humanidad-2","status":"publish","type":"post","link":"https:\/\/diariodominicano.com\/?p=541442","title":{"rendered":"Los \u00c1rboles y su importancia para la humanidad"},"content":{"rendered":"\n<p><strong><em>Por Dr. Am\u00edn Cruz<\/em><\/strong><\/p>\n\n\n\n<p><strong><em>\u201cNuestro medio ambiente global est\u00e1 siendo degradado por nuestras elecciones insostenibles. La forma en que consumimos los recursos naturales est\u00e1 acelerando la p\u00e9rdida de biodiversidad y exacerbando el cambio clim\u00e1tico. En este D\u00eda Internacional, insto a todos los gobiernos, las empresas y la sociedad civil a que adopten medidas urgentes para detener la deforestaci\u00f3n y restaurar los bosques degradados, de modo que las generaciones futuras puedan disfrutar de un futuro m\u00e1s verde y saludable.\u201d Ant\u00f3nio G\u00faterres Secretario General de las Naciones Unidas<\/em><\/strong><\/p>\n\n\n\n<p>Los \u00e1rboles son los moradores m\u00e1s antiguos de la Tierra. Se encargan de liberar el ox\u00edgeno y transformar el di\u00f3xido de carbono (CO2) reduciendo, de esta forma, el efecto invernadero en la atm\u00f3sfera.<\/p>\n\n\n\n<p>En nuestro Congreso Mundial del medio ambiente celebramos el D\u00eda del \u00c1rbol&nbsp;mismo que tiene el objetivo de informar sobre la importancia de los \u00e1rboles en la vida del planeta y sensibilizar a la poblaci\u00f3n sobre la necesidad de conservar el Medio Ambiente, es una fecha que nos recuerda la importancia de proteger las superficies arboladas como una forma de asegurar que la vida en nuestro planeta siga siendo posible.<\/p>\n\n\n\n<p>Los \u00e1rboles, como casi todas las plantas, son organismos aut\u00f3trofos. Elaboran su propio alimento, lo que les permite crecer, reproducirse y transmitir sus caracter\u00edsticas a las siguientes generaciones de plantas. Son los que producen sustancias org\u00e1nicas a partir de materiales inorg\u00e1nicos. Sin ellos, muchas especies no podr\u00edan sobrevivir.<\/p>\n\n\n\n<p>Mismos que tienen m\u00faltiples funciones con las que participan en el ciclo de la naturaleza. Desde generar ox\u00edgeno hasta ser nuestro mejor aliado contra la crisis clim\u00e1tica. Y es que los \u00e1rboles son la base de la supervivencia de los seres vivos que habitan en la Tierra. Son el entorno natural perfecto donde se alojan miles de especies de animales y plantas.<\/p>\n\n\n\n<p>Adem\u00e1s, ellos nos ayudan a regular los ciclos hidrol\u00f3gicos reduciendo as\u00ed el riesgo de inundaciones y, son la fuente de materia prima para la producci\u00f3n de medicinas y otros recursos naturales, nos protegen nuestras v\u00edas fluviales y a reducir los da\u00f1os causados por las inundaciones, porque absorben una gran parte del volumen de agua de escorrent\u00eda. Cuando est\u00e1n en las orillas de arroyos, lagos o estanques, intervienen en el equilibrio y mantenimiento de la salud de las masas de agua y son fijadores de los suelos, evitando su erosi\u00f3n.<\/p>\n\n\n\n<p>Es alarmante la desaparici\u00f3n de grandes superficies arb\u00f3reas alrededor del mundo, por los&nbsp;procesos de deforestaci\u00f3n generados por el hombre&nbsp;de manera indiscriminada y por razones clim\u00e1ticas (sequ\u00edas, huracanes, vendavales, granizadas), estimada en diecis\u00e9is millones de hect\u00e1reas anuales (aproximadamente un tercio de los bosques del mundo).<\/p>\n\n\n\n<figure class=\"wp-block-image size-large\"><img loading=\"lazy\" decoding=\"async\" width=\"1024\" height=\"766\" src=\"https:\/\/diariodominicano.com\/wp-content\/uploads\/2024\/06\/dia_mundial_arbol-scaled-1-1024x766.jpg\" alt=\"\" class=\"wp-image-541445\" srcset=\"https:\/\/diariodominicano.com\/wp-content\/uploads\/2024\/06\/dia_mundial_arbol-scaled-1-1024x766.jpg 1024w, https:\/\/diariodominicano.com\/wp-content\/uploads\/2024\/06\/dia_mundial_arbol-scaled-1-300x224.jpg 300w, https:\/\/diariodominicano.com\/wp-content\/uploads\/2024\/06\/dia_mundial_arbol-scaled-1-768x574.jpg 768w, https:\/\/diariodominicano.com\/wp-content\/uploads\/2024\/06\/dia_mundial_arbol-scaled-1-1536x1148.jpg 1536w, https:\/\/diariodominicano.com\/wp-content\/uploads\/2024\/06\/dia_mundial_arbol-scaled-1-2048x1531.jpg 2048w, https:\/\/diariodominicano.com\/wp-content\/uploads\/2024\/06\/dia_mundial_arbol-scaled-1-816x610.jpg 816w\" sizes=\"auto, (max-width: 1024px) 100vw, 1024px\" \/><\/figure>\n\n\n\n<p>Las alteraciones producidas por el cambio clim\u00e1tico generan niveles de acumulaci\u00f3n de combustible en los bosques, incrementando la incidencia, durabilidad e intensidad de los incendios forestales.<\/p>\n\n\n\n<p>Por otra parte, la tala indiscriminada afecta la p\u00e9rdida del h\u00e1bitat de diversas especies animales y vegetales, disminuyendo la fertilidad de los suelos y la posibilidad de regeneraci\u00f3n de superficies arb\u00f3reas.<\/p>\n\n\n\n<p>Existen numerosas organizaciones ecologistas que promueven una conciencia de protecci\u00f3n y conservaci\u00f3n de estos ecosistemas (bosques y \u00e1rboles) mediante un uso adecuado de los recursos naturales existentes. Es fundamental que los gobiernos del mundo apliquen medidas y pol\u00edticas que contribuyan a frenar los efectos del cambio clim\u00e1tico y la tala indiscriminada.<\/p>\n\n\n\n<p>Anualmente cada pa\u00eds celebra el d\u00eda del \u00e1rbol, realizando actividades para promover la importancia de conservar y regenerar los bosques y \u00e1rboles:<\/p>\n\n\n\n<p>\u00b7&nbsp;&nbsp;&nbsp;&nbsp;&nbsp;&nbsp;&nbsp;&nbsp;&nbsp;Siembra de \u00e1rboles.<\/p>\n\n\n\n<p>\u00b7&nbsp;&nbsp;&nbsp;&nbsp;&nbsp;&nbsp;&nbsp;&nbsp;&nbsp;Limpieza de bosques.<\/p>\n\n\n\n<p>\u00b7&nbsp;&nbsp;&nbsp;&nbsp;&nbsp;&nbsp;&nbsp;&nbsp;&nbsp;Actividades de esparcimiento y de contacto con la naturaleza.<\/p>\n\n\n\n<p>\u00b7&nbsp;&nbsp;&nbsp;&nbsp;&nbsp;&nbsp;&nbsp;&nbsp;&nbsp;Jornadas educativas sobre el cuidado y protecci\u00f3n de \u00e1rboles.<\/p>\n\n\n\n<p><strong><em>&nbsp;\u201cCuando plantamos \u00e1rboles, plantamos semillas para la paz y esperanza de la humanidad\u201d Am\u00edn Cruz<\/em><\/strong><\/p>\n\n\n\n<p>Dr. Am\u00edn Cruz CEO Presidente Fundador del Congreso Hispanoamericano de Prensa y del Congreso Mundial de Prensa, Padre embajador del Periodismo Hispanoamericano y Latinoamericano, diplom\u00e1tico, historiador, escritor, educador.<\/p>\n\n\n\n<p>Libre Press<\/p>\n\n\n\n<p><a href=\"mailto:libropress@gmail.com\" target=\"_blank\" rel=\"noreferrer noopener\">libropress@gmail.com<\/a><\/p>\n","protected":false},"excerpt":{"rendered":"<p>Por Dr. Am\u00edn Cruz \u201cNuestro medio ambiente global est\u00e1 siendo degradado por nuestras elecciones insostenibles. La forma en que consumimos los recursos naturales est\u00e1 acelerando la p\u00e9rdida de biodiversidad y exacerbando el cambio clim\u00e1tico. En este D\u00eda Internacional, insto a todos los gobiernos, las empresas y la sociedad civil a que adopten medidas urgentes para [&hellip;]<\/p>\n","protected":false},"author":2,"featured_media":541443,"comment_status":"closed","ping_status":"closed","sticky":false,"template":"","format":"standard","meta":{"footnotes":""},"categories":[36,20,25,19,16],"tags":[],"class_list":["post-541442","post","type-post","status-publish","format-standard","has-post-thumbnail","hentry","category-hombresmujeresycosas","category-dominicana-hoy","category-gente","category-mi-voz","category-opiniones"],"_links":{"self":[{"href":"https:\/\/diariodominicano.com\/index.php?rest_route=\/wp\/v2\/posts\/541442","targetHints":{"allow":["GET"]}}],"collection":[{"href":"https:\/\/diariodominicano.com\/index.php?rest_route=\/wp\/v2\/posts"}],"about":[{"href":"https:\/\/diariodominicano.com\/index.php?rest_route=\/wp\/v2\/types\/post"}],"author":[{"embeddable":true,"href":"https:\/\/diariodominicano.com\/index.php?rest_route=\/wp\/v2\/users\/2"}],"replies":[{"embeddable":true,"href":"https:\/\/diariodominicano.com\/index.php?rest_route=%2Fwp%2Fv2%2Fcomments&post=541442"}],"version-history":[{"count":2,"href":"https:\/\/diariodominicano.com\/index.php?rest_route=\/wp\/v2\/posts\/541442\/revisions"}],"predecessor-version":[{"id":541447,"href":"https:\/\/diariodominicano.com\/index.php?rest_route=\/wp\/v2\/posts\/541442\/revisions\/541447"}],"wp:featuredmedia":[{"embeddable":true,"href":"https:\/\/diariodominicano.com\/index.php?rest_route=\/wp\/v2\/media\/541443"}],"wp:attachment":[{"href":"https:\/\/diariodominicano.com\/index.php?rest_route=%2Fwp%2Fv2%2Fmedia&parent=541442"}],"wp:term":[{"taxonomy":"category","embeddable":true,"href":"https:\/\/diariodominicano.com\/index.php?rest_route=%2Fwp%2Fv2%2Fcategories&post=541442"},{"taxonomy":"post_tag","embeddable":true,"href":"https:\/\/diariodominicano.com\/index.php?rest_route=%2Fwp%2Fv2%2Ftags&post=541442"}],"curies":[{"name":"wp","href":"https:\/\/api.w.org\/{rel}","templated":true}]}}