{"id":54140,"date":"2020-04-01T00:41:41","date_gmt":"2020-04-01T00:41:41","guid":{"rendered":"http:\/\/diariodominicano.ddns.net\/?p=54140"},"modified":"2020-04-01T00:41:41","modified_gmt":"2020-04-01T00:41:41","slug":"luperon-solicita-apoyo-de-los-paises-para-construir-un-monumento-a-colon","status":"publish","type":"post","link":"https:\/\/diariodominicano.com\/?p=54140","title":{"rendered":"Luper\u00f3n  solicita apoyo de los pa\u00edses  para construir un monumento a Col\u00f3n"},"content":{"rendered":"<p><body><\/p>\n<p><strong>Diariodominicano.com<\/strong><\/p>\n<p><strong> Luper\u00f3n  solicita apoyo de los pa\u00edses para construir un monumento a Col\u00f3n<\/strong><\/p>\n<p> En el momento que se adopt\u00f3 la medida, los restos de Col\u00f3n se encontraban en la Catedral de Santo Domingo.<\/p>\n<p><strong>Por HTN<\/strong><\/p>\n<p><strong>Diariodominicano.com<\/strong><\/p>\n<p><strong> SANTO DOMINGO, El  1 de abril de 1880<\/strong>, el Gobierno del Presidente Gregorio Luper\u00f3n,  solicit\u00f3 la colaboraci\u00f3n de gobiernos de Am\u00e9rica y Europa para construir un monumento en el que se colocar\u00edan las cenizas de Crist\u00f3bal Col\u00f3n.<\/p>\n<\/p>\n<p>    En el momento que se adopt\u00f3 la medida, los restos de Col\u00f3n se encontraban en la Catedral de Santo Domingo.<\/p>\n<\/p>\n<p>   Desde el 12 de octubre de 1992, descansan en el mausoleo que le fue construido en el Faro a Colon.<\/p>\n<\/p>\n<p>    Sin embargo, sobre la existencia de los restos de Crist\u00f3bal Col\u00f3n hay varias versiones: una da cuenta de que se encuentran en  Sevilla, Espa\u00f1a, otra que est\u00e1n en la Habana, y la m\u00e1s socorrida que son los que est\u00e1n en el Faro a Col\u00f3n.<\/p>\n<\/p>\n<\/p>\n<h6> 2020-04-01 00:41:41 <\/h6>\n<p><!--\n<link rel=\"stylesheet\" href=\"css\/bootstrap.min.css\">\n\n\n<ul class=\"pagination\">\n\t    \n\t\n\n<li >\n\t<a href='?page_no=630'>Previous<\/a>\n\t<\/li>\n\n\n       \n    \n\n<li><a href='?page_no=1'>1<\/a><\/li>\n\n\n\n<li><a href='?page_no=2'>2<\/a><\/li>\n\n\n\n<li><a>...<\/a><\/li>\n\n\n\n<li><a href='?page_no=629'>629<\/a><\/li>\n\n\n\n<li><a href='?page_no=630'>630<\/a><\/li>\n\n\n\n<li class='active'><a>631<\/a><\/li>\n\n\n\n<li><a href='?page_no=632'>632<\/a><\/li>\n\n\n\n<li><a href='?page_no=633'>633<\/a><\/li>\n\n\n\n<li><a>...<\/a><\/li>\n\n\n\n<li><a href='?page_no=22911'>22911<\/a><\/li>\n\n\n\n<li><a href='?page_no=22912'>22912<\/a><\/li>\n\n    \n\t\n\n<li >\n\t<a href='?page_no=632'>Next<\/a>\n\t<\/li>\n\n\n    \n\n<li><a href='?page_no=22912'>Last &rsaquo;&rsaquo;<\/a><\/li>\n\n<\/ul>\n\n\n--><br \/>\n<\/body><\/p>\n","protected":false},"excerpt":{"rendered":"<p>Diariodominicano.com Luper\u00f3n solicita apoyo de los pa\u00edses para construir un monumento a Col\u00f3n En el momento que se adopt\u00f3 la medida, los restos de Col\u00f3n se encontraban en la Catedral de Santo Domingo. Por HTN Diariodominicano.com SANTO DOMINGO, El 1 de abril de 1880, el Gobierno del Presidente Gregorio Luper\u00f3n, solicit\u00f3 la colaboraci\u00f3n de gobiernos [&hellip;]<\/p>\n","protected":false},"author":3,"featured_media":0,"comment_status":"open","ping_status":"open","sticky":false,"template":"","format":"standard","meta":{"footnotes":""},"categories":[21],"tags":[],"class_list":["post-54140","post","type-post","status-publish","format-standard","hentry","category-cultura"],"_links":{"self":[{"href":"https:\/\/diariodominicano.com\/index.php?rest_route=\/wp\/v2\/posts\/54140","targetHints":{"allow":["GET"]}}],"collection":[{"href":"https:\/\/diariodominicano.com\/index.php?rest_route=\/wp\/v2\/posts"}],"about":[{"href":"https:\/\/diariodominicano.com\/index.php?rest_route=\/wp\/v2\/types\/post"}],"author":[{"embeddable":true,"href":"https:\/\/diariodominicano.com\/index.php?rest_route=\/wp\/v2\/users\/3"}],"replies":[{"embeddable":true,"href":"https:\/\/diariodominicano.com\/index.php?rest_route=%2Fwp%2Fv2%2Fcomments&post=54140"}],"version-history":[{"count":0,"href":"https:\/\/diariodominicano.com\/index.php?rest_route=\/wp\/v2\/posts\/54140\/revisions"}],"wp:attachment":[{"href":"https:\/\/diariodominicano.com\/index.php?rest_route=%2Fwp%2Fv2%2Fmedia&parent=54140"}],"wp:term":[{"taxonomy":"category","embeddable":true,"href":"https:\/\/diariodominicano.com\/index.php?rest_route=%2Fwp%2Fv2%2Fcategories&post=54140"},{"taxonomy":"post_tag","embeddable":true,"href":"https:\/\/diariodominicano.com\/index.php?rest_route=%2Fwp%2Fv2%2Ftags&post=54140"}],"curies":[{"name":"wp","href":"https:\/\/api.w.org\/{rel}","templated":true}]}}