{"id":54129,"date":"2020-04-01T00:45:33","date_gmt":"2020-04-01T00:45:33","guid":{"rendered":"http:\/\/diariodominicano.ddns.net\/?p=54129"},"modified":"2020-04-01T00:45:33","modified_gmt":"2020-04-01T00:45:33","slug":"gobierno-de-haiti-rompe-relaciones-con-las-colonias-de-espana","status":"publish","type":"post","link":"https:\/\/diariodominicano.com\/?p=54129","title":{"rendered":"Gobierno de Hait\u00ed rompe relaciones con las colonias de Espa\u00f1a"},"content":{"rendered":"<p><body><\/p>\n<p><strong>Diariodominicano.com<\/strong><\/p>\n<p><strong>Gobierno de Hait\u00ed rompe relaciones con las colonias de Espa\u00f1a<\/strong><\/p>\n<p><strong>SANTO DOMINGO, el  1 de abril de 1826,<\/strong> el presidente de Hait\u00ed, Jean Pierre  Boyer rompi\u00f3 relaciones comerciales con las colonias de Espa\u00f1a y Francia en el Caribe, como protesta  a las peticiones de las naciones europeas para que el Gobierno haitiano saliera de la parte Este de la isla de Santo Domingo,  la  antigua  colonia del Santo Domingo Espa\u00f1ol.<\/p>\n<\/p>\n<p>    El objetivo de Francia y Espa\u00f1a, era que Hait\u00ed cesara la ocupaci\u00f3n de Santo Domingo, y de esa manera respetara  la soberan\u00eda espa\u00f1ola en su antigua colonia, desde 1844,  Rep\u00fablica Dominicana.<\/p>\n<\/p>\n<p>    Como reacci\u00f3n de protesta, el presidente  Boyer  rompi\u00f3 relaciones comerciales con todas las islas que eran colonias de Espa\u00f1a y Francia en las antillas.  S\u00f3lo dej\u00f3 abiertas las relaciones con Curazao y Saint Thomas, posesiones de Holanda e Inglaterra.<\/p>\n<\/p>\n<p>    La ocupaci\u00f3n haitiana se hab\u00eda iniciado  el 8 de febrero de 1822 y se prolong\u00f3 hasta el 27 de febrero de 1844, cuando fue proclamada la Rep\u00fablica Dominicana.<\/p>\n<\/p>\n<h6> 2020-04-01 00:45:33 <\/h6>\n<p><!--\n<link rel=\"stylesheet\" href=\"css\/bootstrap.min.css\">\n\n\n<ul class=\"pagination\">\n\t    \n\t\n\n<li >\n\t<a href='?page_no=629'>Previous<\/a>\n\t<\/li>\n\n\n       \n    \n\n<li><a href='?page_no=1'>1<\/a><\/li>\n\n\n\n<li><a href='?page_no=2'>2<\/a><\/li>\n\n\n\n<li><a>...<\/a><\/li>\n\n\n\n<li><a href='?page_no=628'>628<\/a><\/li>\n\n\n\n<li><a href='?page_no=629'>629<\/a><\/li>\n\n\n\n<li class='active'><a>630<\/a><\/li>\n\n\n\n<li><a href='?page_no=631'>631<\/a><\/li>\n\n\n\n<li><a href='?page_no=632'>632<\/a><\/li>\n\n\n\n<li><a>...<\/a><\/li>\n\n\n\n<li><a href='?page_no=22911'>22911<\/a><\/li>\n\n\n\n<li><a href='?page_no=22912'>22912<\/a><\/li>\n\n    \n\t\n\n<li >\n\t<a href='?page_no=631'>Next<\/a>\n\t<\/li>\n\n\n    \n\n<li><a href='?page_no=22912'>Last &rsaquo;&rsaquo;<\/a><\/li>\n\n<\/ul>\n\n\n--><br \/>\n<\/body><\/p>\n","protected":false},"excerpt":{"rendered":"<p>Diariodominicano.com Gobierno de Hait\u00ed rompe relaciones con las colonias de Espa\u00f1a SANTO DOMINGO, el 1 de abril de 1826, el presidente de Hait\u00ed, Jean Pierre Boyer rompi\u00f3 relaciones comerciales con las colonias de Espa\u00f1a y Francia en el Caribe, como protesta a las peticiones de las naciones europeas para que el Gobierno haitiano saliera de [&hellip;]<\/p>\n","protected":false},"author":3,"featured_media":0,"comment_status":"open","ping_status":"open","sticky":false,"template":"","format":"standard","meta":{"footnotes":""},"categories":[21],"tags":[],"class_list":["post-54129","post","type-post","status-publish","format-standard","hentry","category-cultura"],"_links":{"self":[{"href":"https:\/\/diariodominicano.com\/index.php?rest_route=\/wp\/v2\/posts\/54129","targetHints":{"allow":["GET"]}}],"collection":[{"href":"https:\/\/diariodominicano.com\/index.php?rest_route=\/wp\/v2\/posts"}],"about":[{"href":"https:\/\/diariodominicano.com\/index.php?rest_route=\/wp\/v2\/types\/post"}],"author":[{"embeddable":true,"href":"https:\/\/diariodominicano.com\/index.php?rest_route=\/wp\/v2\/users\/3"}],"replies":[{"embeddable":true,"href":"https:\/\/diariodominicano.com\/index.php?rest_route=%2Fwp%2Fv2%2Fcomments&post=54129"}],"version-history":[{"count":0,"href":"https:\/\/diariodominicano.com\/index.php?rest_route=\/wp\/v2\/posts\/54129\/revisions"}],"wp:attachment":[{"href":"https:\/\/diariodominicano.com\/index.php?rest_route=%2Fwp%2Fv2%2Fmedia&parent=54129"}],"wp:term":[{"taxonomy":"category","embeddable":true,"href":"https:\/\/diariodominicano.com\/index.php?rest_route=%2Fwp%2Fv2%2Fcategories&post=54129"},{"taxonomy":"post_tag","embeddable":true,"href":"https:\/\/diariodominicano.com\/index.php?rest_route=%2Fwp%2Fv2%2Ftags&post=54129"}],"curies":[{"name":"wp","href":"https:\/\/api.w.org\/{rel}","templated":true}]}}