{"id":54128,"date":"2020-11-11T01:47:30","date_gmt":"2020-11-11T01:47:30","guid":{"rendered":"http:\/\/diariodominicano.ddns.net\/?p=54128"},"modified":"2020-11-11T01:47:30","modified_gmt":"2020-11-11T01:47:30","slug":"ignacio-maria-gonzalez-juramentado-presidente-de-la-republica-dominicana-2","status":"publish","type":"post","link":"https:\/\/diariodominicano.com\/?p=54128","title":{"rendered":"Ignacio Mar\u00eda Gonz\u00e1lez juramentado presidente de la Rep\u00fablica Dominicana"},"content":{"rendered":"<p><body><\/p>\n<p><img decoding=\"async\" src=\"img3\/Ignacio00.jpg.jpg\" \/>  <\/p>\n<p><strong>Diariodominicano.com<\/strong><\/p>\n<p><strong>Ignacio Mar\u00eda Gonz\u00e1lez juramentado presidente de la Rep\u00fablica Dominicana<\/strong><\/p>\n<p><strong>SANTO DOMINGO, el  11 de noviembre de 1876,<\/strong>  fue juramentado Presidente de la Rep\u00fablica el general Ignacio Mar\u00eda Gonz\u00e1lez.  Sustituy\u00f3 a la Junta de Gobierno que se form\u00f3  cuando fue derrocado el Presidente Ulises Francisco Espaillat.<\/p>\n<\/p>\n<p>     El Gobierno de Ignacio Mar\u00eda Gonz\u00e1lez no logr\u00f3 concitar apoyo en las principales fuerzas del pa\u00eds y al poco tiempo fue derrocado por un movimiento militar liderado por Buenaventura B\u00e1ez.<\/p>\n<\/p>\n<p>     Ulises Espaillat fue derrocado por un Movimiento militar que encabez\u00f3 el general  Gonz\u00e1lez.<\/p>\n<\/p>\n<p>    Al caer el Gobierno, fue nombrada una Junta Gubernativa integrada por Pedro T. Garrido, Jos\u00e9 de Jes\u00fas de Castro, Juan Bautista Zafra, Pablo L\u00f3pez Villanueva, Jos\u00e9 Caminero, Fidel Rodr\u00edguez Urdaneta y Juan Ariza.<\/p>\n<\/p>\n<p>     Ulises Francisco Espaillat  fue uno de los sustentadores del pensamiento liberal en la Rep\u00fablica Dominicana. Desde muy joven ocup\u00f3 funciones p\u00fablicas. <\/p>\n<\/p>\n<p>    Expuso sus ideas democr\u00e1ticas en la revoluci\u00f3n de 1857, en la guerra de la Restauraci\u00f3n y contra el Gobierno del Presidente Buenaventura B\u00e1ez.<\/p>\n<\/p>\n<p>     En el a\u00f1o 1863 fue escogido Vicepresidente de la Rep\u00fablica en el Gobierno provisional de la Restauraci\u00f3n.<\/p>\n<\/p>\n<p>    Espaillat hab\u00eda sido  elegido Presidente de la Rep\u00fablica en las elecciones del  24 de Marzo de 1876, con el apoyo del Partido Azul, liderado por el pr\u00f3cer Gregorio Luper\u00f3n.<\/p>\n<\/p>\n<p>     Una cr\u00f3nica de la \u00e9poca indica que desde que asumi\u00f3 el Gobierno trat\u00f3 de materializar sus ideas sobre la organizaci\u00f3n del Estado, especialmente en  la pol\u00edtica econ\u00f3mica  y la forma  de la administraci\u00f3n p\u00fablica. <\/p>\n<\/p>\n<p>   Tambi\u00e9n  defendi\u00f3 el derecho de la prensa a informar sin atadura.<\/p>\n<\/p>\n<p>      Ulises Francisco Espaillat,  muri\u00f3 en la ciudad de Santiago de los Caballeros, el 25 de Abril  de 1878.<\/p>\n<\/p>\n<\/p>\n<h6> 2020-11-11 01:47:30 <\/h6>\n<p><!--\n<link rel=\"stylesheet\" href=\"css\/bootstrap.min.css\">\n\n\n<ul class=\"pagination\">\n\t    \n\t\n\n<li >\n\t<a href='?page_no=62'>Previous<\/a>\n\t<\/li>\n\n\n       \n    \n\n<li><a href='?page_no=1'>1<\/a><\/li>\n\n\n\n<li><a href='?page_no=2'>2<\/a><\/li>\n\n\n\n<li><a>...<\/a><\/li>\n\n\n\n<li><a href='?page_no=61'>61<\/a><\/li>\n\n\n\n<li><a href='?page_no=62'>62<\/a><\/li>\n\n\n\n<li class='active'><a>63<\/a><\/li>\n\n\n\n<li><a href='?page_no=64'>64<\/a><\/li>\n\n\n\n<li><a href='?page_no=65'>65<\/a><\/li>\n\n\n\n<li><a>...<\/a><\/li>\n\n\n\n<li><a href='?page_no=22911'>22911<\/a><\/li>\n\n\n\n<li><a href='?page_no=22912'>22912<\/a><\/li>\n\n    \n\t\n\n<li >\n\t<a href='?page_no=64'>Next<\/a>\n\t<\/li>\n\n\n    \n\n<li><a href='?page_no=22912'>Last &rsaquo;&rsaquo;<\/a><\/li>\n\n<\/ul>\n\n\n--><br \/>\n<\/body><\/p>\n","protected":false},"excerpt":{"rendered":"<p>Diariodominicano.com Ignacio Mar\u00eda Gonz\u00e1lez juramentado presidente de la Rep\u00fablica Dominicana SANTO DOMINGO, el 11 de noviembre de 1876, fue juramentado Presidente de la Rep\u00fablica el general Ignacio Mar\u00eda Gonz\u00e1lez. Sustituy\u00f3 a la Junta de Gobierno que se form\u00f3 cuando fue derrocado el Presidente Ulises Francisco Espaillat. El Gobierno de Ignacio Mar\u00eda Gonz\u00e1lez no logr\u00f3 concitar [&hellip;]<\/p>\n","protected":false},"author":3,"featured_media":0,"comment_status":"open","ping_status":"open","sticky":false,"template":"","format":"standard","meta":{"footnotes":""},"categories":[21],"tags":[],"class_list":["post-54128","post","type-post","status-publish","format-standard","hentry","category-cultura"],"_links":{"self":[{"href":"https:\/\/diariodominicano.com\/index.php?rest_route=\/wp\/v2\/posts\/54128","targetHints":{"allow":["GET"]}}],"collection":[{"href":"https:\/\/diariodominicano.com\/index.php?rest_route=\/wp\/v2\/posts"}],"about":[{"href":"https:\/\/diariodominicano.com\/index.php?rest_route=\/wp\/v2\/types\/post"}],"author":[{"embeddable":true,"href":"https:\/\/diariodominicano.com\/index.php?rest_route=\/wp\/v2\/users\/3"}],"replies":[{"embeddable":true,"href":"https:\/\/diariodominicano.com\/index.php?rest_route=%2Fwp%2Fv2%2Fcomments&post=54128"}],"version-history":[{"count":0,"href":"https:\/\/diariodominicano.com\/index.php?rest_route=\/wp\/v2\/posts\/54128\/revisions"}],"wp:attachment":[{"href":"https:\/\/diariodominicano.com\/index.php?rest_route=%2Fwp%2Fv2%2Fmedia&parent=54128"}],"wp:term":[{"taxonomy":"category","embeddable":true,"href":"https:\/\/diariodominicano.com\/index.php?rest_route=%2Fwp%2Fv2%2Fcategories&post=54128"},{"taxonomy":"post_tag","embeddable":true,"href":"https:\/\/diariodominicano.com\/index.php?rest_route=%2Fwp%2Fv2%2Ftags&post=54128"}],"curies":[{"name":"wp","href":"https:\/\/api.w.org\/{rel}","templated":true}]}}