{"id":541230,"date":"2024-06-28T14:37:54","date_gmt":"2024-06-28T18:37:54","guid":{"rendered":"https:\/\/diariodominicano.com\/?p=541230"},"modified":"2024-06-28T14:44:49","modified_gmt":"2024-06-28T18:44:49","slug":"el-experto-en-wedding-planners-pedro-vargas-ofrecio-el-conversatorio-gastronomia-en-tu-bodauna-experiencia-sensorial-en-el-marco-de-the-wedding-event","status":"publish","type":"post","link":"https:\/\/diariodominicano.com\/?p=541230","title":{"rendered":"El experto en wedding planners, Pedro Vargas, ofreci\u00f3 el conversatorio \u201cGastronom\u00eda en tu boda\u2026Una experiencia sensorial\u201d en el marco de \u201cThe Wedding Event\u201d"},"content":{"rendered":"\n<p><strong>Paola Graciela Vargas, Patricia Acosta y Pedro Vargas<\/strong><\/p>\n\n\n\n<p><strong>SANTO DOMINGO, RD<\/strong><strong>. _<\/strong>\u00a0En el marco de la celebraci\u00f3n del evento \u201cThe Wedding Event\u201d Pedro Vargas, presidente de Vargas Catering, ofreci\u00f3 el conversatorio \u201cGastronom\u00eda en tu boda\u2026Una experiencia sensorial\u201d, en el cual desarroll\u00f3 5 experiencias gastron\u00f3micas que estimulan los sentidos.<\/p>\n\n\n\n<p>Vargas inici\u00f3 su exposici\u00f3n con las experiencias sensoriales tem\u00e1ticas, un emocionante enfoque culinario que sumerge a los comensales en un mundo de sensaciones y emociones relacionadas con un tema espec\u00edfico.<\/p>\n\n\n\n<p><\/p>\n\n\n\n<p>A su entender, cada detalle desde la decoraci\u00f3n hasta la m\u00fasica contribuye a crear una atm\u00f3sfera envolvente y \u00fanica, en la cual cada platillo preparado cuenta una historia y es una pieza clave en el rompecabezas sensorial que se va armando durante toda la experiencia.<\/p>\n\n\n\n<p>El presidente de Vargas Catering continu\u00f3 su exposici\u00f3n con las experiencias de degustaci\u00f3n multisensoriales, puntualizando que en esta vertiente algunos restaurantes utilizan tecnolog\u00eda innovadora, como proyecciones visuales&nbsp;y auriculares con sonido ambiente, para enriquecer la experiencia gastron\u00f3mica.<\/p>\n\n\n\n<p>Otro tema que incluy\u00f3 este conversatorio fue el de cenas a ciegas, explicando que la idea detr\u00e1s de esta pr\u00e1ctica gastron\u00f3mica es eliminar la influencia visual en la percepci\u00f3n de los sabores, para centrarse en la apreciaci\u00f3n de los ingredientes con los otros sentidos. \u201cLa din\u00e1mica de las cenas a ciegas es que&nbsp;los comensales se sientan en un ambiente muy oscuro o con los ojos vendados, sin saber qu\u00e9 est\u00e1n a punto de saborear\u201d.<\/p>\n\n\n\n<p>Su exposici\u00f3n tambi\u00e9n abarc\u00f3 el interesante contenido de la cocina en vivo tambi\u00e9n conocida como&nbsp;\u201cLive Cooking Experience\u201d que involucra a los clientes en el proceso de elaboraci\u00f3n de la comida, brindando una experiencia interactiva y educativa al permitirles ser testigos y participantes directos del proceso culinario.<\/p>\n\n\n\n<p>Su intervenci\u00f3n durante \u201cThe Wedding Event\u201d concluy\u00f3 con las experiencias de cocina participativa, conocida tambi\u00e9n como&nbsp;\u201cHands-on Cooking Experience\u201d, en esta gastro experiencia interactiva los comensales se convierten en protagonistas de su propia creaci\u00f3n culinaria, al adentrarse en el mundo de la cocina, bajo la gu\u00eda de chefs expertos o maestros culinarios.<\/p>\n\n\n\n<p>Es importante destacar que durante su intervenci\u00f3n los invitados degustaron de un selecto men\u00fa preparado exclusivamente para la ocasi\u00f3n que consisti\u00f3 en Sandwichitos de Pimientos Rojos Aromatizados con Romero y Esp\u00e1rragos al Dijon, Arroz Sofrito con Verduras Topeado con Huevos de Codorniz, Tartica de Guinea al Oporto sobre Jaspeado de Roquefort, Salpic\u00f3n de Camarones con Mango y Ensartado de Queso Feta con Menta, Kalamanto y Blueberry.<\/p>\n\n\n\n<p><strong>Acerca de Vargas Catering<\/strong><strong>:<\/strong><\/p>\n\n\n\n<p>Son expertos en montar eventos \u00fanicos que perduren en el recuerdo. Cuentan con una variada carta de platos y servicios capaz de satisfacer el inter\u00e9s y la imaginaci\u00f3n de todos los comensales.<\/p>\n\n\n\n<p>Trabajan solo con productos de primera calidad. Sus procesos de recepci\u00f3n, elaboraci\u00f3n y despacho son fieles a las normas internacionales de higiene y calidad.<\/p>\n\n\n\n<p>Con un personal que est\u00e1 listo para ofrecer soluciones adecuadas con la mayor optimizaci\u00f3n de los presupuestos. Orientados a satisfacer la necesidad del cliente, brindamos la m\u00e1s alta calidad en asesor\u00eda y coordinaci\u00f3n general, log\u00edstica y organizaci\u00f3n, puntualidad, recursos y equipos propios y experiencia garantizada<\/p>\n\n\n\n<p>Henry Coradin<\/p>\n\n\n\n<p><a href=\"mailto:henrycoradinrelacionespublicas@gmail.com\" target=\"_blank\" rel=\"noreferrer noopener\">henrycoradinrelacionespublicas@gmail.co<\/a>m<\/p>\n","protected":false},"excerpt":{"rendered":"<p>Paola Graciela Vargas, Patricia Acosta y Pedro Vargas SANTO DOMINGO, RD. _\u00a0En el marco de la celebraci\u00f3n del evento \u201cThe Wedding Event\u201d Pedro Vargas, presidente de Vargas Catering, ofreci\u00f3 el conversatorio \u201cGastronom\u00eda en tu boda\u2026Una experiencia sensorial\u201d, en el cual desarroll\u00f3 5 experiencias gastron\u00f3micas que estimulan los sentidos. Vargas inici\u00f3 su exposici\u00f3n con las experiencias [&hellip;]<\/p>\n","protected":false},"author":2,"featured_media":541235,"comment_status":"closed","ping_status":"closed","sticky":false,"template":"","format":"standard","meta":{"footnotes":""},"categories":[21,36,25],"tags":[],"class_list":["post-541230","post","type-post","status-publish","format-standard","has-post-thumbnail","hentry","category-cultura","category-hombresmujeresycosas","category-gente"],"_links":{"self":[{"href":"https:\/\/diariodominicano.com\/index.php?rest_route=\/wp\/v2\/posts\/541230","targetHints":{"allow":["GET"]}}],"collection":[{"href":"https:\/\/diariodominicano.com\/index.php?rest_route=\/wp\/v2\/posts"}],"about":[{"href":"https:\/\/diariodominicano.com\/index.php?rest_route=\/wp\/v2\/types\/post"}],"author":[{"embeddable":true,"href":"https:\/\/diariodominicano.com\/index.php?rest_route=\/wp\/v2\/users\/2"}],"replies":[{"embeddable":true,"href":"https:\/\/diariodominicano.com\/index.php?rest_route=%2Fwp%2Fv2%2Fcomments&post=541230"}],"version-history":[{"count":3,"href":"https:\/\/diariodominicano.com\/index.php?rest_route=\/wp\/v2\/posts\/541230\/revisions"}],"predecessor-version":[{"id":541236,"href":"https:\/\/diariodominicano.com\/index.php?rest_route=\/wp\/v2\/posts\/541230\/revisions\/541236"}],"wp:featuredmedia":[{"embeddable":true,"href":"https:\/\/diariodominicano.com\/index.php?rest_route=\/wp\/v2\/media\/541235"}],"wp:attachment":[{"href":"https:\/\/diariodominicano.com\/index.php?rest_route=%2Fwp%2Fv2%2Fmedia&parent=541230"}],"wp:term":[{"taxonomy":"category","embeddable":true,"href":"https:\/\/diariodominicano.com\/index.php?rest_route=%2Fwp%2Fv2%2Fcategories&post=541230"},{"taxonomy":"post_tag","embeddable":true,"href":"https:\/\/diariodominicano.com\/index.php?rest_route=%2Fwp%2Fv2%2Ftags&post=541230"}],"curies":[{"name":"wp","href":"https:\/\/api.w.org\/{rel}","templated":true}]}}